{"id":4007,"date":"2025-02-11T15:09:17","date_gmt":"2025-02-11T18:09:17","guid":{"rendered":"https:\/\/diarioparanaense.com\/?p=4007"},"modified":"2025-02-11T15:09:18","modified_gmt":"2025-02-11T18:09:18","slug":"grupo-potencial-prepara-grande-reinauguracao-de-posto-em-curitiba-para-celebrar-o-lancamento-da-nova-identidade-visual","status":"publish","type":"post","link":"https:\/\/diarioparanaense.com\/?p=4007","title":{"rendered":"Grupo Potencial prepara grande reinaugura\u00e7\u00e3o de posto em Curitiba para celebrar o lan\u00e7amento da nova identidade visual"},"content":{"rendered":"\n<p class=\"has-medium-font-size\">Com um design moderno e arrojado, a nova identidade visual traz uma fachada renovada, totens modernos, sinaliza\u00e7\u00e3o aprimorada e elementos que refletem a inova\u00e7\u00e3o e o compromisso da rede com o futuro; inaugura\u00e7\u00e3o que acontecer\u00e1 no pr\u00f3ximo dia 14\/02 ter\u00e1 a\u00e7\u00f5es para o p\u00fablico e a presen\u00e7a de piloto da Stock Car<\/p>\n\n\n\n<p>Quem transita pela regi\u00e3o do bairro Santo In\u00e1cio, pr\u00f3ximo ao Parque Barigui, agora ir\u00e1 se deparar com o novo visual do Posto Caminhos do Parque, do Grupo Potencial. O posto passou por uma revitaliza\u00e7\u00e3o a fim de oferecer um ambiente mais agrad\u00e1vel e eficiente para os clientes. O posto ser\u00e1 reinaugurado no pr\u00f3ximo dia 14, com mudan\u00e7as significativas e estrat\u00e9gicas.<\/p>\n\n\n\n<p>Wladem Mecatti, especialista em relacionamento com o cliente do Grupo Potencial, explica que a iniciativa se trata de um retrofit, um processo de moderniza\u00e7\u00e3o de toda a infraestrutura do posto. O novo layout traz f\u00e1cil acessibilidade e tamb\u00e9m deve otimizar a experi\u00eancia dos clientes, facilitando o acesso ao servi\u00e7o com mais conforto e efici\u00eancia. Todo o espa\u00e7o recebeu melhorias com nova pintura, novos equipamentos, como totens de atendimento e publicidade, e tecnologias que ir\u00e3o agregar agilidade aos servi\u00e7os.<\/p>\n\n\n\n<p>Para Marilda Fernandes Doliveira, gerente do posto, a nova comunica\u00e7\u00e3o visual reafirma o compromisso da marca com os clientes. \u201cAl\u00e9m dos servi\u00e7os e da qualidade de nosso combust\u00edvel, agora contamos com um posto modelo, de f\u00e1cil acesso, pr\u00f3ximo ao Parque Barigui\u201d, diz. Com base na percep\u00e7\u00e3o do p\u00fablico, o novo projeto j\u00e1 gerou um impacto positivo, com maior destaque para a bandeira, design mais moderno e um layout mais minimalista, como relata a profissional. \u201cAl\u00e9m do posto Caminhos do Parque, mais de dez outros postos do Grupo Potencial ir\u00e3o receber o retrofit at\u00e9 o m\u00eas de mar\u00e7o de 2025\u201d, complementa a gerente.<\/p>\n\n\n\n<p>\u201cEste posto \u00e9 estrat\u00e9gico para a Potencial por estar localizado em uma capital. \u00c9 muito importante ter a nossa marca exposta em grandes cidades. As capitais geralmente s\u00e3o centros econ\u00f4micos e culturais, o que significa que h\u00e1 uma grande concentra\u00e7\u00e3o de consumidores, m\u00eddia e influenciadores. Isso traz maior visibilidade e oportunidade de aumentar o reconhecimento da marca\u201d, afirma Mecatti.<\/p>\n\n\n\n<p class=\"has-medium-font-size\">Atra\u00e7\u00f5es na inaugura\u00e7\u00e3o<\/p>\n\n\n\n<p>No dia 14 de fevereiro, o posto ser\u00e1 reinaugurado com o novo layout e a programa\u00e7\u00e3o inclui a\u00e7\u00f5es interativas da marca, distribui\u00e7\u00e3o de brindes, brincadeiras e sorteios. Zezinho Muggiati, piloto da Stock Car, \u00e9 presen\u00e7a confirmada no evento junto \u00e0 exposi\u00e7\u00e3o de um carro de corrida.<\/p>\n\n\n\n<p class=\"has-medium-font-size\">Servi\u00e7o<\/p>\n\n\n\n<p>Inaugura\u00e7\u00e3o Posto Caminhos do Parque<br>Quando: 14 de fevereiro, \u00e0s 14h30<br>Onde: Av. C\u00e2ndido Hartmann, 3573 &#8211; Santo In\u00e1cio, Curitiba \u2013 PR<\/p>\n","protected":false},"excerpt":{"rendered":"<p>Com um design moderno e arrojado, a nova identidade visual traz uma fachada renovada, totens modernos, sinaliza\u00e7\u00e3o aprimorada e elementos que refletem a inova\u00e7\u00e3o e o compromisso da rede com o futuro; inaugura\u00e7\u00e3o que acontecer\u00e1 no pr\u00f3ximo dia 14\/02 ter\u00e1 a\u00e7\u00f5es para o p\u00fablico e a presen\u00e7a de piloto da Stock Car Quem transita pela [&hellip;]<\/p>\n","protected":false},"author":1,"featured_media":4008,"comment_status":"open","ping_status":"open","sticky":false,"template":"","format":"standard","meta":{"footnotes":""},"categories":[29],"tags":[],"class_list":["post-4007","post","type-post","status-publish","format-standard","has-post-thumbnail","hentry","category-artigos"],"_links":{"self":[{"href":"https:\/\/diarioparanaense.com\/index.php?rest_route=\/wp\/v2\/posts\/4007","targetHints":{"allow":["GET"]}}],"collection":[{"href":"https:\/\/diarioparanaense.com\/index.php?rest_route=\/wp\/v2\/posts"}],"about":[{"href":"https:\/\/diarioparanaense.com\/index.php?rest_route=\/wp\/v2\/types\/post"}],"author":[{"embeddable":true,"href":"https:\/\/diarioparanaense.com\/index.php?rest_route=\/wp\/v2\/users\/1"}],"replies":[{"embeddable":true,"href":"https:\/\/diarioparanaense.com\/index.php?rest_route=%2Fwp%2Fv2%2Fcomments&post=4007"}],"version-history":[{"count":1,"href":"https:\/\/diarioparanaense.com\/index.php?rest_route=\/wp\/v2\/posts\/4007\/revisions"}],"predecessor-version":[{"id":4009,"href":"https:\/\/diarioparanaense.com\/index.php?rest_route=\/wp\/v2\/posts\/4007\/revisions\/4009"}],"wp:featuredmedia":[{"embeddable":true,"href":"https:\/\/diarioparanaense.com\/index.php?rest_route=\/wp\/v2\/media\/4008"}],"wp:attachment":[{"href":"https:\/\/diarioparanaense.com\/index.php?rest_route=%2Fwp%2Fv2%2Fmedia&parent=4007"}],"wp:term":[{"taxonomy":"category","embeddable":true,"href":"https:\/\/diarioparanaense.com\/index.php?rest_route=%2Fwp%2Fv2%2Fcategories&post=4007"},{"taxonomy":"post_tag","embeddable":true,"href":"https:\/\/diarioparanaense.com\/index.php?rest_route=%2Fwp%2Fv2%2Ftags&post=4007"}],"curies":[{"name":"wp","href":"https:\/\/api.w.org\/{rel}","templated":true}]}}