{"id":3998,"date":"2025-02-07T11:09:10","date_gmt":"2025-02-07T14:09:10","guid":{"rendered":"https:\/\/diarioparanaense.com\/?p=3998"},"modified":"2025-02-07T11:09:10","modified_gmt":"2025-02-07T14:09:10","slug":"clube-curitibano-abre-as-inscricoes-para-seletiva-de-voleibol-feminino","status":"publish","type":"post","link":"https:\/\/diarioparanaense.com\/?p=3998","title":{"rendered":"Clube Curitibano abre as inscri\u00e7\u00f5es para seletiva de voleibol feminino"},"content":{"rendered":"\n<p>O Clube Curitibano realizar\u00e1 uma seletiva para atletas de voleibol feminino no dia 8 de fevereiro. A sele\u00e7\u00e3o ser\u00e1 feita por categorias de idade e posi\u00e7\u00e3o e o evento ocorre no Gin\u00e1sio Principal da Sede Bar\u00e3o do Serro Azul, nas quadras 1, 2 e 3. O acesso ser\u00e1 pelo port\u00e3o lateral do gin\u00e1sio, na Rua Petit Carneiro, 970, bairro \u00c1gua Verde.<\/p>\n\n\n\n<p>As inscri\u00e7\u00f5es s\u00e3o gratuitas e podem ser realizadas at\u00e9 o dia 6 de fevereiro clicando por meio do link &#8211; <a href=\"https:\/\/forms.gle\/DqWA8Ht1XsaPKLVeA\">https:\/\/forms.gle\/DqWA8Ht1XsaPKLVeA<\/a><\/p>\n\n\n\n<p><strong>Confira a programa\u00e7\u00e3o completa:<br><\/strong>09h00: Atletas nascidas em 2013 e 2014 \u2013 Todas as posi\u00e7\u00f5es.<br>10h30: Atletas nascidas em 2012 \u2013 Todas as posi\u00e7\u00f5es.<br>13h00: Atletas nascidas em 2011 \u2013 Apenas para ponteiras e centrais.<br>14h30: Atletas nascidas em 2010 \u2013 Apenas para centrais e opostas.<br>Atletas nascidas em 2009 \u2013 Apenas para centrais e l\u00edberos.<\/p>\n\n\n\n<p>Cada atleta pode levar um acompanhante no dia da seletiva. A programa\u00e7\u00e3o pode ser alterada de acordo com o n\u00famero de inscri\u00e7\u00f5es.<\/p>\n\n\n\n<p>Para mais informa\u00e7\u00f5es, entre em contato com a Secretaria de Esportes do Clube Curitibano pelo telefone (41) 3014-1949 ou whatsapp (41)&nbsp;99528-7722.<\/p>\n","protected":false},"excerpt":{"rendered":"<p>O Clube Curitibano realizar\u00e1 uma seletiva para atletas de voleibol feminino no dia 8 de fevereiro. A sele\u00e7\u00e3o ser\u00e1 feita por categorias de idade e posi\u00e7\u00e3o e o evento ocorre no Gin\u00e1sio Principal da Sede Bar\u00e3o do Serro Azul, nas quadras 1, 2 e 3. O acesso ser\u00e1 pelo port\u00e3o lateral do gin\u00e1sio, na Rua [&hellip;]<\/p>\n","protected":false},"author":1,"featured_media":3999,"comment_status":"open","ping_status":"open","sticky":false,"template":"","format":"standard","meta":{"footnotes":""},"categories":[29,159],"tags":[],"class_list":["post-3998","post","type-post","status-publish","format-standard","has-post-thumbnail","hentry","category-artigos","category-esportes"],"_links":{"self":[{"href":"https:\/\/diarioparanaense.com\/index.php?rest_route=\/wp\/v2\/posts\/3998","targetHints":{"allow":["GET"]}}],"collection":[{"href":"https:\/\/diarioparanaense.com\/index.php?rest_route=\/wp\/v2\/posts"}],"about":[{"href":"https:\/\/diarioparanaense.com\/index.php?rest_route=\/wp\/v2\/types\/post"}],"author":[{"embeddable":true,"href":"https:\/\/diarioparanaense.com\/index.php?rest_route=\/wp\/v2\/users\/1"}],"replies":[{"embeddable":true,"href":"https:\/\/diarioparanaense.com\/index.php?rest_route=%2Fwp%2Fv2%2Fcomments&post=3998"}],"version-history":[{"count":1,"href":"https:\/\/diarioparanaense.com\/index.php?rest_route=\/wp\/v2\/posts\/3998\/revisions"}],"predecessor-version":[{"id":4000,"href":"https:\/\/diarioparanaense.com\/index.php?rest_route=\/wp\/v2\/posts\/3998\/revisions\/4000"}],"wp:featuredmedia":[{"embeddable":true,"href":"https:\/\/diarioparanaense.com\/index.php?rest_route=\/wp\/v2\/media\/3999"}],"wp:attachment":[{"href":"https:\/\/diarioparanaense.com\/index.php?rest_route=%2Fwp%2Fv2%2Fmedia&parent=3998"}],"wp:term":[{"taxonomy":"category","embeddable":true,"href":"https:\/\/diarioparanaense.com\/index.php?rest_route=%2Fwp%2Fv2%2Fcategories&post=3998"},{"taxonomy":"post_tag","embeddable":true,"href":"https:\/\/diarioparanaense.com\/index.php?rest_route=%2Fwp%2Fv2%2Ftags&post=3998"}],"curies":[{"name":"wp","href":"https:\/\/api.w.org\/{rel}","templated":true}]}}