{"id":3995,"date":"2025-02-07T11:00:42","date_gmt":"2025-02-07T14:00:42","guid":{"rendered":"https:\/\/diarioparanaense.com\/?p=3995"},"modified":"2025-02-07T11:00:42","modified_gmt":"2025-02-07T14:00:42","slug":"trilha-formativa-2025-promove-capacitacao-para-educadores-na-sede-do-sinepe-pr","status":"publish","type":"post","link":"https:\/\/diarioparanaense.com\/?p=3995","title":{"rendered":"Trilha Formativa 2025 promove capacita\u00e7\u00e3o para educadores na sede do Sinepe\/PR"},"content":{"rendered":"\n<p class=\"has-medium-font-size\">Evento online e gratuito reuniu diretores e professores de escolas p\u00fablicas e particulares<\/p>\n\n\n\n<p>A Trilha Formativa 2025 aconteceu nos dias 05 e 06 de fevereiro, reunindo diretores e professores de escolas p\u00fablicas e particulares em uma programa\u00e7\u00e3o especial voltada \u00e0 qualifica\u00e7\u00e3o educacional. O evento foi organizado pela Escola Florescer, associada ao Sinepe\/PR. O encontro teve apoio do Sindicato das Escolas Particulares (Sinepe\/PR), e contou com transmiss\u00e3o ao vivo no YouTube.<\/p>\n\n\n\n<p>\u201cO evento trouxe temas pedag\u00f3gicos essenciais para fortalecer a pr\u00e1tica docente e oferecer um suporte ainda maior para este ano letivo. Essa troca de experi\u00eancias e conhecimentos \u00e9 fundamental para garantir um ensino cada vez mais qualificado\u201d, destacou o presidente do Sinepe\/PR, Haroldo Andriguetto J\u00fanior.<\/p>\n\n\n\n<p>Para Frank Guimar\u00e3es, diretor da Escola Florescer, o apoio do Sinepe\/PR foi fundamental para viabilizar o evento e garantir uma forma\u00e7\u00e3o de alta qualidade para os professores. &#8220;O evento permitiu que reun\u00edssemos professores, escolas e palestrantes de refer\u00eancia para atender \u00e0s reais necessidades de forma\u00e7\u00e3o do corpo docente. O evento teve o objetivo de levar conte\u00fados pedag\u00f3gicos essenciais para proporcionar momentos de aprendizado ainda mais produtivos para seus&nbsp;estudantes&#8221;.<\/p>\n","protected":false},"excerpt":{"rendered":"<p>Evento online e gratuito reuniu diretores e professores de escolas p\u00fablicas e particulares A Trilha Formativa 2025 aconteceu nos dias 05 e 06 de fevereiro, reunindo diretores e professores de escolas p\u00fablicas e particulares em uma programa\u00e7\u00e3o especial voltada \u00e0 qualifica\u00e7\u00e3o educacional. O evento foi organizado pela Escola Florescer, associada ao Sinepe\/PR. O encontro teve [&hellip;]<\/p>\n","protected":false},"author":1,"featured_media":3996,"comment_status":"open","ping_status":"open","sticky":false,"template":"","format":"standard","meta":{"footnotes":""},"categories":[29],"tags":[],"class_list":["post-3995","post","type-post","status-publish","format-standard","has-post-thumbnail","hentry","category-artigos"],"_links":{"self":[{"href":"https:\/\/diarioparanaense.com\/index.php?rest_route=\/wp\/v2\/posts\/3995","targetHints":{"allow":["GET"]}}],"collection":[{"href":"https:\/\/diarioparanaense.com\/index.php?rest_route=\/wp\/v2\/posts"}],"about":[{"href":"https:\/\/diarioparanaense.com\/index.php?rest_route=\/wp\/v2\/types\/post"}],"author":[{"embeddable":true,"href":"https:\/\/diarioparanaense.com\/index.php?rest_route=\/wp\/v2\/users\/1"}],"replies":[{"embeddable":true,"href":"https:\/\/diarioparanaense.com\/index.php?rest_route=%2Fwp%2Fv2%2Fcomments&post=3995"}],"version-history":[{"count":1,"href":"https:\/\/diarioparanaense.com\/index.php?rest_route=\/wp\/v2\/posts\/3995\/revisions"}],"predecessor-version":[{"id":3997,"href":"https:\/\/diarioparanaense.com\/index.php?rest_route=\/wp\/v2\/posts\/3995\/revisions\/3997"}],"wp:featuredmedia":[{"embeddable":true,"href":"https:\/\/diarioparanaense.com\/index.php?rest_route=\/wp\/v2\/media\/3996"}],"wp:attachment":[{"href":"https:\/\/diarioparanaense.com\/index.php?rest_route=%2Fwp%2Fv2%2Fmedia&parent=3995"}],"wp:term":[{"taxonomy":"category","embeddable":true,"href":"https:\/\/diarioparanaense.com\/index.php?rest_route=%2Fwp%2Fv2%2Fcategories&post=3995"},{"taxonomy":"post_tag","embeddable":true,"href":"https:\/\/diarioparanaense.com\/index.php?rest_route=%2Fwp%2Fv2%2Ftags&post=3995"}],"curies":[{"name":"wp","href":"https:\/\/api.w.org\/{rel}","templated":true}]}}