{"id":3982,"date":"2025-02-03T15:39:33","date_gmt":"2025-02-03T18:39:33","guid":{"rendered":"https:\/\/diarioparanaense.com\/?p=3982"},"modified":"2025-02-03T15:39:33","modified_gmt":"2025-02-03T18:39:33","slug":"5a-edicao-da-taca-foreman-movimenta-o-boxe-amador-em-curitiba","status":"publish","type":"post","link":"https:\/\/diarioparanaense.com\/?p=3982","title":{"rendered":"5\u00aa edi\u00e7\u00e3o da Ta\u00e7a Foreman movimenta o boxe amador em Curitiba"},"content":{"rendered":"\n<p class=\"has-medium-font-size\">Evento organizado pela Federa\u00e7\u00e3o Boxe Paran\u00e1 promete reunir 60 atletas e proporcionar um verdadeiro espet\u00e1culo no Espa\u00e7o Llum<\/p>\n\n\n\n<p>Curitiba ser\u00e1 palco de um dos mais importantes eventos do boxe amador no Brasil: a 5\u00aa edi\u00e7\u00e3o da Ta\u00e7a Foreman, que acontece no s\u00e1bado, 8 de fevereiro. Organizado pela Academia Universum Boxing, o torneio ser\u00e1 realizado no espa\u00e7o de eventos Llum, oferecendo uma estrutura completa para atletas e p\u00fablico. <\/p>\n\n\n\n<p>A Universum Boxing, localizada no cora\u00e7\u00e3o da capital paranaense, ser\u00e1 uma das protagonistas do evento. Considerada um verdadeiro templo do boxe, a academia se dedica \u00e0 forma\u00e7\u00e3o de atletas de alto rendimento e \u00e0queles que desejam aprender mais sobre o esporte. Com uma infraestrutura moderna, que inclui ringues profissionais e treinadores experientes, a Universum Boxing atrai boxeadores de diferentes n\u00edveis t\u00e9cnicos, proporcionando um ambiente ideal para a Ta\u00e7a Foreman.<\/p>\n\n\n\n<p>O evento<br>A competi\u00e7\u00e3o contar\u00e1 com aproximadamente 60 atletas amadores, divididos em diversas categorias e faixas et\u00e1rias. Mais do que uma disputa esportiva, o torneio ser\u00e1 uma vitrine para novos talentos, oferecendo uma plataforma de destaque para o boxe paranaense e nacional.<\/p>\n\n\n\n<p>Os ingressos est\u00e3o \u00e0 venda para o p\u00fablico. <a href=\"https:\/\/www.sympla.com.br\/evento\/5-edicao-taca-foreman-2025\/2806213\">Garanta o seu aqui!<\/a><\/p>\n\n\n\n<p>Com a chancela da Federa\u00e7\u00e3o Boxe Paran\u00e1 (FeboxePR), que representa a CBBrasil \u2013 \u00f3rg\u00e3o vinculado \u00e0 International Boxing Association (IBA) no Brasil \u2013, o evento refor\u00e7a a sua import\u00e2ncia no cen\u00e1rio esportivo.<\/p>\n\n\n\n<p>&#8220;Estamos muito felizes em realizar mais uma edi\u00e7\u00e3o da Ta\u00e7a Foreman. Nosso objetivo \u00e9 proporcionar uma experi\u00eancia inesquec\u00edvel para atletas e espectadores, fortalecendo ainda mais o boxe amador\u201d, destaca Marcelo Garbosa, s\u00f3cio-fundador da Academia Universum Boxing, organizadora da Ta\u00e7a Foreman.<br>Estrutura e organiza\u00e7\u00e3o<\/p>\n\n\n\n<p>A Academia Universum Boxing garantir\u00e1 uma infraestrutura de qualidade, que inclui um ringue de padr\u00e3o profissional, equipamentos de seguran\u00e7a, equipe de \u00e1rbitros e ju\u00edzes qualificados, al\u00e9m da presen\u00e7a de uma equipe m\u00e9dica para atendimento imediato.<\/p>\n\n\n\n<p>O evento tamb\u00e9m contar\u00e1 com um ambiente animado, incluindo bares, servi\u00e7o de gar\u00e7ons, card\u00e1pio especial, presen\u00e7a de ring girls e um DJ para agitar o p\u00fablico.<\/p>\n\n\n\n<p><strong>Mais do que uma competi\u00e7\u00e3o, uma celebra\u00e7\u00e3o do boxe<\/strong><\/p>\n\n\n\n<p>A Ta\u00e7a Foreman \u00e9 um evento que vai al\u00e9m da competi\u00e7\u00e3o. \u00c9 uma celebra\u00e7\u00e3o da disciplina, supera\u00e7\u00e3o e esp\u00edrito esportivo que fazem do boxe um dos esportes mais respeitados do mundo. A FeboxePR espera que a competi\u00e7\u00e3o se torne uma tradi\u00e7\u00e3o, fortalecendo a comunidade do boxe e revelando novos talentos.<br>Servi\u00e7o<\/p>\n\n\n\n<p><strong>5\u00aa edi\u00e7\u00e3o da Ta\u00e7a Foreman<br><\/strong>Data: s\u00e1bado, 8 de fevereiro de 2025<br>Local: Espa\u00e7o Llum &#8211; Rua Professora Maria de Assump\u00e7\u00e3o, 101 &#8211; Hauer, Curitiba &#8211; PR<br>Organiza\u00e7\u00e3o: Academia Universum Boxing<br>Apoio: Federa\u00e7\u00e3o Boxe Paran\u00e1 (FeboxePR) e CBBrasil<br>Ingressos \u00e0 venda: <a href=\"https:\/\/www.sympla.com.br\/evento\/5-edicao-taca-foreman-2025\/2806213\">Clique aqui para\u00a0garantir\u00a0o\u00a0seu!<\/a><\/p>\n","protected":false},"excerpt":{"rendered":"<p>Evento organizado pela Federa\u00e7\u00e3o Boxe Paran\u00e1 promete reunir 60 atletas e proporcionar um verdadeiro espet\u00e1culo no Espa\u00e7o Llum Curitiba ser\u00e1 palco de um dos mais importantes eventos do boxe amador no Brasil: a 5\u00aa edi\u00e7\u00e3o da Ta\u00e7a Foreman, que acontece no s\u00e1bado, 8 de fevereiro. Organizado pela Academia Universum Boxing, o torneio ser\u00e1 realizado no [&hellip;]<\/p>\n","protected":false},"author":1,"featured_media":3983,"comment_status":"open","ping_status":"open","sticky":false,"template":"","format":"standard","meta":{"footnotes":""},"categories":[159,186],"tags":[],"class_list":["post-3982","post","type-post","status-publish","format-standard","has-post-thumbnail","hentry","category-esportes","category-eventos"],"_links":{"self":[{"href":"https:\/\/diarioparanaense.com\/index.php?rest_route=\/wp\/v2\/posts\/3982","targetHints":{"allow":["GET"]}}],"collection":[{"href":"https:\/\/diarioparanaense.com\/index.php?rest_route=\/wp\/v2\/posts"}],"about":[{"href":"https:\/\/diarioparanaense.com\/index.php?rest_route=\/wp\/v2\/types\/post"}],"author":[{"embeddable":true,"href":"https:\/\/diarioparanaense.com\/index.php?rest_route=\/wp\/v2\/users\/1"}],"replies":[{"embeddable":true,"href":"https:\/\/diarioparanaense.com\/index.php?rest_route=%2Fwp%2Fv2%2Fcomments&post=3982"}],"version-history":[{"count":1,"href":"https:\/\/diarioparanaense.com\/index.php?rest_route=\/wp\/v2\/posts\/3982\/revisions"}],"predecessor-version":[{"id":3984,"href":"https:\/\/diarioparanaense.com\/index.php?rest_route=\/wp\/v2\/posts\/3982\/revisions\/3984"}],"wp:featuredmedia":[{"embeddable":true,"href":"https:\/\/diarioparanaense.com\/index.php?rest_route=\/wp\/v2\/media\/3983"}],"wp:attachment":[{"href":"https:\/\/diarioparanaense.com\/index.php?rest_route=%2Fwp%2Fv2%2Fmedia&parent=3982"}],"wp:term":[{"taxonomy":"category","embeddable":true,"href":"https:\/\/diarioparanaense.com\/index.php?rest_route=%2Fwp%2Fv2%2Fcategories&post=3982"},{"taxonomy":"post_tag","embeddable":true,"href":"https:\/\/diarioparanaense.com\/index.php?rest_route=%2Fwp%2Fv2%2Ftags&post=3982"}],"curies":[{"name":"wp","href":"https:\/\/api.w.org\/{rel}","templated":true}]}}