{"id":3975,"date":"2025-02-03T14:53:15","date_gmt":"2025-02-03T17:53:15","guid":{"rendered":"https:\/\/diarioparanaense.com\/?p=3975"},"modified":"2025-02-03T14:53:15","modified_gmt":"2025-02-03T17:53:15","slug":"proibicao-do-uso-de-celulares-nas-escolas-abre-espaco-para-o-debate-sobre-o-uso-consciente-da-tecnologia","status":"publish","type":"post","link":"https:\/\/diarioparanaense.com\/?p=3975","title":{"rendered":"Proibi\u00e7\u00e3o do uso de celulares nas escolas abre espa\u00e7o para o debate sobre o uso consciente da tecnologia"},"content":{"rendered":"\n<p class=\"has-medium-font-size\">Legisla\u00e7\u00e3o federal sancionada em janeiro j\u00e1 vale para todo o pa\u00eds, com o intuito de proteger a sa\u00fade f\u00edsica e mental dos estudantes<\/p>\n\n\n\n<p>O sempre desafiador retorno dos estudantes \u00e0s salas de aula ap\u00f3s as f\u00e9rias de ver\u00e3o tem um elemento a mais em 2025: a proibi\u00e7\u00e3o do uso dos telefones celulares durante o per\u00edodo letivo. Muito al\u00e9m da resist\u00eancia que pode ser oferecida pelos alunos, as regras impostas pela legisla\u00e7\u00e3o t\u00eam impactos pr\u00e1ticos no dia a dia das institui\u00e7\u00f5es.<\/p>\n\n\n\n<p>Entre eles, existe a quest\u00e3o do armazenamento seguro dos equipamentos, da discuss\u00e3o sobre quando e como utilizar os aparelhos durante atividades pedag\u00f3gicas e, ainda, tornar o ambiente escolar atrativo o suficiente para que haja a substitui\u00e7\u00e3o do uso excessivo de telas por outros tipos de atividades.<br>Para Haroldo Andriguetto Junior, presidente Sindicato das Escolas Particulares (Sinepe\/PR), tamb\u00e9m \u00e9 poss\u00edvel encarar esse momento como uma oportunidade. \u201cSe por um lado, a proibi\u00e7\u00e3o dos celulares exige toda essa mudan\u00e7a cultural, tanto para alunos como para os professores, por outro, ajuda a minimizar distra\u00e7\u00f5es, aumenta a concentra\u00e7\u00e3o dos alunos em sala de aula e promove a intera\u00e7\u00e3o social\u201d, pondera.<\/p>\n\n\n\n<p><br><strong>Orienta\u00e7\u00e3o e envolvimento familiar<\/strong><\/p>\n\n\n\n<p>Para que a lei seja cumprida da melhor forma, Andriguetto destaca a import\u00e2ncia da defini\u00e7\u00e3o de regras claras no ambiente escolar. Al\u00e9m de inserir a proibi\u00e7\u00e3o no regimento interno, \u00e9 preciso refor\u00e7ar as orienta\u00e7\u00f5es em reuni\u00f5es com os pais e com os alunos e capacitar os professores e demais colaboradores.<br>\u201cO tema deve ser tratado de forma pedag\u00f3gica e n\u00e3o punitiva\u201d, diz. \u201cE o Sinepe\/PR est\u00e1 \u00e0 disposi\u00e7\u00e3o para esclarecer ao m\u00e1ximo as d\u00favidas nessa implementa\u00e7\u00e3o\u201d, completa. O Sindicato tem participado ativamente de discuss\u00f5es e debates junto \u00e0s escolas.<\/p>\n\n\n\n<p><strong>Tecnologia n\u00e3o \u00e9 inimiga<\/strong><\/p>\n\n\n\n<p>O Sinepe\/PR, refor\u00e7a o presidente, entende que o uso consciente dos aparelhos deve, sempre, ser o objetivo final. \u201cIsso permite que o telefone celular se torne, de fato, uma ferramenta pedag\u00f3gica importante e que seja liberada em momentos estrat\u00e9gicos pelas escolas\u201d, avalia.<br>Para equilibrar o uso pedag\u00f3gico, \u00e9 importante estabelecer momentos e limites claros para o uso, como criar atividades mediadas por tecnologia, sempre alinhadas aos objetivos de aprendizado, sugere o presidente.<\/p>\n\n\n\n<p>De acordo com ele, o sindicato promove cursos e forma\u00e7\u00f5es continuadas para educadores aprenderem a integrar tecnologia de forma produtiva. Da mesma forma, incentiva as escolas a adotarem metodologias que equilibram o uso de tecnologia com o desenvolvimento das compet\u00eancias socioemocionais e cognitivas.<\/p>\n\n\n\n<p><strong>Sa\u00fade em jogo<\/strong><\/p>\n\n\n\n<p>A lei que pro\u00edbe o uso dos celulares nas escolas p\u00fablicas e privadas, tanto nas salas de aula quanto no recreio e nos intervalos, foi sancionada pelo presidente Luiz In\u00e1cio Lula da Silva em meados de janeiro. Os aparelhos podem ser usados, esporadicamente, como instrumento para a aula, al\u00e9m de garantir a acessibilidade, a inclus\u00e3o, para atender condi\u00e7\u00f5es de sa\u00fade e garantir direitos fundamentais.<\/p>\n\n\n\n<p>A justificativa da medida seria a prote\u00e7\u00e3o de crian\u00e7as e adolescentes de impactos negativos para a sa\u00fade f\u00edsica e mental dos estudantes. Pa\u00edses como Fran\u00e7a, Espanha, Gr\u00e9cia e Dinamarca j\u00e1 adotaram condutas&nbsp;semelhantes.<\/p>\n","protected":false},"excerpt":{"rendered":"<p>Legisla\u00e7\u00e3o federal sancionada em janeiro j\u00e1 vale para todo o pa\u00eds, com o intuito de proteger a sa\u00fade f\u00edsica e mental dos estudantes O sempre desafiador retorno dos estudantes \u00e0s salas de aula ap\u00f3s as f\u00e9rias de ver\u00e3o tem um elemento a mais em 2025: a proibi\u00e7\u00e3o do uso dos telefones celulares durante o per\u00edodo [&hellip;]<\/p>\n","protected":false},"author":1,"featured_media":3976,"comment_status":"open","ping_status":"open","sticky":false,"template":"","format":"standard","meta":{"footnotes":""},"categories":[148],"tags":[],"class_list":["post-3975","post","type-post","status-publish","format-standard","has-post-thumbnail","hentry","category-educacao"],"_links":{"self":[{"href":"https:\/\/diarioparanaense.com\/index.php?rest_route=\/wp\/v2\/posts\/3975","targetHints":{"allow":["GET"]}}],"collection":[{"href":"https:\/\/diarioparanaense.com\/index.php?rest_route=\/wp\/v2\/posts"}],"about":[{"href":"https:\/\/diarioparanaense.com\/index.php?rest_route=\/wp\/v2\/types\/post"}],"author":[{"embeddable":true,"href":"https:\/\/diarioparanaense.com\/index.php?rest_route=\/wp\/v2\/users\/1"}],"replies":[{"embeddable":true,"href":"https:\/\/diarioparanaense.com\/index.php?rest_route=%2Fwp%2Fv2%2Fcomments&post=3975"}],"version-history":[{"count":1,"href":"https:\/\/diarioparanaense.com\/index.php?rest_route=\/wp\/v2\/posts\/3975\/revisions"}],"predecessor-version":[{"id":3977,"href":"https:\/\/diarioparanaense.com\/index.php?rest_route=\/wp\/v2\/posts\/3975\/revisions\/3977"}],"wp:featuredmedia":[{"embeddable":true,"href":"https:\/\/diarioparanaense.com\/index.php?rest_route=\/wp\/v2\/media\/3976"}],"wp:attachment":[{"href":"https:\/\/diarioparanaense.com\/index.php?rest_route=%2Fwp%2Fv2%2Fmedia&parent=3975"}],"wp:term":[{"taxonomy":"category","embeddable":true,"href":"https:\/\/diarioparanaense.com\/index.php?rest_route=%2Fwp%2Fv2%2Fcategories&post=3975"},{"taxonomy":"post_tag","embeddable":true,"href":"https:\/\/diarioparanaense.com\/index.php?rest_route=%2Fwp%2Fv2%2Ftags&post=3975"}],"curies":[{"name":"wp","href":"https:\/\/api.w.org\/{rel}","templated":true}]}}