{"id":3972,"date":"2025-01-31T12:24:04","date_gmt":"2025-01-31T15:24:04","guid":{"rendered":"https:\/\/diarioparanaense.com\/?p=3972"},"modified":"2025-01-31T12:24:05","modified_gmt":"2025-01-31T15:24:05","slug":"yuna-cresce-139-em-2024-e-se-prepara-para-um-avanco-estimado-de-110-em-2025","status":"publish","type":"post","link":"https:\/\/diarioparanaense.com\/?p=3972","title":{"rendered":"YUNA cresce 139% em 2024 e se prepara para um avan\u00e7o estimado de 110% em 2025"},"content":{"rendered":"\n<p>O ano de 2024 foi marcado por avan\u00e7os significativos para a YUNA, que registrou um crescimento de 139% em atendimento em rela\u00e7\u00e3o a 2023, com 64% dos seus apartamentos em opera\u00e7\u00e3o.<\/p>\n\n\n\n<p>Com pouco mais de dois anos de atua\u00e7\u00e3o, a institui\u00e7\u00e3o consolidou sua posi\u00e7\u00e3o como refer\u00eancia no segmento de transi\u00e7\u00e3o de cuidados e reabilita\u00e7\u00e3o no Brasil, gra\u00e7as \u00e0 qualidade do servi\u00e7o assistencial e aos resultados cl\u00ednicos.<\/p>\n\n\n\n<p>Logo no in\u00edcio do ano, a institui\u00e7\u00e3o fechou um empr\u00e9stimo de R$ 35 milh\u00f5es com o BID Invest, bra\u00e7o do Banco Interamericano de Desenvolvimento para investimentos privados, cujos recursos foram usados para apoiar o desenvolvimento e a opera\u00e7\u00e3o de sua primeira unidade, em S\u00e3o Paulo.<\/p>\n\n\n\n<p>Al\u00e9m do aporte financeiro, a parceria incluiu a ado\u00e7\u00e3o das melhores pr\u00e1ticas internacionais para gest\u00e3o de riscos ambientais e sociais, de acordo com a Pol\u00edtica de Sustentabilidade do BID Invest. A implanta\u00e7\u00e3o dessas a\u00e7\u00f5es est\u00e1 em andamento.<\/p>\n\n\n\n<p class=\"has-medium-font-size\">Perspectivas para 2025: o segmento e a YUNA<\/p>\n\n\n\n<p>No ano de 2024, aconteceram grandes mudan\u00e7as, como o aumento da oferta de leitos agudos, as trocas de gest\u00f5es e a consolida\u00e7\u00e3o de fus\u00f5es, que demonstram que o mercado est\u00e1 em crescimento, e cada vez mais a Transi\u00e7\u00e3o de Cuidados desempenhar\u00e1 um papel crucial no controle de custos e sinistralidade, al\u00e9m dos resultados cl\u00ednicos.<\/p>\n\n\n\n<p>Em 2025, o mercado de transi\u00e7\u00e3o de cuidados prev\u00ea um per\u00edodo de acomoda\u00e7\u00e3o das grandes mudan\u00e7as ocorridas em 2024. Entre os destaques esperados est\u00e3o a maior integra\u00e7\u00e3o de sinergias entre opera\u00e7\u00f5es; incremento na demanda por leitos agudos, acompanhando o crescimento do setor; e expans\u00e3o do papel da transi\u00e7\u00e3o de cuidados como fator estrat\u00e9gico para resultados cl\u00ednicos e financeiros.<\/p>\n\n\n\n<p>A YUNA continuar\u00e1 se empenhando e investindo na pr\u00e1tica multidisciplinar, visando manter a qualidade assistencial em todas as suas matrizes de cuidados: Reabilita\u00e7\u00e3o, Cuidados Paliativos e Cuidados Continuados. A expectativa \u00e9 atingir um crescimento de 110% de atendimento em 2025.<\/p>\n\n\n\n<p>\u201cNesses dois anos, investimos muito na divulga\u00e7\u00e3o do modelo e amplia\u00e7\u00e3o do escopo assistencial para promovermos reabilita\u00e7\u00e3o de cuidados p\u00f3s cir\u00fargicos, por exemplo, e temos tido um retorno muito positivo n\u00e3o s\u00f3 da comunidade m\u00e9dica e familiares, mas tamb\u00e9m das operadoras que cada vez mais abrem as portas para esse mercado\u201d, declara Peer Buergin, CEO da YUNA.<\/p>\n\n\n\n<p>Um fator que dever\u00e1 movimentar o setor \u00e9 a proposta de regulamenta\u00e7\u00e3o das unidades de transi\u00e7\u00e3o de cuidados no Brasil, uma iniciativa da Abrahct (Associa\u00e7\u00e3o Brasileira de Hospitais e Cl\u00ednicas de Transi\u00e7\u00e3o) em parceria com os principais players do mercado, inclusive a YUNA, elaborada no final de 2024 e que ser\u00e1 apresentada para os \u00f3rg\u00e3os competentes.<\/p>\n\n\n\n<p>Essa proposta prev\u00ea que as Unidades de Transi\u00e7\u00e3o de Cuidados (UTCs) possam apoiar a Pol\u00edtica Nacional de Cuidados Paliativos, Rede de Aten\u00e7\u00e3o \u00e0s Urg\u00eancias e Emerg\u00eancias (RUE) e \u00e0s demais Redes Tem\u00e1ticas de Aten\u00e7\u00e3o \u00e0 Sa\u00fade no \u00e2mbito do Sistema \u00danico de Sa\u00fade (SUS). Al\u00e9m disso, essa regulamenta\u00e7\u00e3o busca organizar, estruturar e padronizar os servi\u00e7os de transi\u00e7\u00e3o de cuidados, alinhando-os \u00e0s necessidades da popula\u00e7\u00e3o e \u00e0s melhores pr\u00e1ticas internacionais.<\/p>\n\n\n\n<p>Quanto \u00e0 expans\u00e3o da YUNA, os planos incluem chegar a 500 leitos no Brasil, tanto por meio de fus\u00f5es e aquisi\u00e7\u00f5es quanto de crescimento org\u00e2nico, com a implanta\u00e7\u00e3o de novas unidades.<\/p>\n\n\n\n<p>\u201cCom os resultados alcan\u00e7ados em 2024 e as perspectivas promissoras para 2025, a YUNA reafirma seu compromisso com a inova\u00e7\u00e3o, a qualidade assistencial e a promo\u00e7\u00e3o de uma sa\u00fade mais eficiente e humanizada. O setor de transi\u00e7\u00e3o de cuidados continua sendo uma pe\u00e7a-chave na transforma\u00e7\u00e3o do sistema de sa\u00fade brasileiro e global\u201d, finaliza Buergin.<\/p>\n\n\n\n<p class=\"has-medium-font-size\">Sobre a YUNA<\/p>\n\n\n\n<p>A YUNA, especializada em transi\u00e7\u00e3o de cuidados, oferece suporte completo para pacientes de reabilita\u00e7\u00e3o, cuidados paliativos e continuados, atendimento individualizado e assist\u00eancia transdisciplinar. Mais informa\u00e7\u00f5es no telefone (11) 3087-3800 ou no site <a href=\"https:\/\/yuna.com.br\/\">https:\/\/yuna.com.br\/<\/a>.<\/p>\n","protected":false},"excerpt":{"rendered":"<p>O ano de 2024 foi marcado por avan\u00e7os significativos para a YUNA, que registrou um crescimento de 139% em atendimento em rela\u00e7\u00e3o a 2023, com 64% dos seus apartamentos em opera\u00e7\u00e3o. Com pouco mais de dois anos de atua\u00e7\u00e3o, a institui\u00e7\u00e3o consolidou sua posi\u00e7\u00e3o como refer\u00eancia no segmento de transi\u00e7\u00e3o de cuidados e reabilita\u00e7\u00e3o no [&hellip;]<\/p>\n","protected":false},"author":1,"featured_media":3973,"comment_status":"open","ping_status":"open","sticky":false,"template":"","format":"standard","meta":{"footnotes":""},"categories":[29],"tags":[],"class_list":["post-3972","post","type-post","status-publish","format-standard","has-post-thumbnail","hentry","category-artigos"],"_links":{"self":[{"href":"https:\/\/diarioparanaense.com\/index.php?rest_route=\/wp\/v2\/posts\/3972","targetHints":{"allow":["GET"]}}],"collection":[{"href":"https:\/\/diarioparanaense.com\/index.php?rest_route=\/wp\/v2\/posts"}],"about":[{"href":"https:\/\/diarioparanaense.com\/index.php?rest_route=\/wp\/v2\/types\/post"}],"author":[{"embeddable":true,"href":"https:\/\/diarioparanaense.com\/index.php?rest_route=\/wp\/v2\/users\/1"}],"replies":[{"embeddable":true,"href":"https:\/\/diarioparanaense.com\/index.php?rest_route=%2Fwp%2Fv2%2Fcomments&post=3972"}],"version-history":[{"count":1,"href":"https:\/\/diarioparanaense.com\/index.php?rest_route=\/wp\/v2\/posts\/3972\/revisions"}],"predecessor-version":[{"id":3974,"href":"https:\/\/diarioparanaense.com\/index.php?rest_route=\/wp\/v2\/posts\/3972\/revisions\/3974"}],"wp:featuredmedia":[{"embeddable":true,"href":"https:\/\/diarioparanaense.com\/index.php?rest_route=\/wp\/v2\/media\/3973"}],"wp:attachment":[{"href":"https:\/\/diarioparanaense.com\/index.php?rest_route=%2Fwp%2Fv2%2Fmedia&parent=3972"}],"wp:term":[{"taxonomy":"category","embeddable":true,"href":"https:\/\/diarioparanaense.com\/index.php?rest_route=%2Fwp%2Fv2%2Fcategories&post=3972"},{"taxonomy":"post_tag","embeddable":true,"href":"https:\/\/diarioparanaense.com\/index.php?rest_route=%2Fwp%2Fv2%2Ftags&post=3972"}],"curies":[{"name":"wp","href":"https:\/\/api.w.org\/{rel}","templated":true}]}}