{"id":3969,"date":"2025-01-31T12:18:02","date_gmt":"2025-01-31T15:18:02","guid":{"rendered":"https:\/\/diarioparanaense.com\/?p=3969"},"modified":"2025-01-31T12:18:02","modified_gmt":"2025-01-31T15:18:02","slug":"instituto-mrv-distribui-kits-escolares-para-filhos-de-colaboradores-em-acao-de-apoio-a-educacao","status":"publish","type":"post","link":"https:\/\/diarioparanaense.com\/?p=3969","title":{"rendered":"Instituto MRV distribui kits escolares para filhos de colaboradores em a\u00e7\u00e3o de apoio \u00e0 educa\u00e7\u00e3o"},"content":{"rendered":"\n<p>O in\u00edcio do ano traz consigo diversos gastos para as fam\u00edlias, e o material escolar \u00e9 uma despesa que pesa no or\u00e7amento. Uma pesquisa in\u00e9dita do Instituto Locomotiva aponta que 91% dos brasileiros que t\u00eam filhos precisam arcar com essas despesas, e para 85% deles, essas compras comprometem significativamente as finan\u00e7as familiares. Pensando em aliviar esse impacto financeiro e incentivar a educa\u00e7\u00e3o, o Instituto MRV, lado social do grupo MRV&amp;CO, realizar\u00e1 a entrega de mais de 3.600 kits de material escolar aos filhos de colaboradores da Companhia em mais de 90 cidades do Brasil.<\/p>\n\n\n\n<p>S\u00f3 no Paran\u00e1, nos munic\u00edpios de Curitiba e Arauc\u00e1ria, 177 crian\u00e7as e adolescentes com idades entre 06 e 14 anos ser\u00e3o beneficiados. \u201cEssa iniciativa reflete o compromisso do Instituto MRV em promover a transforma\u00e7\u00e3o social por meio da educa\u00e7\u00e3o. Sabemos que o in\u00edcio do ano \u00e9 um per\u00edodo desafiador para o or\u00e7amento das fam\u00edlias, e a entrega dos kits escolares \u00e9 uma forma de apoiar nossos colaboradores e incentivar a educa\u00e7\u00e3o dos nossos realizadores do futuro\u201d, destaca Blenda Alves, gestora do Instituto MRV.<\/p>\n\n\n\n<p>Os kits foram pensados para atender \u00e0s necessidades escolares de cada faixa et\u00e1ria. O kit Laranja, destinado aos alunos entre 6 e 10 anos, inclui itens como apontador, borracha, cola branca, l\u00e1pis de cor, l\u00e1pis preto, tesoura, r\u00e9gua, quatro cadernos, giz de cera, estojo e sacochila personalizada. J\u00e1 o kit Verde, para idades entre 11 e 14 anos, cont\u00e9m corretivo, borracha, dicion\u00e1rio, r\u00e9gua, lapiseira, grafite, caneta esferogr\u00e1fica, caderno de 160 folhas, estojo, squeeze e sacochila personalizada.<\/p>\n\n\n\n<p>Para Thiago dos Santos, Supervisor de Contas da MRV, a distribui\u00e7\u00e3o dos kits demonstra a preocupa\u00e7\u00e3o da empresa com aquilo que seus colaboradores t\u00eam de mais importante: suas fam\u00edlias. \u201cOs eventos que ocorrem entre o final de um ano e o in\u00edcio do outro, como f\u00e9rias escolares, IPVA, IPTU e outros compromissos, impactam significativamente o or\u00e7amento familiar. Por isso, a iniciativa de distribuir os kits contribui n\u00e3o apenas para aliviar esses gastos, mas tamb\u00e9m para nos deixar mais tranquilos e focados em nossas atividades cotidianas.\u201d Pai de Beatriz, de 12 anos, Helena, de 8, e Catarina e Cec\u00edlia, ambas de 7, Thiago afirma que esta \u00e9 a segunda vez que retira os kits. \u201cElas adoram os materiais e ficam especialmente encantadas com a bolsa\u201d, acrescenta.<\/p>\n\n\n\n<p class=\"has-medium-font-size\">Sobre o Instituto MRV<\/p>\n\n\n\n<p>Fundado em 2014, o Instituto MRV acredita no poder transformador da educa\u00e7\u00e3o para construir um futuro com mais oportunidades. Desde ent\u00e3o, a organiza\u00e7\u00e3o j\u00e1 impactou positivamente a vida de mais de 2,1 milh\u00f5es de pessoas, por meio de projetos e programas voltados para o fortalecimento da educa\u00e7\u00e3o. Saiba mais em institutomrv.com.br<\/p>\n","protected":false},"excerpt":{"rendered":"<p>O in\u00edcio do ano traz consigo diversos gastos para as fam\u00edlias, e o material escolar \u00e9 uma despesa que pesa no or\u00e7amento. Uma pesquisa in\u00e9dita do Instituto Locomotiva aponta que 91% dos brasileiros que t\u00eam filhos precisam arcar com essas despesas, e para 85% deles, essas compras comprometem significativamente as finan\u00e7as familiares. Pensando em aliviar [&hellip;]<\/p>\n","protected":false},"author":1,"featured_media":3970,"comment_status":"open","ping_status":"open","sticky":false,"template":"","format":"standard","meta":{"footnotes":""},"categories":[29],"tags":[],"class_list":["post-3969","post","type-post","status-publish","format-standard","has-post-thumbnail","hentry","category-artigos"],"_links":{"self":[{"href":"https:\/\/diarioparanaense.com\/index.php?rest_route=\/wp\/v2\/posts\/3969","targetHints":{"allow":["GET"]}}],"collection":[{"href":"https:\/\/diarioparanaense.com\/index.php?rest_route=\/wp\/v2\/posts"}],"about":[{"href":"https:\/\/diarioparanaense.com\/index.php?rest_route=\/wp\/v2\/types\/post"}],"author":[{"embeddable":true,"href":"https:\/\/diarioparanaense.com\/index.php?rest_route=\/wp\/v2\/users\/1"}],"replies":[{"embeddable":true,"href":"https:\/\/diarioparanaense.com\/index.php?rest_route=%2Fwp%2Fv2%2Fcomments&post=3969"}],"version-history":[{"count":1,"href":"https:\/\/diarioparanaense.com\/index.php?rest_route=\/wp\/v2\/posts\/3969\/revisions"}],"predecessor-version":[{"id":3971,"href":"https:\/\/diarioparanaense.com\/index.php?rest_route=\/wp\/v2\/posts\/3969\/revisions\/3971"}],"wp:featuredmedia":[{"embeddable":true,"href":"https:\/\/diarioparanaense.com\/index.php?rest_route=\/wp\/v2\/media\/3970"}],"wp:attachment":[{"href":"https:\/\/diarioparanaense.com\/index.php?rest_route=%2Fwp%2Fv2%2Fmedia&parent=3969"}],"wp:term":[{"taxonomy":"category","embeddable":true,"href":"https:\/\/diarioparanaense.com\/index.php?rest_route=%2Fwp%2Fv2%2Fcategories&post=3969"},{"taxonomy":"post_tag","embeddable":true,"href":"https:\/\/diarioparanaense.com\/index.php?rest_route=%2Fwp%2Fv2%2Ftags&post=3969"}],"curies":[{"name":"wp","href":"https:\/\/api.w.org\/{rel}","templated":true}]}}