{"id":3966,"date":"2025-01-31T12:13:49","date_gmt":"2025-01-31T15:13:49","guid":{"rendered":"https:\/\/diarioparanaense.com\/?p=3966"},"modified":"2025-01-31T12:13:49","modified_gmt":"2025-01-31T15:13:49","slug":"savana-apresenta-nova-sprinter-eletrica-com-condicoes-exclusivas-para-curitiba-e-regiao","status":"publish","type":"post","link":"https:\/\/diarioparanaense.com\/?p=3966","title":{"rendered":"Savana apresenta nova Sprinter El\u00e9trica com condi\u00e7\u00f5es exclusivas para Curitiba e regi\u00e3o"},"content":{"rendered":"\n<p class=\"has-medium-font-size\"><em>Nas concession\u00e1rias Savana, o novo modelo est\u00e1 com ofertas especiais que incluem taxas a partir de apenas 0,99%, revis\u00e3o gratuita e oito anos de garantia da bateria<\/em><\/p>\n\n\n\n<p>Seguindo a tend\u00eancia do Grupo \u00c1guia Branca de ser refer\u00eancia em inova\u00e7\u00e3o e protagonista no setor de transporte e log\u00edstica no Brasil, a Savana, marca do grupo que representa a Mercedes-Benz no Paran\u00e1, apresenta a nova Sprinter el\u00e9trica. O novo modelo estar\u00e1 dispon\u00edvel nas concession\u00e1rias de Curitiba e regi\u00e3o metropolitana ainda no primeiro trimestre de 2025. Inicialmente, ser\u00e3o ofertados os modelos nas vers\u00f5es Truck, Furg\u00e3o e Furg\u00e3o Vidrado, com PBT de 3,5 e 4,25 toneladas.<\/p>\n\n\n\n<p>O lan\u00e7amento da Mercedes est\u00e1 com condi\u00e7\u00f5es exclusivas nas concession\u00e1rias Savana, que oferecem taxas atrativas a partir de 0,99%, al\u00e9m de disponibilizar as quatro primeiras revis\u00f5es gratuitas e oito anos de garantia da bateria. A oferta \u00e9 v\u00e1lida at\u00e9 31 de janeiro de 2025.<\/p>\n\n\n\n<p>A nova Sprinter el\u00e9trica \u00e9 uma oportunidade para empresas que buscam adotar solu\u00e7\u00f5es sustent\u00e1veis e eficientes em suas opera\u00e7\u00f5es. Com zero emiss\u00f5es de CO\u00b2 e uma potente autonomia de at\u00e9 478 km, o novo modelo se apresenta ao mercado como um ve\u00edculo sustent\u00e1vel e eficiente que promete transformar o mercado de transporte urbano no Brasil.<\/p>\n\n\n\n<p><strong>Sobre a Savana<\/strong><\/p>\n\n\n\n<p>A Savana integra o Grupo \u00c1guia Branca, um dos maiores conglomerados empresariais do Brasil, e atua no segmento de ve\u00edculos comerciais como concession\u00e1ria Mercedes-Benz. \u00c9 presente em tr\u00eas estados: Paran\u00e1, Santa Catarina e S\u00e3o Paulo, com onze unidades voltadas para vendas de ve\u00edculos estrategicamente localizadas em S\u00e3o Jos\u00e9 dos Pinhais, Curitiba Atuba, Curitiba Van Center, Campo Largo, Ponta Grossa, Jaguaria\u00edva, Joinville, Guaramirim, Xanxer\u00ea, Conc\u00f3rdia e Registro. A Savana tamb\u00e9m atua na comercializa\u00e7\u00e3o de pneus como representante da Michelin, com unidades em S\u00e3o Jos\u00e9 dos Pinhais, Ponta Grossa e Campo Largo. A empresa tem a miss\u00e3o de oferecer servi\u00e7os de qualidade que atendam \u00e0s expectativas dos clientes, buscando solu\u00e7\u00f5es inteligentes para os seus neg\u00f3cios, al\u00e9m de respeitar o ser humano e proteger o meio ambiente. A Savana secompromete com valores \u00e9ticos e transpar\u00eancia em todas as opera\u00e7\u00f5es, mantendo a confian\u00e7a e o respeito como pilares fundamentais de sua atua\u00e7\u00e3o.<\/p>\n","protected":false},"excerpt":{"rendered":"<p>Nas concession\u00e1rias Savana, o novo modelo est\u00e1 com ofertas especiais que incluem taxas a partir de apenas 0,99%, revis\u00e3o gratuita e oito anos de garantia da bateria Seguindo a tend\u00eancia do Grupo \u00c1guia Branca de ser refer\u00eancia em inova\u00e7\u00e3o e protagonista no setor de transporte e log\u00edstica no Brasil, a Savana, marca do grupo que [&hellip;]<\/p>\n","protected":false},"author":1,"featured_media":3967,"comment_status":"open","ping_status":"open","sticky":false,"template":"","format":"standard","meta":{"footnotes":""},"categories":[29],"tags":[],"class_list":["post-3966","post","type-post","status-publish","format-standard","has-post-thumbnail","hentry","category-artigos"],"_links":{"self":[{"href":"https:\/\/diarioparanaense.com\/index.php?rest_route=\/wp\/v2\/posts\/3966","targetHints":{"allow":["GET"]}}],"collection":[{"href":"https:\/\/diarioparanaense.com\/index.php?rest_route=\/wp\/v2\/posts"}],"about":[{"href":"https:\/\/diarioparanaense.com\/index.php?rest_route=\/wp\/v2\/types\/post"}],"author":[{"embeddable":true,"href":"https:\/\/diarioparanaense.com\/index.php?rest_route=\/wp\/v2\/users\/1"}],"replies":[{"embeddable":true,"href":"https:\/\/diarioparanaense.com\/index.php?rest_route=%2Fwp%2Fv2%2Fcomments&post=3966"}],"version-history":[{"count":1,"href":"https:\/\/diarioparanaense.com\/index.php?rest_route=\/wp\/v2\/posts\/3966\/revisions"}],"predecessor-version":[{"id":3968,"href":"https:\/\/diarioparanaense.com\/index.php?rest_route=\/wp\/v2\/posts\/3966\/revisions\/3968"}],"wp:featuredmedia":[{"embeddable":true,"href":"https:\/\/diarioparanaense.com\/index.php?rest_route=\/wp\/v2\/media\/3967"}],"wp:attachment":[{"href":"https:\/\/diarioparanaense.com\/index.php?rest_route=%2Fwp%2Fv2%2Fmedia&parent=3966"}],"wp:term":[{"taxonomy":"category","embeddable":true,"href":"https:\/\/diarioparanaense.com\/index.php?rest_route=%2Fwp%2Fv2%2Fcategories&post=3966"},{"taxonomy":"post_tag","embeddable":true,"href":"https:\/\/diarioparanaense.com\/index.php?rest_route=%2Fwp%2Fv2%2Ftags&post=3966"}],"curies":[{"name":"wp","href":"https:\/\/api.w.org\/{rel}","templated":true}]}}