{"id":3948,"date":"2025-01-22T13:34:29","date_gmt":"2025-01-22T16:34:29","guid":{"rendered":"https:\/\/diarioparanaense.com\/?p=3948"},"modified":"2025-01-22T13:34:29","modified_gmt":"2025-01-22T16:34:29","slug":"rita-benneditto-canta-as-aguas-em-plenitude","status":"publish","type":"post","link":"https:\/\/diarioparanaense.com\/?p=3948","title":{"rendered":"Rita Benneditto canta as \u00e1guas em \u201cPlenitude\u201d!"},"content":{"rendered":"\n<p><strong>Single e videoclipe ser\u00e3o lan\u00e7ados em 24 de janeiro de 2025.<\/strong><\/p>\n\n\n\n<p>A cantora Rita Benneditto \u00e9 a int\u00e9rprete de Plenitude, can\u00e7\u00e3o que integra o projeto Elas Cantam as \u00c1guas. A maranhense \u00e9 uma das vozes mais expoentes da m\u00fasica contempor\u00e2nea. Rita traz a inspira\u00e7\u00e3o da cultura afro-brasileira, de tanta representatividade no universo musical.<\/p>\n\n\n\n<p>O single estar\u00e1 dispon\u00edvel em todas as plataformas digitais e o videoclipe ser\u00e1 lan\u00e7ado no canal YouTube da gravadora Gale\u00e3o dia 24\/01\/2025.<\/p>\n\n\n\n<p>O projeto Elas Cantam as \u00c1guas traz can\u00e7\u00f5es de compositores como Ivan Lins e Vitor Martins, dois talentos da m\u00fasica brasileira com reconhecimento internacional.<\/p>\n\n\n\n<p>A nova gera\u00e7\u00e3o de compositores de alto n\u00edvel da m\u00fasica brasileira tamb\u00e9m est\u00e1 representada com Gabriel Martins, autor da m\u00fasica Plenitude, em parceria com Carlos Papel, nome proeminente da cena musical capixaba com mais de 55 anos de carreira.<\/p>\n\n\n\n<p>Elas Cantam as \u00c1guas, re\u00fane as vozes de uma constela\u00e7\u00e3o de int\u00e9rpretes da MPB como Rita Benneditto, Leila Pinheiro, Zizi Possi e Fabiana Cozza.<\/p>\n\n\n\n<p>Todas as faixas ter\u00e3o seus respectivos clipes de est\u00fadio e a gravadora Gale\u00e3o assina a produ\u00e7\u00e3o executiva do projeto.<\/p>\n","protected":false},"excerpt":{"rendered":"<p>Single e videoclipe ser\u00e3o lan\u00e7ados em 24 de janeiro de 2025. A cantora Rita Benneditto \u00e9 a int\u00e9rprete de Plenitude, can\u00e7\u00e3o que integra o projeto Elas Cantam as \u00c1guas. A maranhense \u00e9 uma das vozes mais expoentes da m\u00fasica contempor\u00e2nea. Rita traz a inspira\u00e7\u00e3o da cultura afro-brasileira, de tanta representatividade no universo musical. O single [&hellip;]<\/p>\n","protected":false},"author":1,"featured_media":3949,"comment_status":"open","ping_status":"open","sticky":false,"template":"","format":"standard","meta":{"footnotes":""},"categories":[27],"tags":[],"class_list":["post-3948","post","type-post","status-publish","format-standard","has-post-thumbnail","hentry","category-musica"],"_links":{"self":[{"href":"https:\/\/diarioparanaense.com\/index.php?rest_route=\/wp\/v2\/posts\/3948","targetHints":{"allow":["GET"]}}],"collection":[{"href":"https:\/\/diarioparanaense.com\/index.php?rest_route=\/wp\/v2\/posts"}],"about":[{"href":"https:\/\/diarioparanaense.com\/index.php?rest_route=\/wp\/v2\/types\/post"}],"author":[{"embeddable":true,"href":"https:\/\/diarioparanaense.com\/index.php?rest_route=\/wp\/v2\/users\/1"}],"replies":[{"embeddable":true,"href":"https:\/\/diarioparanaense.com\/index.php?rest_route=%2Fwp%2Fv2%2Fcomments&post=3948"}],"version-history":[{"count":1,"href":"https:\/\/diarioparanaense.com\/index.php?rest_route=\/wp\/v2\/posts\/3948\/revisions"}],"predecessor-version":[{"id":3950,"href":"https:\/\/diarioparanaense.com\/index.php?rest_route=\/wp\/v2\/posts\/3948\/revisions\/3950"}],"wp:featuredmedia":[{"embeddable":true,"href":"https:\/\/diarioparanaense.com\/index.php?rest_route=\/wp\/v2\/media\/3949"}],"wp:attachment":[{"href":"https:\/\/diarioparanaense.com\/index.php?rest_route=%2Fwp%2Fv2%2Fmedia&parent=3948"}],"wp:term":[{"taxonomy":"category","embeddable":true,"href":"https:\/\/diarioparanaense.com\/index.php?rest_route=%2Fwp%2Fv2%2Fcategories&post=3948"},{"taxonomy":"post_tag","embeddable":true,"href":"https:\/\/diarioparanaense.com\/index.php?rest_route=%2Fwp%2Fv2%2Ftags&post=3948"}],"curies":[{"name":"wp","href":"https:\/\/api.w.org\/{rel}","templated":true}]}}