{"id":3933,"date":"2025-01-21T14:14:31","date_gmt":"2025-01-21T17:14:31","guid":{"rendered":"https:\/\/diarioparanaense.com\/?p=3933"},"modified":"2025-01-21T14:14:32","modified_gmt":"2025-01-21T17:14:32","slug":"zurishaddai-estreia-show-caravana-em-curitiba","status":"publish","type":"post","link":"https:\/\/diarioparanaense.com\/?p=3933","title":{"rendered":"Zurishaddai estreia show &#8220;Caravana&#8221; em Curitiba"},"content":{"rendered":"\n<p><strong><em>O gaitista de turbante apresenta cl\u00e1ssicos da m\u00fasica de conex\u00e3o mundial e sem fronteiras<\/em><\/strong><\/p>\n\n\n\n<p><strong>Curitiba ser\u00e1 palco de uma noite inusitada para os amantes da m\u00fasica instrumental \u201csem fronteiras\u201d. No pr\u00f3ximo s\u00e1bado, 25 de janeiro, a capital paranaense recebe a estreia nacional de \u201cCaravana\u201d, liderada por ZuriShaddai, um dos nomes promissores da gaita harm\u00f4nica no Brasil.<\/strong><\/p>\n\n\n\n<p>O Show Caravana faz refer\u00eancia \u00e0 cultura dos povos do deserto, conhecidos por sua resili\u00eancia, poesia e tradi\u00e7\u00e3o milenar em cruzar fronteiras e atravessar terras \u00e1ridas, entrela\u00e7ando essas influ\u00eancias com a riqueza da m\u00fasica multicultural, ritmos, melodias e hist\u00f3rias que conectam culturas e gera\u00e7\u00f5es.<\/p>\n\n\n\n<p>\u201cO projeto todo come\u00e7ou com um time de amigos e profissionais e na ponte com S\u00e3o Paulo, e aqui ser\u00e1 a estreia desse repert\u00f3rio incr\u00edvel com obras de grandes nomes da m\u00fasica mundial: Villa Lobos, Astor Piazzolla, Mercedes Sosa, Baden Powell, dentre outros. Est\u00e1 tudo pronto para a gaita de boca conquistar o cora\u00e7\u00e3o curitibano\u201d, enfatiza o m\u00fasico que atualmente mora em S\u00e3o Paulo, mas \u00e9 natural de Curitiba.<\/p>\n\n\n\n<p>Tocando com um turbante, ZuriShaddai carrega autenticidade em suas apresenta\u00e7\u00f5es, refletindo a ess\u00eancia e fidelidade \u00e0s ra\u00edzes do seu pr\u00f3prio nome de origem hebraica. Seu talento e estilo \u00fanico tem chamado a aten\u00e7\u00e3o do p\u00fablico e cr\u00edtica, como uma figura original no cen\u00e1rio da m\u00fasica atual.<\/p>\n\n\n\n<p>Inicialmente pensado para uma jornada musical entre amigos, \u201cCaravana\u201d convida o p\u00fablico a ingressar nessa viagem para dentro da \u201ctenda musical\u201d, um ambiente intimista e acolhedor de troca cultural e da busca constante por novos desafios, paisagens e conex\u00f5es.<\/p>\n\n\n\n<p>Com dire\u00e7\u00e3o musical de Adriana Chiarelli, o evento \u00e9 uma celebra\u00e7\u00e3o da rica tradi\u00e7\u00e3o da m\u00fasica \u201csem fronteiras\u201d, revisitando cl\u00e1ssicos que marcaram gera\u00e7\u00f5es por todo o mundo. A dire\u00e7\u00e3o Art\u00edstica \u00e9 de Luiza Chiarelli e a dire\u00e7\u00e3o executiva Rafael Stedile. \u201cCaravana\u201d transporta a plateia para um universo onde os encontros se transformam em arte, permitindo que o p\u00fablico embarque em uma travessia musical repleta de descobertas, emo\u00e7\u00f5es e novos horizontes.<\/p>\n\n\n\n<p><strong>Servi\u00e7o<\/strong><strong><\/strong><\/p>\n\n\n\n<p>O qu\u00ea: Show \u201cCaravana\u201d, de ZuriShaddai<\/p>\n\n\n\n<p>Quando: 25 de janeiro, \u00e0s 19h30<\/p>\n\n\n\n<p>Onde: Teatro \u00canio de Carvalho \u2013 Rua Mateus Leme, 990, Curitiba<\/p>\n\n\n\n<p>Ingressos Limitados Dispon\u00edveis no Site <a href=\"http:\/\/www.diskingressos.com.br\/\">www.diskingressos.com.br<\/a><\/p>\n","protected":false},"excerpt":{"rendered":"<p>O gaitista de turbante apresenta cl\u00e1ssicos da m\u00fasica de conex\u00e3o mundial e sem fronteiras Curitiba ser\u00e1 palco de uma noite inusitada para os amantes da m\u00fasica instrumental \u201csem fronteiras\u201d. No pr\u00f3ximo s\u00e1bado, 25 de janeiro, a capital paranaense recebe a estreia nacional de \u201cCaravana\u201d, liderada por ZuriShaddai, um dos nomes promissores da gaita harm\u00f4nica no [&hellip;]<\/p>\n","protected":false},"author":1,"featured_media":3934,"comment_status":"open","ping_status":"open","sticky":false,"template":"","format":"standard","meta":{"footnotes":""},"categories":[27],"tags":[],"class_list":["post-3933","post","type-post","status-publish","format-standard","has-post-thumbnail","hentry","category-musica"],"_links":{"self":[{"href":"https:\/\/diarioparanaense.com\/index.php?rest_route=\/wp\/v2\/posts\/3933","targetHints":{"allow":["GET"]}}],"collection":[{"href":"https:\/\/diarioparanaense.com\/index.php?rest_route=\/wp\/v2\/posts"}],"about":[{"href":"https:\/\/diarioparanaense.com\/index.php?rest_route=\/wp\/v2\/types\/post"}],"author":[{"embeddable":true,"href":"https:\/\/diarioparanaense.com\/index.php?rest_route=\/wp\/v2\/users\/1"}],"replies":[{"embeddable":true,"href":"https:\/\/diarioparanaense.com\/index.php?rest_route=%2Fwp%2Fv2%2Fcomments&post=3933"}],"version-history":[{"count":1,"href":"https:\/\/diarioparanaense.com\/index.php?rest_route=\/wp\/v2\/posts\/3933\/revisions"}],"predecessor-version":[{"id":3935,"href":"https:\/\/diarioparanaense.com\/index.php?rest_route=\/wp\/v2\/posts\/3933\/revisions\/3935"}],"wp:featuredmedia":[{"embeddable":true,"href":"https:\/\/diarioparanaense.com\/index.php?rest_route=\/wp\/v2\/media\/3934"}],"wp:attachment":[{"href":"https:\/\/diarioparanaense.com\/index.php?rest_route=%2Fwp%2Fv2%2Fmedia&parent=3933"}],"wp:term":[{"taxonomy":"category","embeddable":true,"href":"https:\/\/diarioparanaense.com\/index.php?rest_route=%2Fwp%2Fv2%2Fcategories&post=3933"},{"taxonomy":"post_tag","embeddable":true,"href":"https:\/\/diarioparanaense.com\/index.php?rest_route=%2Fwp%2Fv2%2Ftags&post=3933"}],"curies":[{"name":"wp","href":"https:\/\/api.w.org\/{rel}","templated":true}]}}