{"id":3927,"date":"2025-01-21T10:56:30","date_gmt":"2025-01-21T13:56:30","guid":{"rendered":"https:\/\/diarioparanaense.com\/?p=3927"},"modified":"2025-01-21T10:56:35","modified_gmt":"2025-01-21T13:56:35","slug":"bale-adulto-requer-roupas-adequadas","status":"publish","type":"post","link":"https:\/\/diarioparanaense.com\/?p=3927","title":{"rendered":"Bal\u00e9 adulto requer roupas adequadas"},"content":{"rendered":"\n<p class=\"has-medium-font-size\">Tend\u00eancia de exerc\u00edcio f\u00edsico art\u00edstico passa por vestimentas mais dur\u00e1veis, confort\u00e1veis e bonitas<\/p>\n\n\n\n<p>Que praticar exerc\u00edcio f\u00edsico \u00e9 uma necessidade para qualquer faixa et\u00e1ria \u00e9 um consenso. O que cada vez mais pessoas buscam \u00e9 inserir esse condicionamento na rotina de forma prazerosa e criativa. Para alguns, a descoberta ou redescoberta do bal\u00e9 cl\u00e1ssico tem dado esse est\u00edmulo e permitido treinar equil\u00edbrio, alongamento, isometria, for\u00e7a e muito mais. Em janeiro e fevereiro, muitas escolas oferecem at\u00e9 minicursos de ver\u00e3o, que permitem o primeiro contato com a pr\u00e1tica ou manter o condicionamento.<\/p>\n\n\n\n<p>\u201cAl\u00e9m de uma pr\u00e1tica corporal, o bal\u00e9 trabalha a express\u00e3o art\u00edstica e sensibilidade. O pr\u00f3prio contato com a m\u00fasica cl\u00e1ssica \u00e9 relacionado em diversos estudos a benef\u00edcios para o c\u00e9rebro, inserindo a harmonia que afeta tamb\u00e9m a sa\u00fade mental\u201d, pontua a professora de dan\u00e7a e mestre em Artes Mariah Spagnolo.<\/p>\n\n\n\n<p>Uma barreira para os iniciantes, por incr\u00edvel que pare\u00e7a, s\u00e3o as roupas utilizadas para as aulas. Pensando nesse p\u00fablico que, muitas vezes, chega ao mundo das sapatilhas de forma t\u00edmida, Mariah se uniu a uma de suas alunas, Juliana Quege, para oferecer roupas mais adequadas: que n\u00e3o apertam, servem em diferentes tipos de corpo, com elasticidade bilateral e maior qualidade e durabilidade. A Point\u00e8 Brasil surgiu, em 2022, para atender essa demanda e criar modelos inexistentes no mercado.<\/p>\n\n\n\n<p>\u201cMeus alunos precisam se sentir confort\u00e1veis e livres para trabalhar a movimenta\u00e7\u00e3o durante as aulas de dan\u00e7a. A gente trabalha muito o alongamento, e quanto mais confort\u00e1vel voc\u00ea estiver, menor ser\u00e1 o foco na roupa que te envolve e, consequentemente, menos isso vai chamar a sua aten\u00e7\u00e3o, o que ajuda a manter a concentra\u00e7\u00e3o na execu\u00e7\u00e3o do exerc\u00edcio\u201d, explica Mariah.<\/p>\n\n\n\n<p>\u201cHoje eu percebo que, quando a roupa me incomodava ou at\u00e9 machucava alguma parte do corpo, eu ficava dividida entre fazer o exerc\u00edcio ou resolver aquele problema\u201d, relembra Juliana. \u201cO desconforto faz o aluno se sentir inseguro, e por isso \u00e9 muito importante que as roupas pra pr\u00e1tica do bal\u00e9 sejam confort\u00e1veis e adequadas\u201d, esclarece Mariah.<\/p>\n\n\n\n<p>Determinadas a acabar com o el\u00e1stico que esmaga a barriga, o collant que exp\u00f5e as n\u00e1degas a qualquer movimento e meias cal\u00e7as que n\u00e3o resistem a uma \u00fanica aula sem puxar fio ou rasgar, Juliana e Mariah se uniram a um time de costureiras experientes e criaram, em 2022, sua primeira cole\u00e7\u00e3o de roupas adequadas para aulas de bal\u00e9 adulto. Na sequ\u00eancia, vieram muitas outras inova\u00e7\u00f5es, por meio de tecidos tecnol\u00f3gicos e melhorias de formato, e elas tamb\u00e9m trouxeram linhas de pe\u00e7as para o p\u00fablico infantil.<\/p>\n\n\n\n<p>A beleza da roupa tamb\u00e9m contribui para a autoestima, pois a imagem corporal do aluno \u00e9 refletida nos grandes espelhos da sala de aula. \u201cA pessoa est\u00e1 sempre conferindo sua postura e atualizando a percep\u00e7\u00e3o de si, e tudo isso agrega confian\u00e7a. \u00c9 poss\u00edvel para cada um ser sua melhor vers\u00e3o durante as aulas\u201d, promete a professora.<\/p>\n\n\n\n<p>Um exemplo de melhoria trazida para as salas de aula pela dupla \u00e9 a a meia-cal\u00e7a &#8220;I Need You Baby&#8221;, desenvolvida pela Point\u00e8 Brasil e que obteve registro de patente. A inova\u00e7\u00e3o proposta para a meia-cal\u00e7a convers\u00edvel de suplex foi um c\u00f3s feito em tule com elastano, que possui toque macio e proporciona uma compress\u00e3o adequada que n\u00e3o machuca. Dispon\u00edvel nas cores salm\u00e3o e preto, este produto j\u00e1 se tornou um dos mais vendidos da marca \u2013 assim como a sapatilha meia ponta e a legging em tule \u2013 e conquistou principalmente o cora\u00e7\u00e3o das bailarinas adultas que sofriam com o el\u00e1stico que esmagava e marcava a barriga.<\/p>\n\n\n\n<p>Com a vestimenta e a atitude certas, o bal\u00e9 est\u00e1 ao alcance de todos que desejarem. \u201cEu recomendo muito a pr\u00e1tica do bal\u00e9, que, al\u00e9m do alongamento e for\u00e7a, traz socializa\u00e7\u00e3o. Estar numa turma com outras pessoas do mesmo n\u00edvel que voc\u00ea, aprendendo uma coisa nova que tamb\u00e9m estimula o c\u00e9rebro, pode ser o melhor caminho para quem busca um exerc\u00edcio mas sente dificuldade em come\u00e7ar\u201d, garante a profissional.<br>Saiba mais aqui.<\/p>\n\n\n\n<p>Sobre a Point\u00e8 Brasil: Presente em mais de 50 pontos de revenda ao redor do Brasil, em lojas multimarcas e escolas de dan\u00e7a, a Point\u00e8 Brasil surgiu em 2022 para acrescentar conforto e beleza \u00e0 pr\u00e1tica do bal\u00e9, com pe\u00e7as que duram mais. Para n\u00f3s, \u00e9 muito importante contribuir com a gera\u00e7\u00e3o de emprego, renda e capacita\u00e7\u00e3o de m\u00e3o de obra em Curitiba e regi\u00e3o metropolitana. Por isso, contamos com uma linha de produ\u00e7\u00e3o pr\u00f3pria, e tamb\u00e9m trabalhamos com mulheres que tiveram sua economia formalizada pela Point\u00e8. Entendemos que a sustentabilidade \u00e9 a chave do nosso trabalho, e por isso usamos mat\u00e9ria-prima de fornecedores pr\u00f3ximos. Queremos que mulheres possam dan\u00e7ar bal\u00e9 de forma segura e confort\u00e1vel e expressar sua personalidade por meio da dan\u00e7a com o corpo&nbsp;que&nbsp;ela&nbsp;tem.<\/p>\n","protected":false},"excerpt":{"rendered":"<p>Tend\u00eancia de exerc\u00edcio f\u00edsico art\u00edstico passa por vestimentas mais dur\u00e1veis, confort\u00e1veis e bonitas Que praticar exerc\u00edcio f\u00edsico \u00e9 uma necessidade para qualquer faixa et\u00e1ria \u00e9 um consenso. O que cada vez mais pessoas buscam \u00e9 inserir esse condicionamento na rotina de forma prazerosa e criativa. Para alguns, a descoberta ou redescoberta do bal\u00e9 cl\u00e1ssico tem [&hellip;]<\/p>\n","protected":false},"author":1,"featured_media":3928,"comment_status":"open","ping_status":"open","sticky":false,"template":"","format":"standard","meta":{"footnotes":""},"categories":[29],"tags":[],"class_list":["post-3927","post","type-post","status-publish","format-standard","has-post-thumbnail","hentry","category-artigos"],"_links":{"self":[{"href":"https:\/\/diarioparanaense.com\/index.php?rest_route=\/wp\/v2\/posts\/3927","targetHints":{"allow":["GET"]}}],"collection":[{"href":"https:\/\/diarioparanaense.com\/index.php?rest_route=\/wp\/v2\/posts"}],"about":[{"href":"https:\/\/diarioparanaense.com\/index.php?rest_route=\/wp\/v2\/types\/post"}],"author":[{"embeddable":true,"href":"https:\/\/diarioparanaense.com\/index.php?rest_route=\/wp\/v2\/users\/1"}],"replies":[{"embeddable":true,"href":"https:\/\/diarioparanaense.com\/index.php?rest_route=%2Fwp%2Fv2%2Fcomments&post=3927"}],"version-history":[{"count":1,"href":"https:\/\/diarioparanaense.com\/index.php?rest_route=\/wp\/v2\/posts\/3927\/revisions"}],"predecessor-version":[{"id":3929,"href":"https:\/\/diarioparanaense.com\/index.php?rest_route=\/wp\/v2\/posts\/3927\/revisions\/3929"}],"wp:featuredmedia":[{"embeddable":true,"href":"https:\/\/diarioparanaense.com\/index.php?rest_route=\/wp\/v2\/media\/3928"}],"wp:attachment":[{"href":"https:\/\/diarioparanaense.com\/index.php?rest_route=%2Fwp%2Fv2%2Fmedia&parent=3927"}],"wp:term":[{"taxonomy":"category","embeddable":true,"href":"https:\/\/diarioparanaense.com\/index.php?rest_route=%2Fwp%2Fv2%2Fcategories&post=3927"},{"taxonomy":"post_tag","embeddable":true,"href":"https:\/\/diarioparanaense.com\/index.php?rest_route=%2Fwp%2Fv2%2Ftags&post=3927"}],"curies":[{"name":"wp","href":"https:\/\/api.w.org\/{rel}","templated":true}]}}