{"id":3921,"date":"2025-01-20T17:13:31","date_gmt":"2025-01-20T20:13:31","guid":{"rendered":"https:\/\/diarioparanaense.com\/?p=3921"},"modified":"2025-01-20T17:13:32","modified_gmt":"2025-01-20T20:13:32","slug":"diego-arnaldo-lancam-album-completo-do-projeto-ao-vivo-em-sao-paulo","status":"publish","type":"post","link":"https:\/\/diarioparanaense.com\/?p=3921","title":{"rendered":"Diego &amp; Arnaldo lan\u00e7am \u00e1lbum completo do projeto \u201cAo Vivo em S\u00e3o Paulo\u201d"},"content":{"rendered":"\n<p>Com 24 faixas, lan\u00e7amento chega \u00e0s plataformas digitais nesta quinta-feira (16) e faixa foco, \u201dDisk Reca\u00edda\u201d feat Murilo Huff , ganha videoclipe no dia seguinte<\/p>\n\n\n\n<p>Diego &amp; Arnaldo lan\u00e7am o \u00e1lbum completo &#8220;Ao Vivo em S\u00e3o Paulo&#8221;, projeto que marcou o in\u00edcio de uma nova fase na carreira da dupla, nesta quinta-feira (16). Com 24 faixas, este foi o primeiro DVD sob a gest\u00e3o do escrit\u00f3rio ZNEC Produ\u00e7\u00f5es e est\u00e1 dispon\u00edvel em todas as plataformas digitais, incluindo a faixa foco \u201cDisk Reca\u00edda\u201d, em parceria com Murilo Huff , que ganha videoclipe nesta sexta-feira (17). O DVD, que foi gravado no palco do Villa Country, a maior casa sertaneja da Am\u00e9rica Latina, apresenta um repert\u00f3rio recheado e parcerias especiais com artistas como Luan Pereira, Gian &amp; Giovani, Bruno C\u00e9sar &amp; Rodrigo, al\u00e9m de Lauana Prado. &#8220;Este projeto representa um marco importante para a nossa trajet\u00f3ria, consideramos ser o mais importante das nossas vidas at\u00e9 o momento. Gravamos no Villa Country, um lugar que tem um signifi cado enorme para o sertanejo, e com parcerias que respeitamos e admiramos muito. Estamos muito felizes com o resultado e com a receptividade do p\u00fablico&#8221;, afi rmam Diego &amp; Arnaldo.<\/p>\n","protected":false},"excerpt":{"rendered":"<p>Com 24 faixas, lan\u00e7amento chega \u00e0s plataformas digitais nesta quinta-feira (16) e faixa foco, \u201dDisk Reca\u00edda\u201d feat Murilo Huff , ganha videoclipe no dia seguinte Diego &amp; Arnaldo lan\u00e7am o \u00e1lbum completo &#8220;Ao Vivo em S\u00e3o Paulo&#8221;, projeto que marcou o in\u00edcio de uma nova fase na carreira da dupla, nesta quinta-feira (16). Com 24 [&hellip;]<\/p>\n","protected":false},"author":1,"featured_media":3924,"comment_status":"open","ping_status":"open","sticky":false,"template":"","format":"standard","meta":{"footnotes":""},"categories":[27],"tags":[],"class_list":["post-3921","post","type-post","status-publish","format-standard","has-post-thumbnail","hentry","category-musica"],"_links":{"self":[{"href":"https:\/\/diarioparanaense.com\/index.php?rest_route=\/wp\/v2\/posts\/3921","targetHints":{"allow":["GET"]}}],"collection":[{"href":"https:\/\/diarioparanaense.com\/index.php?rest_route=\/wp\/v2\/posts"}],"about":[{"href":"https:\/\/diarioparanaense.com\/index.php?rest_route=\/wp\/v2\/types\/post"}],"author":[{"embeddable":true,"href":"https:\/\/diarioparanaense.com\/index.php?rest_route=\/wp\/v2\/users\/1"}],"replies":[{"embeddable":true,"href":"https:\/\/diarioparanaense.com\/index.php?rest_route=%2Fwp%2Fv2%2Fcomments&post=3921"}],"version-history":[{"count":1,"href":"https:\/\/diarioparanaense.com\/index.php?rest_route=\/wp\/v2\/posts\/3921\/revisions"}],"predecessor-version":[{"id":3925,"href":"https:\/\/diarioparanaense.com\/index.php?rest_route=\/wp\/v2\/posts\/3921\/revisions\/3925"}],"wp:featuredmedia":[{"embeddable":true,"href":"https:\/\/diarioparanaense.com\/index.php?rest_route=\/wp\/v2\/media\/3924"}],"wp:attachment":[{"href":"https:\/\/diarioparanaense.com\/index.php?rest_route=%2Fwp%2Fv2%2Fmedia&parent=3921"}],"wp:term":[{"taxonomy":"category","embeddable":true,"href":"https:\/\/diarioparanaense.com\/index.php?rest_route=%2Fwp%2Fv2%2Fcategories&post=3921"},{"taxonomy":"post_tag","embeddable":true,"href":"https:\/\/diarioparanaense.com\/index.php?rest_route=%2Fwp%2Fv2%2Ftags&post=3921"}],"curies":[{"name":"wp","href":"https:\/\/api.w.org\/{rel}","templated":true}]}}