{"id":3917,"date":"2025-01-16T09:28:11","date_gmt":"2025-01-16T12:28:11","guid":{"rendered":"https:\/\/diarioparanaense.com\/?p=3917"},"modified":"2025-01-16T09:28:12","modified_gmt":"2025-01-16T12:28:12","slug":"pe-de-meia-nao-deve-impactar-licenciaturas-em-um-primeiro-momento-diz-sinepe-pr","status":"publish","type":"post","link":"https:\/\/diarioparanaense.com\/?p=3917","title":{"rendered":"P\u00e9-de-Meia n\u00e3o deve impactar licenciaturas em um primeiro momento, diz Sinepe\/PR"},"content":{"rendered":"\n<p class=\"has-medium-font-size\">Especialistas do Sindicato analisam proposta do Governo Federal como positiva, mas insuficiente para o longo prazo e para carreira de professores<\/p>\n\n\n\n<p>Com o objetivo de incentivar a forma\u00e7\u00e3o de professores no pa\u00eds, o Minist\u00e9rio da Educa\u00e7\u00e3o (MEC) anunciou na ter\u00e7a-feira (14\/01) a entrada em vigor do programa \u2018P\u00e9-de-Meia Licenciaturas\u2019. Mas na vis\u00e3o de especialistas da educa\u00e7\u00e3o, o programa deve ser insuficiente para evitar o d\u00e9ficit educacional no setor.<\/p>\n\n\n\n<p>De acordo com o Censo do Ensino Superior 2022 do MEC, a principal causa dessa evas\u00e3o \u00e9 a dificuldade financeira para a continuidade na faculdade. Para o professor Haroldo Andriguetto Junior, presidente do Sindicato das Escolas Particulares &#8211; Sinepe\/PR, al\u00e9m de incentivos, \u00e9 preciso uma transforma\u00e7\u00e3o na base educacional. \u201cA car\u00eancia de professores no Brasil n\u00e3o \u00e9 apenas um problema do ensino superior, mas \u00e9 um reflexo de uma desvaloriza\u00e7\u00e3o que come\u00e7a desde cedo\u201d, acredita. \u201cPara mudar esse cen\u00e1rio, precisamos sensibilizar nossos jovens e adolescentes, mostrar que ser professor \u00e9 construir futuros, \u00e9 transformar vidas, \u00e9 deixar um legado duradouro\u201d, completa.<\/p>\n\n\n\n<p>Apenas com a valoriza\u00e7\u00e3o dessa profiss\u00e3o \u00e9 que os jovens ir\u00e3o optar por seguir essas carreiras, concorda a professora Adriana Karam, diretora de Ensino Superior do Sinepe\/PR. \u201c\u00c9 claro que o sonho dos jovens vai ser por profiss\u00f5es mais bem reconhecidas e, eu diria, at\u00e9 mesmo mais bem remuneradas\u201d, reconhece. \u201cPor isso que todos n\u00f3s precisamos repensar a s\u00e9rio a educa\u00e7\u00e3o e o que ela representa para o Brasil\u201d, justifica.<\/p>\n\n\n\n<p>A professora complementa que h\u00e1 uma tend\u00eancia forte de aus\u00eancia, no futuro pr\u00f3ximo, de profissionais que queiram continuar com o trabalho de docentes.<\/p>\n\n\n\n<p class=\"has-medium-font-size\">P\u00e9-de-Meia pode n\u00e3o resolver problemas ao longo prazo<\/p>\n\n\n\n<p>Para o curto prazo e como medida de transi\u00e7\u00e3o, o \u2018P\u00e9-de-Meia Licenciatura\u2019 \u00e9 v\u00e1lido, diz a professora Dinamara Pereira Machado, diretora de EaD do Sinepe\/PR. \u201cPrecisamos vencer a quest\u00e3o do assistencialismo quando pensamos em pol\u00edticas p\u00fablicas, ou seja, devemos entender que elas devem ser pensadas dentro de um projeto de na\u00e7\u00e3o\u201d, explica.<\/p>\n\n\n\n<p>De acordo com ela, a perman\u00eancia na carreira s\u00f3 vai se dar, com a an\u00e1lise de todo o contexto da profiss\u00e3o. \u201cO programa \u00e9 apenas uma gota d\u2019\u00e1gua em um oceano azul de possibilidades de melhorias para se chegar a uma educa\u00e7\u00e3o de qualidade. E isso passa por planos de carreira, concursos, infraestrutura para trabalhar e, claro, o reconhecimento merecido\u201d, conclui.<\/p>\n\n\n\n<p class=\"has-medium-font-size\">O que \u00e9 o P\u00e9-de-Meia?<\/p>\n\n\n\n<p>O P\u00e9-de-Meia para licenciaturas trata-se de uma bonifica\u00e7\u00e3o financeira para estudantes que escolham as licenciaturas, para estimular o ingresso e a perman\u00eancia nessas carreiras. O programa oferece um incentivo financeiro mensal de R$ 1.050 para futuros professores. Deste valor, R$ 700 est\u00e3o dispon\u00edveis para saque mensal, enquanto R$ 350 s\u00e3o depositados em uma poupan\u00e7a, que poder\u00e1 ser resgatada quando o rec\u00e9m-formado ingressar na rede p\u00fablica de ensino, dentro de um prazo de at\u00e9 cinco anos ap\u00f3s a conclus\u00e3o&nbsp;do&nbsp;curso.<\/p>\n","protected":false},"excerpt":{"rendered":"<p>Especialistas do Sindicato analisam proposta do Governo Federal como positiva, mas insuficiente para o longo prazo e para carreira de professores Com o objetivo de incentivar a forma\u00e7\u00e3o de professores no pa\u00eds, o Minist\u00e9rio da Educa\u00e7\u00e3o (MEC) anunciou na ter\u00e7a-feira (14\/01) a entrada em vigor do programa \u2018P\u00e9-de-Meia Licenciaturas\u2019. Mas na vis\u00e3o de especialistas da [&hellip;]<\/p>\n","protected":false},"author":1,"featured_media":3918,"comment_status":"open","ping_status":"open","sticky":false,"template":"","format":"standard","meta":{"footnotes":""},"categories":[148,21],"tags":[],"class_list":["post-3917","post","type-post","status-publish","format-standard","has-post-thumbnail","hentry","category-educacao","category-news"],"_links":{"self":[{"href":"https:\/\/diarioparanaense.com\/index.php?rest_route=\/wp\/v2\/posts\/3917","targetHints":{"allow":["GET"]}}],"collection":[{"href":"https:\/\/diarioparanaense.com\/index.php?rest_route=\/wp\/v2\/posts"}],"about":[{"href":"https:\/\/diarioparanaense.com\/index.php?rest_route=\/wp\/v2\/types\/post"}],"author":[{"embeddable":true,"href":"https:\/\/diarioparanaense.com\/index.php?rest_route=\/wp\/v2\/users\/1"}],"replies":[{"embeddable":true,"href":"https:\/\/diarioparanaense.com\/index.php?rest_route=%2Fwp%2Fv2%2Fcomments&post=3917"}],"version-history":[{"count":1,"href":"https:\/\/diarioparanaense.com\/index.php?rest_route=\/wp\/v2\/posts\/3917\/revisions"}],"predecessor-version":[{"id":3919,"href":"https:\/\/diarioparanaense.com\/index.php?rest_route=\/wp\/v2\/posts\/3917\/revisions\/3919"}],"wp:featuredmedia":[{"embeddable":true,"href":"https:\/\/diarioparanaense.com\/index.php?rest_route=\/wp\/v2\/media\/3918"}],"wp:attachment":[{"href":"https:\/\/diarioparanaense.com\/index.php?rest_route=%2Fwp%2Fv2%2Fmedia&parent=3917"}],"wp:term":[{"taxonomy":"category","embeddable":true,"href":"https:\/\/diarioparanaense.com\/index.php?rest_route=%2Fwp%2Fv2%2Fcategories&post=3917"},{"taxonomy":"post_tag","embeddable":true,"href":"https:\/\/diarioparanaense.com\/index.php?rest_route=%2Fwp%2Fv2%2Ftags&post=3917"}],"curies":[{"name":"wp","href":"https:\/\/api.w.org\/{rel}","templated":true}]}}