{"id":3914,"date":"2025-01-15T09:22:38","date_gmt":"2025-01-15T12:22:38","guid":{"rendered":"https:\/\/diarioparanaense.com\/?p=3914"},"modified":"2025-01-15T09:22:39","modified_gmt":"2025-01-15T12:22:39","slug":"rede-farmacias-nissei-doa-1-200-protetores-solares-para-ambulantes-e-servidores-publicos-em-guaratuba","status":"publish","type":"post","link":"https:\/\/diarioparanaense.com\/?p=3914","title":{"rendered":"Rede Farm\u00e1cias Nissei doa 1.200 protetores solares para ambulantes e servidores p\u00fablicos em Guaratuba"},"content":{"rendered":"\n<p class=\"has-medium-font-size\">A\u00e7\u00e3o que acontece anualmente em parceria com a Prefeitura do munic\u00edpio do litoral do Paran\u00e1 refor\u00e7a compromisso com a sa\u00fade e bem-estar dos trabalhadores durante o ver\u00e3o<\/p>\n\n\n\n<p>A rede de Farm\u00e1cias Nissei realizou a doa\u00e7\u00e3o de 1.200 protetores solares \u00e0 Prefeitura de Guaratuba. Os produtos ser\u00e3o destinados aos ambulantes cadastrados para a temporada e aos servidores que desempenham atividades que demandam exposi\u00e7\u00e3o prolongada ao sol.<\/p>\n\n\n\n<p>A parceria, que acontece todos os anos neste per\u00edodo, tem o objetivo de refor\u00e7ar a prote\u00e7\u00e3o e contribuir para o bem-estar desses trabalhadores. Al\u00e9m dos ambulantes, ser\u00e3o beneficiados coletores de lixo e varredores, fiscais e comunicadores.<\/p>\n\n\n\n<p class=\"has-medium-font-size\">Conscientiza\u00e7\u00e3o<\/p>\n\n\n\n<p>O movimento faz parte da campanha de conscientiza\u00e7\u00e3o sobre a import\u00e2ncia da prote\u00e7\u00e3o solar realizada pela Nissei. \u201cParticipar de iniciativas que incentivam a sa\u00fade e o bem-estar da popula\u00e7\u00e3o est\u00e1 no DNA das Farm\u00e1cias Nissei. E essa doa\u00e7\u00e3o refor\u00e7a nosso compromisso com a preven\u00e7\u00e3o e o cuidado, especialmente em uma cidade litor\u00e2nea, onde a exposi\u00e7\u00e3o ao sol faz parte da rotina de trabalho e lazer\u201d, afirma Andr\u00e9 Lissner, CFO da rede. \u201cInvestir na prote\u00e7\u00e3o de quem presta servi\u00e7os essenciais \u00e0 comunidade \u00e9 uma forma de promover mais qualidade de vida e fortalecer a sa\u00fade de maneira respons\u00e1vel\u201d, completa.<\/p>\n\n\n\n<p>O tema \u00e9 cada vez mais importante, visto que o c\u00e2ncer de pele \u00e9 o mais comum no Brasil e, segundo o Instituto Nacional do C\u00e2ncer (Inca), o tipo n\u00e3o melanoma deve atingir 220,5 mil pessoas em 2025. De acordo com as estimativas, o tipo melanoma, varia\u00e7\u00e3o mais agressiva, deve chegar a 9 mil&nbsp;novos&nbsp;casos.<\/p>\n","protected":false},"excerpt":{"rendered":"<p>A\u00e7\u00e3o que acontece anualmente em parceria com a Prefeitura do munic\u00edpio do litoral do Paran\u00e1 refor\u00e7a compromisso com a sa\u00fade e bem-estar dos trabalhadores durante o ver\u00e3o A rede de Farm\u00e1cias Nissei realizou a doa\u00e7\u00e3o de 1.200 protetores solares \u00e0 Prefeitura de Guaratuba. Os produtos ser\u00e3o destinados aos ambulantes cadastrados para a temporada e aos [&hellip;]<\/p>\n","protected":false},"author":1,"featured_media":3915,"comment_status":"open","ping_status":"open","sticky":false,"template":"","format":"standard","meta":{"footnotes":""},"categories":[29],"tags":[],"class_list":["post-3914","post","type-post","status-publish","format-standard","has-post-thumbnail","hentry","category-artigos"],"_links":{"self":[{"href":"https:\/\/diarioparanaense.com\/index.php?rest_route=\/wp\/v2\/posts\/3914","targetHints":{"allow":["GET"]}}],"collection":[{"href":"https:\/\/diarioparanaense.com\/index.php?rest_route=\/wp\/v2\/posts"}],"about":[{"href":"https:\/\/diarioparanaense.com\/index.php?rest_route=\/wp\/v2\/types\/post"}],"author":[{"embeddable":true,"href":"https:\/\/diarioparanaense.com\/index.php?rest_route=\/wp\/v2\/users\/1"}],"replies":[{"embeddable":true,"href":"https:\/\/diarioparanaense.com\/index.php?rest_route=%2Fwp%2Fv2%2Fcomments&post=3914"}],"version-history":[{"count":1,"href":"https:\/\/diarioparanaense.com\/index.php?rest_route=\/wp\/v2\/posts\/3914\/revisions"}],"predecessor-version":[{"id":3916,"href":"https:\/\/diarioparanaense.com\/index.php?rest_route=\/wp\/v2\/posts\/3914\/revisions\/3916"}],"wp:featuredmedia":[{"embeddable":true,"href":"https:\/\/diarioparanaense.com\/index.php?rest_route=\/wp\/v2\/media\/3915"}],"wp:attachment":[{"href":"https:\/\/diarioparanaense.com\/index.php?rest_route=%2Fwp%2Fv2%2Fmedia&parent=3914"}],"wp:term":[{"taxonomy":"category","embeddable":true,"href":"https:\/\/diarioparanaense.com\/index.php?rest_route=%2Fwp%2Fv2%2Fcategories&post=3914"},{"taxonomy":"post_tag","embeddable":true,"href":"https:\/\/diarioparanaense.com\/index.php?rest_route=%2Fwp%2Fv2%2Ftags&post=3914"}],"curies":[{"name":"wp","href":"https:\/\/api.w.org\/{rel}","templated":true}]}}