{"id":3903,"date":"2025-01-14T11:29:04","date_gmt":"2025-01-14T14:29:04","guid":{"rendered":"https:\/\/diarioparanaense.com\/?p=3903"},"modified":"2025-01-14T11:29:04","modified_gmt":"2025-01-14T14:29:04","slug":"kelly-heins-se-destaca-na-biomedicina-ortomolecular-com-abordagem-integrativa","status":"publish","type":"post","link":"https:\/\/diarioparanaense.com\/?p=3903","title":{"rendered":"Kelly Heins se destaca na biomedicina ortomolecular com abordagem integrativa"},"content":{"rendered":"\n<p>A biomedicina ortomolecular tem ganhado destaque nos \u00faltimos anos como uma abordagem integrativa e preventiva para a sa\u00fade. Focada no equil\u00edbrio do organismo a partir do ajuste de vitaminas, minerais e nutrientes, essa \u00e1rea n\u00e3o trata apenas os sintomas de doen\u00e7as, mas busca as causas subjacentes, promovendo o bem-estar de dentro para fora.<\/p>\n\n\n\n<p>Os profissionais dessa \u00e1rea utilizam m\u00e9todos que combinam ci\u00eancia e nutri\u00e7\u00e3o para ajudar em condi\u00e7\u00f5es como disbiose \u2013 um desequil\u00edbrio da flora intestinal que pode causar problemas como cansa\u00e7o, incha\u00e7o e dificuldades digestivas \u2013, al\u00e9m de trabalharem com objetivos espec\u00edficos, como emagrecimento e hipertrofia muscular. A proposta \u00e9 individualizada: cada paciente recebe um plano personalizado, respeitando suas necessidades \u00fanicas.<\/p>\n\n\n\n<p>Entre os profissionais que se destacam nessa \u00e1rea est\u00e1 Kelly Heins, biom\u00e9dica ortomolecular integrativa, conhecida por sua atua\u00e7\u00e3o em emagrecimento, hipertrofia e no tratamento da disbiose. Com forma\u00e7\u00e3o em nutri\u00e7\u00e3o pela Faculdade de A Corunha, na Espanha, membro da Federa\u00e7\u00e3o Espanhola de Desporto de A Corunha (FEDA) e da Associa\u00e7\u00e3o Paulista de Biomedicina (APBM), Kelly une sua expertise internacional a uma abordagem hol\u00edstica e cient\u00edfica.<\/p>\n\n\n\n<p>A biom\u00e9dica defende que o foco n\u00e3o deve estar apenas na est\u00e9tica, mas na sa\u00fade como um todo. Segundo ela, o equil\u00edbrio intestinal \u00e9 fundamental para o bem-estar, pois problemas na flora intestinal podem desencadear uma s\u00e9rie de condi\u00e7\u00f5es que v\u00e3o al\u00e9m do sistema digestivo, afetando at\u00e9 o humor e a imunidade.<\/p>\n\n\n\n<p>Outro ponto que chama aten\u00e7\u00e3o no trabalho de Kelly \u00e9 o planejamento alimentar. Autora do Guia Low Carb, ela oferece ferramentas pr\u00e1ticas para quem deseja adotar h\u00e1bitos alimentares mais saud\u00e1veis, com receitas adaptadas e estrat\u00e9gias de reeduca\u00e7\u00e3o alimentar. Al\u00e9m disso, ela desenvolve desafios, como o de jejum intermitente, que promovem a detoxifica\u00e7\u00e3o do corpo e a perda de peso de maneira segura e controlada.<\/p>\n\n\n\n<p>Kelly tamb\u00e9m se destaca pela forma como atende seus pacientes, seja presencialmente, em seu consult\u00f3rio, ou online, permitindo acesso a pessoas de diversas localidades. Suas propostas incluem programas completos, como mentorias mensais e alternativas mais acess\u00edveis, como consultorias com orienta\u00e7\u00f5es pontuais.<\/p>\n\n\n\n<p>Sua abordagem pr\u00e1tica e baseada na ci\u00eancia tem atra\u00eddo pacientes que buscam mais do que resultados r\u00e1pidos \u2013 eles desejam transformar a sa\u00fade de maneira sustent\u00e1vel e duradoura.<\/p>\n","protected":false},"excerpt":{"rendered":"<p>A biomedicina ortomolecular tem ganhado destaque nos \u00faltimos anos como uma abordagem integrativa e preventiva para a sa\u00fade. Focada no equil\u00edbrio do organismo a partir do ajuste de vitaminas, minerais e nutrientes, essa \u00e1rea n\u00e3o trata apenas os sintomas de doen\u00e7as, mas busca as causas subjacentes, promovendo o bem-estar de dentro para fora. Os profissionais [&hellip;]<\/p>\n","protected":false},"author":1,"featured_media":3904,"comment_status":"open","ping_status":"open","sticky":false,"template":"","format":"standard","meta":{"footnotes":""},"categories":[29],"tags":[],"class_list":["post-3903","post","type-post","status-publish","format-standard","has-post-thumbnail","hentry","category-artigos"],"_links":{"self":[{"href":"https:\/\/diarioparanaense.com\/index.php?rest_route=\/wp\/v2\/posts\/3903","targetHints":{"allow":["GET"]}}],"collection":[{"href":"https:\/\/diarioparanaense.com\/index.php?rest_route=\/wp\/v2\/posts"}],"about":[{"href":"https:\/\/diarioparanaense.com\/index.php?rest_route=\/wp\/v2\/types\/post"}],"author":[{"embeddable":true,"href":"https:\/\/diarioparanaense.com\/index.php?rest_route=\/wp\/v2\/users\/1"}],"replies":[{"embeddable":true,"href":"https:\/\/diarioparanaense.com\/index.php?rest_route=%2Fwp%2Fv2%2Fcomments&post=3903"}],"version-history":[{"count":1,"href":"https:\/\/diarioparanaense.com\/index.php?rest_route=\/wp\/v2\/posts\/3903\/revisions"}],"predecessor-version":[{"id":3905,"href":"https:\/\/diarioparanaense.com\/index.php?rest_route=\/wp\/v2\/posts\/3903\/revisions\/3905"}],"wp:featuredmedia":[{"embeddable":true,"href":"https:\/\/diarioparanaense.com\/index.php?rest_route=\/wp\/v2\/media\/3904"}],"wp:attachment":[{"href":"https:\/\/diarioparanaense.com\/index.php?rest_route=%2Fwp%2Fv2%2Fmedia&parent=3903"}],"wp:term":[{"taxonomy":"category","embeddable":true,"href":"https:\/\/diarioparanaense.com\/index.php?rest_route=%2Fwp%2Fv2%2Fcategories&post=3903"},{"taxonomy":"post_tag","embeddable":true,"href":"https:\/\/diarioparanaense.com\/index.php?rest_route=%2Fwp%2Fv2%2Ftags&post=3903"}],"curies":[{"name":"wp","href":"https:\/\/api.w.org\/{rel}","templated":true}]}}