{"id":3902,"date":"2025-01-14T11:31:27","date_gmt":"2025-01-14T14:31:27","guid":{"rendered":"https:\/\/diarioparanaense.com\/?p=3902"},"modified":"2025-01-14T11:31:27","modified_gmt":"2025-01-14T14:31:27","slug":"janeiro-branco-doencas-como-a-depressao-tem-ligacao-estreita-com-a-saude-ortopedica","status":"publish","type":"post","link":"https:\/\/diarioparanaense.com\/?p=3902","title":{"rendered":"Janeiro Branco: Doen\u00e7as como a depress\u00e3o tem liga\u00e7\u00e3o estreita com a sa\u00fade ortop\u00e9dica"},"content":{"rendered":"\n<p class=\"has-medium-font-size\">Ao longo do Janeiro Branco, promove-se a import\u00e2ncia dos cuidados com a sa\u00fade mental e emocional; m\u00e9dico ortopedista explica rela\u00e7\u00e3o entre doen\u00e7as como depress\u00e3o e ansiedade e a sa\u00fade ortop\u00e9dica<\/p>\n\n\n\n<p>Iniciamos 2025 como Janeiro Branco, uma campanha anual que nos convida a cuidar da mente com o mesmo carinho com que cuidamos do corpo. A sa\u00fade mental \u00e9 essencial para o bem-estar e tem tudo a ver com qualidade de vida.&nbsp;&nbsp;<\/p>\n\n\n\n<p>Segundo o <a href=\"https:\/\/www.drmarcoaurelio.com.br\/\">Dr. Marco Aur\u00e9lio Silv\u00e9rio Neves<\/a>,ortopedista e traumatologista, especializado em cirurgia de quadril via anterior (AMIS) e de joelho, destaca que pessoas com dores cr\u00f4nicas, como as causadas por artrose ou outras condi\u00e7\u00f5es ortop\u00e9dicas, muitas vezes enfrentam diariamente desafios emocionais que podem levar ao afastamento do conv\u00edvio social, levando a pessoas \u00e0 depress\u00e3o, entre outras doen\u00e7as graves.<\/p>\n\n\n\n<p>As condi\u00e7\u00f5es f\u00edsicas e a sa\u00fade mental est\u00e3o interligadas de diversas maneiras, explica Dr. Neves. &#8220;Muitas doen\u00e7as ortop\u00e9dicas est\u00e3o associadas \u00e0 dor cr\u00f4nica e desconforto persistente, por exemplo, o que pode contribuir para o desenvolvimento de transtornos mentais como depress\u00e3o e ansiedade&#8221;, conta o especialista.<\/p>\n\n\n\n<p>As altera\u00e7\u00f5es na qualidade de vida e o impacto nas rela\u00e7\u00f5es sociais tamb\u00e9m s\u00e3o caracter\u00edsticas das doen\u00e7as ortop\u00e9dicas que podem levar ao desenvolvimento de sintomas depressivos e a inclus\u00e3o de exerc\u00edcios f\u00edsicos entre as dicas de cuidado da sa\u00fade mental indica a relev\u00e2ncia da rela\u00e7\u00e3o entre a sa\u00fade f\u00edsica com poss\u00edveis transtornos emocionais e mentais.&nbsp;<\/p>\n\n\n\n<p>De acordo com o peri\u00f3dico Jama (Jornal da Associa\u00e7\u00e3o M\u00e9dica dos EUA), a sa\u00fade mental \u00e9 indissoci\u00e1vel da sa\u00fade f\u00edsica: o estudo apontou que transtornos como depress\u00e3o ou problemas psiqui\u00e1tricos est\u00e3o cada vez mais relacionados a uma piora de todo o organismo.<\/p>\n\n\n\n<p>O Dr. Marco Aur\u00e9lio refor\u00e7a essa quest\u00e3o, pontuando que a &#8220;rela\u00e7\u00e3o entre doen\u00e7as ortop\u00e9dicas e transtornos mentais n\u00e3o \u00e9 puramente unidirecional&#8221;, sendo que os transtornos de sa\u00fade mental tamb\u00e9m podem impactar na percep\u00e7\u00e3o da dor e recupera\u00e7\u00e3o f\u00edsica.<\/p>\n\n\n\n<p>&#8220;O tratamento hol\u00edstico \u00e9 essencial para promover a recupera\u00e7\u00e3o completa e melhorar a qualidade de vida do paciente. Isso pode incluir interven\u00e7\u00f5es como a fisioterapia, a terapia cognitivo-comportamental, a gest\u00e3o da dor e o apoio psicossocial. A abordagem multidisciplinar \u00e9 fundamental para atender \u00e0s complexidades dessas condi\u00e7\u00f5es&#8221;, destaca o m\u00e9dico.<\/p>\n\n\n\n<p>&#8220;O foco da campanha Janeiro Branco \u00e9 a sa\u00fade mental no geral, mas existem v\u00e1rios assuntos espec\u00edficos dentro desse universo que podemos abordar, como intelig\u00eancia emocional, felicidade e prop\u00f3sito no trabalho, equil\u00edbrio entre vida pessoal e profissional e sinais de alerta f\u00edsicos da sa\u00fade mental que n\u00e3o podem ser esquecidos&#8221;, ressalta o especialista.<\/p>\n\n\n\n<p><strong>Sobre Dr. Marco Aur\u00e9lio S. Neves<\/strong><\/p>\n\n\n\n<p>Dr Marco Aur\u00e9lio S. Neves, ortopedista e traumatologista, especializado em pr\u00f3teses de quadril e joelho. Pioneiro no Brasil em t\u00e9cnicas avan\u00e7adas para realiza\u00e7\u00e3o de cirurgias de pr\u00f3tese de quadril e de joelho.&nbsp; Conta com especializa\u00e7\u00e3o em Ortopedia e Traumatologia (2001) e em Cirurgia do Quadril e do Joelho (2002 e 2003), pelo Hospital das Cl\u00ednicas da Faculdade de Medicina da Universidade de S\u00e3o Paulo (HC \u2013 FMUSP).<\/p>\n\n\n\n<p>O grande diferencial do m\u00e9dico s\u00e3o as bases tecnol\u00f3gicas aplicadas na pr\u00f3tese de joelho, o uso de guias customizadas feitas sob medida para cada paciente, por meio de impress\u00e3o 3D, aumenta a precis\u00e3o da cirurgia, otimizando os resultados. E na cirurgia de pr\u00f3tese de quadril, pioneiro na utiliza\u00e7\u00e3o da via anterior \u00e9 a \u00fanica que possibilita o m\u00e9todo verdadeiramente n\u00e3o invasivo (AMIS), preservando m\u00fasculos e tend\u00f5es.<\/p>\n\n\n\n<p>A realidade aumentada e a rob\u00f3tica para diminuir a agress\u00e3o da cirurgia e permitir uma recupera\u00e7\u00e3o mais r\u00e1pida tamb\u00e9m j\u00e1 s\u00e3o uma realidade. Um dos pioneiros no Brasil em t\u00e9cnicas avan\u00e7adas para realiza\u00e7\u00e3o de cirurgias de pr\u00f3tese de quadril e de joelho.<\/p>\n\n\n\n<p>Especializa\u00e7\u00f5es em centros de refer\u00eancia em cirurgia ortop\u00e9dica do mundo, entre eles: Presbyterian Hospital Plano (Texas, Estados Unidos, 2004), Hospital Jan Palfij (Gent, B\u00e9lgica, 2006), Clinic Dr. Decker (Munique, Alemanha, 2006), The Steadman Clinic (Vail, Estados Unidos, 2009), South West London Orthopaedic Center (Inglaterra, 2013), Le Centre M\u00e9dico Chirurgical Paris V (Paris, Fran\u00e7a, 2015).<\/p>\n\n\n\n<p><strong>Para mais informa\u00e7\u00f5es<\/strong>: <a href=\"http:\/\/www.drmarcoaurelio.com.br\">www.drmarcoaurelio.com.br<\/a><\/p>\n\n\n\n<p><strong>Instagram<\/strong>: @drmarcoaurelio.ortopedia<\/p>\n\n\n\n<p><strong>Linkedin<\/strong>: marco-aurelio-silverio-neves<\/p>\n\n\n\n<p><\/p>\n","protected":false},"excerpt":{"rendered":"<p>Ao longo do Janeiro Branco, promove-se a import\u00e2ncia dos cuidados com a sa\u00fade mental e emocional; m\u00e9dico ortopedista explica rela\u00e7\u00e3o entre doen\u00e7as como depress\u00e3o e ansiedade e a sa\u00fade ortop\u00e9dica Iniciamos 2025 como Janeiro Branco, uma campanha anual que nos convida a cuidar da mente com o mesmo carinho com que cuidamos do corpo. A [&hellip;]<\/p>\n","protected":false},"author":1,"featured_media":3906,"comment_status":"open","ping_status":"open","sticky":false,"template":"","format":"standard","meta":{"footnotes":""},"categories":[29],"tags":[],"class_list":["post-3902","post","type-post","status-publish","format-standard","has-post-thumbnail","hentry","category-artigos"],"_links":{"self":[{"href":"https:\/\/diarioparanaense.com\/index.php?rest_route=\/wp\/v2\/posts\/3902","targetHints":{"allow":["GET"]}}],"collection":[{"href":"https:\/\/diarioparanaense.com\/index.php?rest_route=\/wp\/v2\/posts"}],"about":[{"href":"https:\/\/diarioparanaense.com\/index.php?rest_route=\/wp\/v2\/types\/post"}],"author":[{"embeddable":true,"href":"https:\/\/diarioparanaense.com\/index.php?rest_route=\/wp\/v2\/users\/1"}],"replies":[{"embeddable":true,"href":"https:\/\/diarioparanaense.com\/index.php?rest_route=%2Fwp%2Fv2%2Fcomments&post=3902"}],"version-history":[{"count":1,"href":"https:\/\/diarioparanaense.com\/index.php?rest_route=\/wp\/v2\/posts\/3902\/revisions"}],"predecessor-version":[{"id":3907,"href":"https:\/\/diarioparanaense.com\/index.php?rest_route=\/wp\/v2\/posts\/3902\/revisions\/3907"}],"wp:featuredmedia":[{"embeddable":true,"href":"https:\/\/diarioparanaense.com\/index.php?rest_route=\/wp\/v2\/media\/3906"}],"wp:attachment":[{"href":"https:\/\/diarioparanaense.com\/index.php?rest_route=%2Fwp%2Fv2%2Fmedia&parent=3902"}],"wp:term":[{"taxonomy":"category","embeddable":true,"href":"https:\/\/diarioparanaense.com\/index.php?rest_route=%2Fwp%2Fv2%2Fcategories&post=3902"},{"taxonomy":"post_tag","embeddable":true,"href":"https:\/\/diarioparanaense.com\/index.php?rest_route=%2Fwp%2Fv2%2Ftags&post=3902"}],"curies":[{"name":"wp","href":"https:\/\/api.w.org\/{rel}","templated":true}]}}