{"id":3892,"date":"2025-01-13T14:41:55","date_gmt":"2025-01-13T17:41:55","guid":{"rendered":"https:\/\/diarioparanaense.com\/?p=3892"},"modified":"2025-01-13T14:41:55","modified_gmt":"2025-01-13T17:41:55","slug":"o-papel-do-advogado-familiarista-na-protecao-das-criancas","status":"publish","type":"post","link":"https:\/\/diarioparanaense.com\/?p=3892","title":{"rendered":"O papel do advogado familiarista na prote\u00e7\u00e3o das crian\u00e7as"},"content":{"rendered":"\n<p class=\"has-medium-font-size\">Como o sentimento de saudade pode ser o resultado de uma crian\u00e7a negligenciada<\/p>\n\n\n\n<p>O Dia da Saudade, celebrado em 30 de janeiro, convida \u00e0 reflex\u00e3o sobre as rela\u00e7\u00f5es humanas e o impacto que elas deixam em nossas vidas. Para as crian\u00e7as, esse impacto \u00e9 especialmente profundo em situa\u00e7\u00f5es de div\u00f3rcio e reestrutura\u00e7\u00e3o familiar. \u00c9 nesse contexto que o trabalho do advogado familiarista se torna indispens\u00e1vel, n\u00e3o apenas como mediador de conflitos, mas como um protetor dos direitos e do bem-estar dos menores envolvidos.<\/p>\n\n\n\n<p>Henrique Hollanda, advogado especializado em Direito de Fam\u00edlia, ressalta que o processo de div\u00f3rcio, embora doloroso para os pais, pode ser ainda mais dif\u00edcil para as crian\u00e7as. \u201cElas n\u00e3o est\u00e3o apenas lidando com a separa\u00e7\u00e3o dos pais, mas com a reestrutura\u00e7\u00e3o de toda a din\u00e2mica familiar. Nosso papel \u00e9 assegurar que essa transi\u00e7\u00e3o seja conduzida com o m\u00e1ximo de cuidado e respeito \u00e0s necessidades emocionais e pr\u00e1ticas das crian\u00e7as\u201d, afirma.<\/p>\n\n\n\n<p>A media\u00e7\u00e3o desempenha um papel crucial na defini\u00e7\u00e3o de guarda, conviv\u00eancia e divis\u00e3o de responsabilidades. \u201cA guarda compartilhada, por exemplo, \u00e9 muitas vezes o melhor caminho para garantir que a crian\u00e7a continue a se sentir amada e protegida por ambos os pais, desde que exista maturidade e coopera\u00e7\u00e3o entre as partes. Nessas situa\u00e7\u00f5es, trabalhamos para construir um acordo que priorize o equil\u00edbrio e a estabilidade na vida da crian\u00e7a\u201d, explica Hollanda.<\/p>\n\n\n\n<p>Os desafios, no entanto, v\u00e3o al\u00e9m da guarda. Disputas financeiras, como pens\u00e3o aliment\u00edcia, podem acirrar os \u00e2nimos e comprometer o foco no bem-estar infantil. \u201cA crian\u00e7a nunca deve ser tratada como um instrumento de barganha ou moeda de troca. Ela \u00e9 a principal afetada por decis\u00f5es mal pensadas ou pela falta de consenso entre os pais. Por isso, \u00e9 essencial contar com um advogado que entenda essa sensibilidade e priorize o di\u00e1logo\u201d, completa.<\/p>\n\n\n\n<p>Henrique lembra que, em muitos casos, a figura do advogado familiarista tamb\u00e9m atua como um facilitador emocional. \u201cColaboramos com outros profissionais, como psic\u00f3logos, para criar um ambiente em que a crian\u00e7a se sinta ouvida e acolhida. Essa abordagem integrada \u00e9 fundamental para minimizar os danos emocionais que o processo pode causar\u201d, diz.<\/p>\n\n\n\n<p>Assim, o advogado familiarista n\u00e3o apenas representa os interesses de seus clientes no tribunal, mas tamb\u00e9m zela pela reconstru\u00e7\u00e3o de v\u00ednculos e pela cria\u00e7\u00e3o de um ambiente seguro e saud\u00e1vel para as crian\u00e7as. \u201cO div\u00f3rcio pode ser o fim de uma rela\u00e7\u00e3o conjugal, mas n\u00e3o deve significar a fragmenta\u00e7\u00e3o emocional de uma crian\u00e7a. Nosso papel \u00e9 assegurar que ela seja protagonista de uma hist\u00f3ria de supera\u00e7\u00e3o e n\u00e3o de sofrimento\u201d, conclui Hollanda.<\/p>\n\n\n\n<p>No Dia da Saudade, essa reflex\u00e3o sobre o papel do advogado familiarista refor\u00e7a a import\u00e2ncia de tratar o div\u00f3rcio como um processo de recome\u00e7o, onde o cuidado e o amor pelas crian\u00e7as devem estar sempre em primeiro lugar.<\/p>\n\n\n\n<p>Servi\u00e7o: Dr. Henrique Hollanda<br>Advogado especialista em Direito da Fam\u00edlia e Sucess\u00f5es<br>Hollanda e Sinhori Advogados Associados<br>Ajudo pessoas a protegerem seus bens atrav\u00e9s de planejamento sucess\u00f3rio e invent\u00e1rio.<br>@henriquehollandaadvogado<br>+55 41 98468-8650<br>contato@hollandaesinhori.adv.br<br><a href=\"https:\/\/www.hollandaesinhori.adv.br\/\n\">https:\/\/www.hollandaesinhori.adv.br\/<br><\/a>Rua \u00c9bano Pereira, 11, conjunto 1.802.\u00a0Curitiba\/PR.<\/p>\n","protected":false},"excerpt":{"rendered":"<p>Como o sentimento de saudade pode ser o resultado de uma crian\u00e7a negligenciada O Dia da Saudade, celebrado em 30 de janeiro, convida \u00e0 reflex\u00e3o sobre as rela\u00e7\u00f5es humanas e o impacto que elas deixam em nossas vidas. Para as crian\u00e7as, esse impacto \u00e9 especialmente profundo em situa\u00e7\u00f5es de div\u00f3rcio e reestrutura\u00e7\u00e3o familiar. \u00c9 nesse [&hellip;]<\/p>\n","protected":false},"author":1,"featured_media":3893,"comment_status":"open","ping_status":"open","sticky":false,"template":"","format":"standard","meta":{"footnotes":""},"categories":[29],"tags":[],"class_list":["post-3892","post","type-post","status-publish","format-standard","has-post-thumbnail","hentry","category-artigos"],"_links":{"self":[{"href":"https:\/\/diarioparanaense.com\/index.php?rest_route=\/wp\/v2\/posts\/3892","targetHints":{"allow":["GET"]}}],"collection":[{"href":"https:\/\/diarioparanaense.com\/index.php?rest_route=\/wp\/v2\/posts"}],"about":[{"href":"https:\/\/diarioparanaense.com\/index.php?rest_route=\/wp\/v2\/types\/post"}],"author":[{"embeddable":true,"href":"https:\/\/diarioparanaense.com\/index.php?rest_route=\/wp\/v2\/users\/1"}],"replies":[{"embeddable":true,"href":"https:\/\/diarioparanaense.com\/index.php?rest_route=%2Fwp%2Fv2%2Fcomments&post=3892"}],"version-history":[{"count":1,"href":"https:\/\/diarioparanaense.com\/index.php?rest_route=\/wp\/v2\/posts\/3892\/revisions"}],"predecessor-version":[{"id":3894,"href":"https:\/\/diarioparanaense.com\/index.php?rest_route=\/wp\/v2\/posts\/3892\/revisions\/3894"}],"wp:featuredmedia":[{"embeddable":true,"href":"https:\/\/diarioparanaense.com\/index.php?rest_route=\/wp\/v2\/media\/3893"}],"wp:attachment":[{"href":"https:\/\/diarioparanaense.com\/index.php?rest_route=%2Fwp%2Fv2%2Fmedia&parent=3892"}],"wp:term":[{"taxonomy":"category","embeddable":true,"href":"https:\/\/diarioparanaense.com\/index.php?rest_route=%2Fwp%2Fv2%2Fcategories&post=3892"},{"taxonomy":"post_tag","embeddable":true,"href":"https:\/\/diarioparanaense.com\/index.php?rest_route=%2Fwp%2Fv2%2Ftags&post=3892"}],"curies":[{"name":"wp","href":"https:\/\/api.w.org\/{rel}","templated":true}]}}