{"id":3891,"date":"2025-01-13T14:43:08","date_gmt":"2025-01-13T17:43:08","guid":{"rendered":"https:\/\/diarioparanaense.com\/?p=3891"},"modified":"2025-01-13T14:43:08","modified_gmt":"2025-01-13T17:43:08","slug":"como-cuidar-da-mente-pode-transformar-sua-rotina","status":"publish","type":"post","link":"https:\/\/diarioparanaense.com\/?p=3891","title":{"rendered":"Como cuidar da mente pode transformar sua rotina"},"content":{"rendered":"\n<p class=\"has-medium-font-size\">A alta performance \u00e9 altamente dependente do estado mental, tais recursos podem ser utilizados para refor\u00e7ar a performance<\/p>\n\n\n\n<p>O Janeiro Branco \u00e9 um convite global para refletirmos sobre a sa\u00fade mental e sua import\u00e2ncia em todas as \u00e1reas da vida. Nesse per\u00edodo de conscientiza\u00e7\u00e3o, destaca-se a conex\u00e3o entre o bem-estar emocional e o desempenho di\u00e1rio, um tema que tem ganhado cada vez mais relev\u00e2ncia. Afinal, como a sa\u00fade da mente pode afetar diretamente nossa capacidade de alcan\u00e7ar objetivos?<\/p>\n\n\n\n<p>Em um mundo cada vez mais acelerado, a rela\u00e7\u00e3o entre sa\u00fade mental e performance \u00e9 mais evidente do que nunca. A falta de equil\u00edbrio emocional pode gerar consequ\u00eancias que v\u00e3o desde a perda de foco e produtividade at\u00e9 problemas f\u00edsicos. Estudos indicam que mais de 40% dos profissionais relatam queda de rendimento devido a quest\u00f5es emocionais. Esse dado alarmante refor\u00e7a a import\u00e2ncia de cuidar da mente como parte essencial de uma rotina saud\u00e1vel.<\/p>\n\n\n\n<p>Segundo Ren\u00ea Skaraboto, hipnoterapeuta especializado em desenvolvimento pessoal, &#8220;a mente \u00e9 o epicentro de todas as a\u00e7\u00f5es. Quando ela n\u00e3o est\u00e1 equilibrada, at\u00e9 tarefas simples podem se transformar em grandes obst\u00e1culos&#8221;. Ele explica que, em muitos casos, o esgotamento mental e emocional \u00e9 mascarado por esfor\u00e7os excessivos para manter a produtividade, criando um ciclo de estresse que prejudica ainda mais o desempenho.<\/p>\n\n\n\n<p>Apesar de o tema da sa\u00fade mental ser amplamente discutido, muitas pessoas ainda enfrentam barreiras para buscar ajuda, seja por vergonha ou falta de conhecimento sobre alternativas dispon\u00edveis. Estrat\u00e9gias como a medita\u00e7\u00e3o, o exerc\u00edcio f\u00edsico e o apoio psicol\u00f3gico t\u00eam se mostrado fundamentais para melhorar o desempenho di\u00e1rio. &#8220;O equil\u00edbrio emocional n\u00e3o \u00e9 um luxo, mas uma necessidade para qualquer pessoa que busca alcan\u00e7ar seus objetivos&#8221;, refor\u00e7a Ren\u00ea.<\/p>\n\n\n\n<p>A hipnoterapia, embora ainda envolta em preconceitos, surge como uma ferramenta poderosa para acessar e ressignificar padr\u00f5es mentais que sabotam a performance. No entanto, Ren\u00ea destaca que o objetivo principal n\u00e3o \u00e9 substituir outras pr\u00e1ticas, mas complement\u00e1-las. &#8220;A hipnoterapia age como um acelerador no processo de autodescoberta e supera\u00e7\u00e3o de bloqueios emocionais, sempre respeitando a individualidade de cada pessoa.&#8221;<\/p>\n\n\n\n<p>Cuidar da sa\u00fade mental \u00e9 um ato de autocuidado e uma estrat\u00e9gia para alcan\u00e7ar melhores resultados em todas as \u00e1reas da vida. Como afirma Ren\u00ea, &#8220;uma mente saud\u00e1vel \u00e9 a base para qualquer conquista. Quando cuidamos de n\u00f3s mesmos, o sucesso deixa de ser um objetivo distante e se torna um reflexo natural do nosso estado de equil\u00edbrio.&#8221;<\/p>\n\n\n\n<p>No Janeiro Branco, o convite \u00e9 claro: olhe para dentro. Identifique suas necessidades e permita-se buscar ajuda, seja por meio de um terapeuta, de pr\u00e1ticas alternativas ou do simples ato de compartilhar seus sentimentos com algu\u00e9m de confian\u00e7a. Afinal, cuidar da mente \u00e9 o primeiro passo para transformar o futuro.<\/p>\n\n\n\n<p>Servi\u00e7o: Hipnose para todos<br>Ren\u00ea Skaraboto<br>Hipnoterapeuta<br>(41) 99692-9774<br>@hipnose_para_todos<br><a href=\"https:\/\/www.clinicahipnoseparatodos.com.br\/\n\">https:\/\/www.clinicahipnoseparatodos.com.br\/<br><\/a>Ed. Batel Executive Center &#8211; Travessa Jo\u00e3o Turin, n\u00ba37 Sala 601 &#8211; 6\u00aa andar &#8211; \u00c1gua Verde,\u00a0Curitiba\u00a0&#8211;\u00a0PR<\/p>\n","protected":false},"excerpt":{"rendered":"<p>A alta performance \u00e9 altamente dependente do estado mental, tais recursos podem ser utilizados para refor\u00e7ar a performance O Janeiro Branco \u00e9 um convite global para refletirmos sobre a sa\u00fade mental e sua import\u00e2ncia em todas as \u00e1reas da vida. Nesse per\u00edodo de conscientiza\u00e7\u00e3o, destaca-se a conex\u00e3o entre o bem-estar emocional e o desempenho di\u00e1rio, [&hellip;]<\/p>\n","protected":false},"author":1,"featured_media":3895,"comment_status":"open","ping_status":"open","sticky":false,"template":"","format":"standard","meta":{"footnotes":""},"categories":[29],"tags":[],"class_list":["post-3891","post","type-post","status-publish","format-standard","has-post-thumbnail","hentry","category-artigos"],"_links":{"self":[{"href":"https:\/\/diarioparanaense.com\/index.php?rest_route=\/wp\/v2\/posts\/3891","targetHints":{"allow":["GET"]}}],"collection":[{"href":"https:\/\/diarioparanaense.com\/index.php?rest_route=\/wp\/v2\/posts"}],"about":[{"href":"https:\/\/diarioparanaense.com\/index.php?rest_route=\/wp\/v2\/types\/post"}],"author":[{"embeddable":true,"href":"https:\/\/diarioparanaense.com\/index.php?rest_route=\/wp\/v2\/users\/1"}],"replies":[{"embeddable":true,"href":"https:\/\/diarioparanaense.com\/index.php?rest_route=%2Fwp%2Fv2%2Fcomments&post=3891"}],"version-history":[{"count":1,"href":"https:\/\/diarioparanaense.com\/index.php?rest_route=\/wp\/v2\/posts\/3891\/revisions"}],"predecessor-version":[{"id":3896,"href":"https:\/\/diarioparanaense.com\/index.php?rest_route=\/wp\/v2\/posts\/3891\/revisions\/3896"}],"wp:featuredmedia":[{"embeddable":true,"href":"https:\/\/diarioparanaense.com\/index.php?rest_route=\/wp\/v2\/media\/3895"}],"wp:attachment":[{"href":"https:\/\/diarioparanaense.com\/index.php?rest_route=%2Fwp%2Fv2%2Fmedia&parent=3891"}],"wp:term":[{"taxonomy":"category","embeddable":true,"href":"https:\/\/diarioparanaense.com\/index.php?rest_route=%2Fwp%2Fv2%2Fcategories&post=3891"},{"taxonomy":"post_tag","embeddable":true,"href":"https:\/\/diarioparanaense.com\/index.php?rest_route=%2Fwp%2Fv2%2Ftags&post=3891"}],"curies":[{"name":"wp","href":"https:\/\/api.w.org\/{rel}","templated":true}]}}