{"id":3887,"date":"2025-01-13T13:57:39","date_gmt":"2025-01-13T16:57:39","guid":{"rendered":"https:\/\/diarioparanaense.com\/?p=3887"},"modified":"2025-01-13T13:57:39","modified_gmt":"2025-01-13T16:57:39","slug":"a-cara-do-verao-saladas-ganham-destaque-no-cardapio-do-chef-verge","status":"publish","type":"post","link":"https:\/\/diarioparanaense.com\/?p=3887","title":{"rendered":"A Cara do Ver\u00e3o: Saladas ganham destaque no card\u00e1pio do Chef Verg\u00e9"},"content":{"rendered":"\n<p><em>Descubra as cria\u00e7\u00f5es que trazem frescor, sa\u00fade e sabor ao menu irresist\u00edvel<\/em><\/p>\n\n\n\n<p>O Chef Verg\u00e9, conhecido por seus croissants e sucos deliciosos, oferece tamb\u00e9m aos seus clientes que buscam uma alimenta\u00e7\u00e3o mais saud\u00e1vel uma sele\u00e7\u00e3o especial de saladas que combinam ingredientes frescos e de alta qualidade, proporcionando uma refei\u00e7\u00e3o leve e saborosa.<\/p>\n\n\n\n<p>Entre as op\u00e7\u00f5es, destaca-se a Salada Vive La France, que traz o defumado do peito de peru, o caracter\u00edstico sabor do queijo parmes\u00e3o, somado \u00e0 croc\u00e2ncia de tr\u00eas tipos de alface e r\u00facula. Isso por si s\u00f3 j\u00e1 seria maravilhoso, mas a adi\u00e7\u00e3o de tomate, ovos cozidos e a finaliza\u00e7\u00e3o com croutons crocantes e um molho especial tornam essa salada uma escolha perfeita, n\u00e3o s\u00f3 para quem j\u00e1 \u00e9 f\u00e3 do croissant chefe da casa, mas tamb\u00e9m, para qualquer um que busca saciedade, sabor e sa\u00fade.<\/p>\n\n\n\n<p>Para os amantes de carne, a Salada Mignon \u00e9 a escolha ideal. Seguindo a base de salada do Chef Verg\u00e9, por\u00e9m dando destaque ao suculento&nbsp; mignon que d\u00e1 o nome ao prato. Essa combina\u00e7\u00e3o deliciosa e robusta rouba a cena sem se utilizar de sabores exagerados.<\/p>\n\n\n\n<p>Quem aprecia ingredientes leves vai adorar a combina\u00e7\u00e3o de Mu\u00e7arela de b\u00fafala e tomate seco. N\u00e3o tem erro. O frescor da mu\u00e7arela balanceia o sabor do tomate seco \u00e9 perfeito, e com certeza, vai querer comer de novo.<\/p>\n\n\n\n<p>Para fechar o tour, a Salada de Frango que leva&nbsp; sua receita: queijo parmes\u00e3o, tr\u00eas tipos de alface, r\u00facula, tomate, ovos cozidos, e croutons crocantes, sem esquecer do molho \u00e9 claro. Oferecendo uma refei\u00e7\u00e3o completa e saborosa para quem n\u00e3o dispensa a prote\u00edna animal mas prefere algo mais leve que o mignon.<\/p>\n\n\n\n<p>Para quem deseja dar um toque pessoal, seja qual for a salada escolhida, os ingredientes cebola roxa, cenoura ralada e pepino japon\u00eas s\u00e3o opcionais. Al\u00e9m disso, h\u00e1 a possibilidade de variar entre os molhos: Caesar, Caesar Mostard, Ros\u00e9 ou Azeitona com Manjeric\u00e3o. \u00c9 uma infinidade de sabores para explorar.<\/p>\n\n\n\n<p>\u201cQuer\u00edamos oferecer op\u00e7\u00f5es que complementassem o card\u00e1pio e atendessem ao desejo dos clientes por refei\u00e7\u00f5es leves e nutritivas, mantendo a qualidade que \u00e9 marca registrada do Chef Verg\u00e9\u201d, comenta a empreendedora Andrezza Fusaro.<\/p>\n\n\n\n<p>Com essa variedade, o Chef Verg\u00e9 garante uma experi\u00eancia saborosa e refrescante, perfeita para qualquer momento do dia.&nbsp;&nbsp;<\/p>\n\n\n\n<p><strong>Servi\u00e7o:&nbsp;Chef Verg\u00e9&nbsp;<\/strong><\/p>\n\n\n\n<p><strong>Andrezza Fusaro \u2013 Propriet\u00e1ria&nbsp;<\/strong><\/p>\n\n\n\n<p><strong>(11) 97757-1665<\/strong><\/p>\n\n\n\n<p><strong>Redes Sociais: @chefvergeoficial&nbsp;<\/strong><\/p>\n\n\n\n<p><strong><a href=\"http:\/\/www.chefverge.com.br\/\" target=\"_blank\" rel=\"noreferrer noopener\">www.chefverge.com.br<\/a><\/strong><\/p>\n","protected":false},"excerpt":{"rendered":"<p>Descubra as cria\u00e7\u00f5es que trazem frescor, sa\u00fade e sabor ao menu irresist\u00edvel O Chef Verg\u00e9, conhecido por seus croissants e sucos deliciosos, oferece tamb\u00e9m aos seus clientes que buscam uma alimenta\u00e7\u00e3o mais saud\u00e1vel uma sele\u00e7\u00e3o especial de saladas que combinam ingredientes frescos e de alta qualidade, proporcionando uma refei\u00e7\u00e3o leve e saborosa. Entre as op\u00e7\u00f5es, [&hellip;]<\/p>\n","protected":false},"author":1,"featured_media":3888,"comment_status":"open","ping_status":"open","sticky":false,"template":"","format":"standard","meta":{"footnotes":""},"categories":[338],"tags":[],"class_list":["post-3887","post","type-post","status-publish","format-standard","has-post-thumbnail","hentry","category-gastronomia"],"_links":{"self":[{"href":"https:\/\/diarioparanaense.com\/index.php?rest_route=\/wp\/v2\/posts\/3887","targetHints":{"allow":["GET"]}}],"collection":[{"href":"https:\/\/diarioparanaense.com\/index.php?rest_route=\/wp\/v2\/posts"}],"about":[{"href":"https:\/\/diarioparanaense.com\/index.php?rest_route=\/wp\/v2\/types\/post"}],"author":[{"embeddable":true,"href":"https:\/\/diarioparanaense.com\/index.php?rest_route=\/wp\/v2\/users\/1"}],"replies":[{"embeddable":true,"href":"https:\/\/diarioparanaense.com\/index.php?rest_route=%2Fwp%2Fv2%2Fcomments&post=3887"}],"version-history":[{"count":1,"href":"https:\/\/diarioparanaense.com\/index.php?rest_route=\/wp\/v2\/posts\/3887\/revisions"}],"predecessor-version":[{"id":3889,"href":"https:\/\/diarioparanaense.com\/index.php?rest_route=\/wp\/v2\/posts\/3887\/revisions\/3889"}],"wp:featuredmedia":[{"embeddable":true,"href":"https:\/\/diarioparanaense.com\/index.php?rest_route=\/wp\/v2\/media\/3888"}],"wp:attachment":[{"href":"https:\/\/diarioparanaense.com\/index.php?rest_route=%2Fwp%2Fv2%2Fmedia&parent=3887"}],"wp:term":[{"taxonomy":"category","embeddable":true,"href":"https:\/\/diarioparanaense.com\/index.php?rest_route=%2Fwp%2Fv2%2Fcategories&post=3887"},{"taxonomy":"post_tag","embeddable":true,"href":"https:\/\/diarioparanaense.com\/index.php?rest_route=%2Fwp%2Fv2%2Ftags&post=3887"}],"curies":[{"name":"wp","href":"https:\/\/api.w.org\/{rel}","templated":true}]}}