{"id":3878,"date":"2025-01-13T13:35:17","date_gmt":"2025-01-13T16:35:17","guid":{"rendered":"https:\/\/diarioparanaense.com\/?p=3878"},"modified":"2025-01-13T13:35:17","modified_gmt":"2025-01-13T16:35:17","slug":"saiba-como-prevenir-identificar-e-tratar-a-dor-de-ouvido-que-aparece-no-verao","status":"publish","type":"post","link":"https:\/\/diarioparanaense.com\/?p=3878","title":{"rendered":"Saiba como prevenir, identificar e tratar a dor de ouvido que aparece no ver\u00e3o"},"content":{"rendered":"\n<p class=\"has-medium-font-size\">Excesso de \u00e1gua nas atividades da esta\u00e7\u00e3o mais quente pode representar risco de infec\u00e7\u00e3o, alerta a otorrinolaringologista do Hospital S\u00e3o Vicente, Mariele Bolzan Lovato<\/p>\n\n\n\n<p>Ao contr\u00e1rio do que muita gente pensa, as otites n\u00e3o desaparecem com o fim dos dias mais frios. O ver\u00e3o, com as suas atividades em praia ou piscina, al\u00e9m de banhos mais frequentes, pode representar perigo para a sa\u00fade auricular. Mas com aten\u00e7\u00e3o e alguns cuidados simples, \u00e9 poss\u00edvel evitar os inc\u00f4modos, de acordo com a otorrinolaringologista do Hospital S\u00e3o Vicente, Mariele Bolzan Lovato.<\/p>\n\n\n\n<p>Essas queixas, refor\u00e7a, geralmente est\u00e3o associadas a uma rolha de cera j\u00e1 presente no ouvido e que, ao entrar em contato com a \u00e1gua, fica l\u00edquida e \u201ctranca\u201d o canal. Essa cera, associada a um ac\u00famulo de \u00e1gua, pode fazer uma inflama\u00e7\u00e3o no ouvido. \u201c\u00c9 o que chamamos de otite externa, que pode causar dor\u201d, explica.<\/p>\n\n\n\n<p>Quem sempre se incomoda com esse ac\u00famulo de cera, orienta a m\u00e9dica do Hospital S\u00e3o Vicente, deve buscar um otorrinolaringologista antes da temporada do ver\u00e3o para fazer a remo\u00e7\u00e3o preventiva e evitar problemas.<\/p>\n\n\n\n<p>Mas, pondera, quem costuma ficar muito tempo exposto \u00e0 \u00e1gua do mar e da piscina estar\u00e1, de fato, mais suscet\u00edvel a infec\u00e7\u00f5es. \u201cSe n\u00e3o for poss\u00edvel reduzir esse tempo, assim que sair da \u00e1gua, \u00e9 importante inclinar a cabe\u00e7a para o lado e tentar secar por fora do canal auditivo com o maior cuidado poss\u00edvel, preferencialmente com uma toalha limpa\u201d, indica.<\/p>\n\n\n\n<p class=\"has-medium-font-size\">\u00c9 otite, e agora?<\/p>\n\n\n\n<p>Se por algum descuido, aparecerem sintomas como dor de ouvido, ouvido entupido, coceira intensa, febre, diminui\u00e7\u00e3o da audi\u00e7\u00e3o, zumbido ou sensa\u00e7\u00e3o de press\u00e3o e dor de cabe\u00e7a, \u00e9 fundamental buscar ajuda. As otites externas, infec\u00e7\u00e3o do canal auditivo externo que vai do t\u00edmpano ao exterior da cabe\u00e7a, s\u00e3o as mais comuns no ver\u00e3o e podem incluir, ainda, entre os sintomas, uma secre\u00e7\u00e3o amarelada ou marrom.<\/p>\n\n\n\n<p>Caso apare\u00e7am estes sintomas, \u00e9 necess\u00e1rio consultar um otorrinolaringologista. \u201cNa maioria das vezes \u00e9 necess\u00e1rio um antibi\u00f3tico em gotas diretamente no ouvido\u201d, conta a m\u00e9dica. \u201cMas diab\u00e9ticos ou pessoas com baixa imunidade, em tratamento oncol\u00f3gico, por exemplo, podem ter quadros mais graves, com a doen\u00e7a se espalhando para a orelha, pesco\u00e7o e para a parte mais interna do ouvido. Nesse caso, pode ser necess\u00e1rio internamento com o uso de antibi\u00f3ticos na veia\u201d, completa.<\/p>\n\n\n\n<p>O profissional far\u00e1 o diagn\u00f3stico por meio de um exame visual e receitar\u00e1 o melhor tratamento para cada caso e progress\u00e3o da condi\u00e7\u00e3o. A otorrinolaringologista ainda destaca que nunca devem ser feitas receitas caseiras, que podem agravar o caso. O que pode ser feito para aliviar um pouco a dor \u00e9 uma compressa morna com \u00e1gua na&nbsp;parte&nbsp;externa.<\/p>\n","protected":false},"excerpt":{"rendered":"<p>Excesso de \u00e1gua nas atividades da esta\u00e7\u00e3o mais quente pode representar risco de infec\u00e7\u00e3o, alerta a otorrinolaringologista do Hospital S\u00e3o Vicente, Mariele Bolzan Lovato Ao contr\u00e1rio do que muita gente pensa, as otites n\u00e3o desaparecem com o fim dos dias mais frios. O ver\u00e3o, com as suas atividades em praia ou piscina, al\u00e9m de banhos [&hellip;]<\/p>\n","protected":false},"author":1,"featured_media":3879,"comment_status":"open","ping_status":"open","sticky":false,"template":"","format":"standard","meta":{"footnotes":""},"categories":[164],"tags":[],"class_list":["post-3878","post","type-post","status-publish","format-standard","has-post-thumbnail","hentry","category-saude-2"],"_links":{"self":[{"href":"https:\/\/diarioparanaense.com\/index.php?rest_route=\/wp\/v2\/posts\/3878","targetHints":{"allow":["GET"]}}],"collection":[{"href":"https:\/\/diarioparanaense.com\/index.php?rest_route=\/wp\/v2\/posts"}],"about":[{"href":"https:\/\/diarioparanaense.com\/index.php?rest_route=\/wp\/v2\/types\/post"}],"author":[{"embeddable":true,"href":"https:\/\/diarioparanaense.com\/index.php?rest_route=\/wp\/v2\/users\/1"}],"replies":[{"embeddable":true,"href":"https:\/\/diarioparanaense.com\/index.php?rest_route=%2Fwp%2Fv2%2Fcomments&post=3878"}],"version-history":[{"count":1,"href":"https:\/\/diarioparanaense.com\/index.php?rest_route=\/wp\/v2\/posts\/3878\/revisions"}],"predecessor-version":[{"id":3880,"href":"https:\/\/diarioparanaense.com\/index.php?rest_route=\/wp\/v2\/posts\/3878\/revisions\/3880"}],"wp:featuredmedia":[{"embeddable":true,"href":"https:\/\/diarioparanaense.com\/index.php?rest_route=\/wp\/v2\/media\/3879"}],"wp:attachment":[{"href":"https:\/\/diarioparanaense.com\/index.php?rest_route=%2Fwp%2Fv2%2Fmedia&parent=3878"}],"wp:term":[{"taxonomy":"category","embeddable":true,"href":"https:\/\/diarioparanaense.com\/index.php?rest_route=%2Fwp%2Fv2%2Fcategories&post=3878"},{"taxonomy":"post_tag","embeddable":true,"href":"https:\/\/diarioparanaense.com\/index.php?rest_route=%2Fwp%2Fv2%2Ftags&post=3878"}],"curies":[{"name":"wp","href":"https:\/\/api.w.org\/{rel}","templated":true}]}}