{"id":3871,"date":"2024-12-17T10:41:26","date_gmt":"2024-12-17T13:41:26","guid":{"rendered":"https:\/\/diarioparanaense.com\/?p=3871"},"modified":"2024-12-17T10:41:27","modified_gmt":"2024-12-17T13:41:27","slug":"prodiet-lanca-primeira-cancao-sobre-alimentacao-enteral-a-musica-tubinho-magico","status":"publish","type":"post","link":"https:\/\/diarioparanaense.com\/?p=3871","title":{"rendered":"Prodiet lan\u00e7a primeira can\u00e7\u00e3o sobre alimenta\u00e7\u00e3o enteral, a m\u00fasica Tubinho M\u00e1gico"},"content":{"rendered":"\n<p class=\"has-medium-font-size\">O lan\u00e7amento \u00e9 parte da campanha que promove, de forma l\u00fadica e divertida, a inclus\u00e3o de crian\u00e7as que usam a alimenta\u00e7\u00e3o enteral como parte da sua dieta<\/p>\n\n\n\n<p>Em celebra\u00e7\u00e3o ao final de ano e aos momentos em fam\u00edlia, a Prodiet, empresa refer\u00eancia em nutri\u00e7\u00e3o enteral, inova ao lan\u00e7ar a primeira can\u00e7\u00e3o infantil sobre alimenta\u00e7\u00e3o enteral. Intitulada &#8220;Tubinho M\u00e1gico&#8221;. O objetivo \u00e9 promover a inclus\u00e3o de crian\u00e7as que utilizam a alimenta\u00e7\u00e3o enteral como parte essencial de sua rotina, trazendo \u00e0 tona, de forma l\u00fadica e sens\u00edvel, a import\u00e2ncia da nutri\u00e7\u00e3o para todos.<\/p>\n\n\n\n<p>Bernadete Amorim dos Santos, diretora comercial da Prodiet, destaca que a campanha n\u00e3o \u00e9 apenas uma a\u00e7\u00e3o de marketing, mas um presente para as fam\u00edlias at\u00edpicas, que frequentemente enfrentam desafios de aceita\u00e7\u00e3o e compreens\u00e3o sobre a alimenta\u00e7\u00e3o enteral. &#8220;A ideia de criar uma m\u00fasica surgiu da vontade de incluir as crian\u00e7as que usam a alimenta\u00e7\u00e3o enteral e que muitas vezes se sentem exclu\u00eddas socialmente por conta de suas limita\u00e7\u00f5es alimentares. O l\u00fadico \u00e9 uma forma de aproximar, de incluir, e estamos felizes em poder contribuir para essa causa&#8221;, afirma Bernadete.<\/p>\n\n\n\n<p>\u201cNormalmente, as crian\u00e7as aprendem sobre alimenta\u00e7\u00e3o com cantigas infantis. Mas, at\u00e9 hoje, n\u00e3o havia nenhuma sobre alimenta\u00e7\u00e3o enteral e, para muitas, a sonda \u00e9 a \u00fanica maneira de receber nutrientes. Desenvolvemos o &#8220;Tubinho M\u00e1gico&#8221; como uma maneira de conscientiza\u00e7\u00e3o e inclus\u00e3o e, mais do que isso, para que a can\u00e7\u00e3o seja utilizada por m\u00e9dicos, nutricionistas e professores na hora de explicar as diferen\u00e7as e a import\u00e2ncia do cuidar\u201d, explica Mariana Motta, head de marketing e inova\u00e7\u00e3o da Prodiet.<\/p>\n\n\n\n<p>Al\u00e9m de estar dispon\u00edvel no Spotify e nas principais plataformas de m\u00fasica, a m\u00fasica &#8220;Tubinho M\u00e1gico&#8221; se destaca pela sua abrang\u00eancia, alcan\u00e7ando pais, m\u00e3es e educadores em todo o Brasil. Com isso, a Prodiet n\u00e3o apenas sensibiliza o p\u00fablico para a realidade das crian\u00e7as que utilizam sondas para se alimentar, mas tamb\u00e9m promove um ambiente mais inclusivo e acolhedor. &#8220;Queremos furar a bolha do preconceito e mostrar que essas crian\u00e7as, como qualquer outra, t\u00eam o direito de participar de momentos comuns, como a alimenta\u00e7\u00e3o, de forma l\u00fadica e especial. Al\u00e9m disso, a campanha, que ser\u00e1 amplamente divulgada nas redes sociais e canais digitais da Prodiet, convida o p\u00fablico a refletir sobre a import\u00e2ncia da empatia e da inclus\u00e3o, ao mesmo tempo em que leva informa\u00e7\u00e3o e conscientiza\u00e7\u00e3o sobre a nutri\u00e7\u00e3o enteral&#8221;, comenta Bernadete.<\/p>\n\n\n\n<p class=\"has-medium-font-size\">Inclus\u00e3o e impactos da m\u00fasica para fam\u00edlias at\u00edpicas<\/p>\n\n\n\n<p>A m\u00fasica &#8220;Tubinho M\u00e1gico&#8221; vai al\u00e9m de explicar a alimenta\u00e7\u00e3o enteral, refletindo a realidade de muitas fam\u00edlias, como a de Caroline Gorisch e sua filha Katherine, de cinco anos, que enfrenta complica\u00e7\u00f5es como microcefalia e traqueostomia. Caroline v\u00ea a can\u00e7\u00e3o como uma importante ferramenta de educa\u00e7\u00e3o e sensibiliza\u00e7\u00e3o, que ajuda a desmistificar o tema e promover a inclus\u00e3o de forma l\u00fadica e acess\u00edvel. \u201cA alimenta\u00e7\u00e3o da Prodiet foi um divisor de \u00e1gua para todos n\u00f3s, pois proporcionou uma grande evolu\u00e7\u00e3o nutricional na Katherine. Ent\u00e3o posso afirmar que ter uma m\u00fasica que aborda o assunto de forma t\u00e3o leve, \u00e9 realmente algo incr\u00edvel, pois ajuda a desmistificar a alimenta\u00e7\u00e3o enteral, que ainda \u00e9 cercada de muitos preconceitos. Cada dia de nossas vidas, vemos que a inclus\u00e3o \u00e9 fundamental, e o l\u00fadico tem esse poder de abrir di\u00e1logos, tanto entre pais e adultos quanto entre as crian\u00e7as, mostrando que a defici\u00eancia n\u00e3o \u00e9 uma doen\u00e7a, mas sim uma caracter\u00edstica que faz parte da vida dessas crian\u00e7as, e isso \u00e9 transformador&#8221;, explica Caroline.<\/p>\n\n\n\n<p>Carla Berrido, m\u00e3e de Bernardo, de sete anos, tamb\u00e9m compartilha sua jornada e a emo\u00e7\u00e3o que sentiu ao saber do lan\u00e7amento da m\u00fasica &#8220;Tubinho M\u00e1gico&#8221;. Bernardo, que nasceu com hidrocefalia e mielomeningocele e passou por in\u00fameras cirurgias, hoje depende da nutri\u00e7\u00e3o enteral para manter seu desenvolvimento saud\u00e1vel. A trajet\u00f3ria de Carla e seu filho \u00e9 marcada por desafios cont\u00ednuos, desde os primeiros dias de vida do Bernardo, at\u00e9 os momentos em que tiveram que se adaptar a uma nova realidade alimentar e superar o estigma que muitas vezes acompanha o uso de sondas. &#8220;A m\u00fasica veio como uma surpresa muito emocionante para n\u00f3s. Quando soube que havia uma can\u00e7\u00e3o que falava sobre a alimenta\u00e7\u00e3o enteral de maneira l\u00fadica, fiquei extremamente tocada. \u00c9 uma forma de inclus\u00e3o que realmente toca o cora\u00e7\u00e3o, porque n\u00e3o apenas explica algo t\u00e3o importante de maneira leve, mas tamb\u00e9m abre espa\u00e7o para que outras pessoas, tanto crian\u00e7as quanto adultos, compreendam e aceitem essa realidade&#8221;, explica Carla.<\/p>\n\n\n\n<p class=\"has-medium-font-size\">A m\u00fasica &#8220;Tubinho M\u00e1gico&#8221; est\u00e1 dispon\u00edvel nas principais plataformas de m\u00fasica e tamb\u00e9m pelas redes sociais da Prodiet.<\/p>\n\n\n\n<p>Sobre a Prodiet: A Prodiet Medical Nutrition \u00e9 uma empresa brasileira que se destaca pelo desenvolvimento e comercializa\u00e7\u00e3o de f\u00f3rmulas nutricionais especializadas para atender \u00e0s necessidades espec\u00edficas dos profissionais de sa\u00fade e consumidores. Com mais de 15 anos de experi\u00eancia no mercado, \u00e9 comprometida em oferecer solu\u00e7\u00f5es inovadoras que promovam a sa\u00fade e o bem-estar de seus pacientes. A empresa busca constantemente transcender o cuidado f\u00edsico por meio da nutri\u00e7\u00e3o, aliando tecnologia e pesquisa para desenvolver produtos de qualidade excepcional. Com certifica\u00e7\u00f5es importantes como FSSC 22000,Halal e selo ESG em foco, os mais de 40 produtos do seu portf\u00f3lio s\u00e3o distribu\u00eddos para todo o pa\u00eds e, tamb\u00e9m, para o Oriente M\u00e9dio, Am\u00e9rica Latina,&nbsp;Europa&nbsp;e&nbsp;\u00c1sia.<\/p>\n","protected":false},"excerpt":{"rendered":"<p>O lan\u00e7amento \u00e9 parte da campanha que promove, de forma l\u00fadica e divertida, a inclus\u00e3o de crian\u00e7as que usam a alimenta\u00e7\u00e3o enteral como parte da sua dieta Em celebra\u00e7\u00e3o ao final de ano e aos momentos em fam\u00edlia, a Prodiet, empresa refer\u00eancia em nutri\u00e7\u00e3o enteral, inova ao lan\u00e7ar a primeira can\u00e7\u00e3o infantil sobre alimenta\u00e7\u00e3o enteral. [&hellip;]<\/p>\n","protected":false},"author":1,"featured_media":3872,"comment_status":"open","ping_status":"open","sticky":false,"template":"","format":"standard","meta":{"footnotes":""},"categories":[29],"tags":[],"class_list":["post-3871","post","type-post","status-publish","format-standard","has-post-thumbnail","hentry","category-artigos"],"_links":{"self":[{"href":"https:\/\/diarioparanaense.com\/index.php?rest_route=\/wp\/v2\/posts\/3871","targetHints":{"allow":["GET"]}}],"collection":[{"href":"https:\/\/diarioparanaense.com\/index.php?rest_route=\/wp\/v2\/posts"}],"about":[{"href":"https:\/\/diarioparanaense.com\/index.php?rest_route=\/wp\/v2\/types\/post"}],"author":[{"embeddable":true,"href":"https:\/\/diarioparanaense.com\/index.php?rest_route=\/wp\/v2\/users\/1"}],"replies":[{"embeddable":true,"href":"https:\/\/diarioparanaense.com\/index.php?rest_route=%2Fwp%2Fv2%2Fcomments&post=3871"}],"version-history":[{"count":1,"href":"https:\/\/diarioparanaense.com\/index.php?rest_route=\/wp\/v2\/posts\/3871\/revisions"}],"predecessor-version":[{"id":3873,"href":"https:\/\/diarioparanaense.com\/index.php?rest_route=\/wp\/v2\/posts\/3871\/revisions\/3873"}],"wp:featuredmedia":[{"embeddable":true,"href":"https:\/\/diarioparanaense.com\/index.php?rest_route=\/wp\/v2\/media\/3872"}],"wp:attachment":[{"href":"https:\/\/diarioparanaense.com\/index.php?rest_route=%2Fwp%2Fv2%2Fmedia&parent=3871"}],"wp:term":[{"taxonomy":"category","embeddable":true,"href":"https:\/\/diarioparanaense.com\/index.php?rest_route=%2Fwp%2Fv2%2Fcategories&post=3871"},{"taxonomy":"post_tag","embeddable":true,"href":"https:\/\/diarioparanaense.com\/index.php?rest_route=%2Fwp%2Fv2%2Ftags&post=3871"}],"curies":[{"name":"wp","href":"https:\/\/api.w.org\/{rel}","templated":true}]}}