{"id":3864,"date":"2024-12-16T14:25:01","date_gmt":"2024-12-16T17:25:01","guid":{"rendered":"https:\/\/diarioparanaense.com\/?p=3864"},"modified":"2024-12-16T14:25:02","modified_gmt":"2024-12-16T17:25:02","slug":"longe-das-telas-brincadeiras-antigas-sao-atracao-da-colonia-de-ferias-da-escola-atuacao","status":"publish","type":"post","link":"https:\/\/diarioparanaense.com\/?p=3864","title":{"rendered":"Longe das telas: brincadeiras antigas s\u00e3o atra\u00e7\u00e3o da col\u00f4nia de f\u00e9rias da Escola Atua\u00e7\u00e3o"},"content":{"rendered":"\n<p class=\"has-medium-font-size\">Programa\u00e7\u00e3o refor\u00e7a a import\u00e2ncia do brincar como ferramenta para o desenvolvimento infantil<\/p>\n\n\n\n<p>Os estudantes da Escola Atua\u00e7\u00e3o, em Curitiba, t\u00eam um est\u00edmulo a mais para ficar longe das telas dos celulares e tablets nas f\u00e9rias de ver\u00e3o: a tradicional col\u00f4nia de f\u00e9rias da institui\u00e7\u00e3o, que acontece at\u00e9 o dia 31 de janeiro, com atividades divertidas e que trazem de volta brincadeiras antigas da inf\u00e2ncia.<\/p>\n\n\n\n<p>A psicopedagoga da escola, Esther Cristina Pereira, lembra que col\u00f4nia de f\u00e9rias n\u00e3o pode ser apenas um espa\u00e7o para a crian\u00e7a ficar nas f\u00e9rias enquanto os pais trabalham, mas proporcionar desenvolvimento. \u201cEsse deve ser um espa\u00e7o em que ela possa, verdadeiramente, colocar em pr\u00e1tica o brincar, que \u00e9 t\u00e3o necess\u00e1rio na inf\u00e2ncia\u201d, refor\u00e7a.<\/p>\n\n\n\n<p>Foi pensando nisso, conta, que o planejamento das atividades da col\u00f4nia da Escola resgata brincadeiras bastante anal\u00f3gicas e que marcaram as antigas gera\u00e7\u00f5es, como as dos pais e av\u00f3s das crian\u00e7as. A programa\u00e7\u00e3o inclui desde pular corda e amarelinha, at\u00e9 brincadeiras de quadra com bola, como o ca\u00e7ador, o v\u00f4lei e o futebol, passando pelos jogos de tabuleiro e pelos desenhos em papel em conjunto.<\/p>\n\n\n\n<p>\u201cIsso tudo para tirar um pouco essas crian\u00e7as da tecnologia em que elas est\u00e3o imersas desde que nasceram, praticamente\u201d, justifica a psicopedagoga. \u201cAl\u00e9m disso, proporcionamos o aprendizado de li\u00e7\u00f5es importantes como coopera\u00e7\u00e3o, estrat\u00e9gia e criatividade em brincadeiras entre crian\u00e7as de todas as idades\u201d, completa.<\/p>\n\n\n\n<p>A col\u00f4nia tamb\u00e9m aposta na diversidade de oficinas, que v\u00e3o desde conta\u00e7\u00e3o de hist\u00f3rias e teatro at\u00e9 pr\u00e1ticas ecol\u00f3gicas, refor\u00e7ando o compromisso com o desenvolvimento integral de seus participantes.<\/p>\n\n\n\n<p class=\"has-medium-font-size\">Filhos entretidos, pais tranquilos<\/p>\n\n\n\n<p>A programa\u00e7\u00e3o das atividades, das 7h \u00e0s 19h, \u00e9 toda compartilhada com os pais. Al\u00e9m das brincadeiras, jogos e oficinas, h\u00e1 hor\u00e1rios determinados para a alimenta\u00e7\u00e3o das crian\u00e7as. Essa informa\u00e7\u00e3o tranquiliza os pais e nos ajuda no transcorrer da col\u00f4nia. \u201cPor exemplo, se temos uma brincadeira com lona, \u00e1gua e sab\u00e3o, os pais j\u00e1 sabem que precisam mandar uma muda de roupa extra\u201d, conta a&nbsp;psicopedagoga.<\/p>\n","protected":false},"excerpt":{"rendered":"<p>Programa\u00e7\u00e3o refor\u00e7a a import\u00e2ncia do brincar como ferramenta para o desenvolvimento infantil Os estudantes da Escola Atua\u00e7\u00e3o, em Curitiba, t\u00eam um est\u00edmulo a mais para ficar longe das telas dos celulares e tablets nas f\u00e9rias de ver\u00e3o: a tradicional col\u00f4nia de f\u00e9rias da institui\u00e7\u00e3o, que acontece at\u00e9 o dia 31 de janeiro, com atividades divertidas [&hellip;]<\/p>\n","protected":false},"author":1,"featured_media":3865,"comment_status":"open","ping_status":"open","sticky":false,"template":"","format":"standard","meta":{"footnotes":""},"categories":[148],"tags":[],"class_list":["post-3864","post","type-post","status-publish","format-standard","has-post-thumbnail","hentry","category-educacao"],"_links":{"self":[{"href":"https:\/\/diarioparanaense.com\/index.php?rest_route=\/wp\/v2\/posts\/3864","targetHints":{"allow":["GET"]}}],"collection":[{"href":"https:\/\/diarioparanaense.com\/index.php?rest_route=\/wp\/v2\/posts"}],"about":[{"href":"https:\/\/diarioparanaense.com\/index.php?rest_route=\/wp\/v2\/types\/post"}],"author":[{"embeddable":true,"href":"https:\/\/diarioparanaense.com\/index.php?rest_route=\/wp\/v2\/users\/1"}],"replies":[{"embeddable":true,"href":"https:\/\/diarioparanaense.com\/index.php?rest_route=%2Fwp%2Fv2%2Fcomments&post=3864"}],"version-history":[{"count":1,"href":"https:\/\/diarioparanaense.com\/index.php?rest_route=\/wp\/v2\/posts\/3864\/revisions"}],"predecessor-version":[{"id":3866,"href":"https:\/\/diarioparanaense.com\/index.php?rest_route=\/wp\/v2\/posts\/3864\/revisions\/3866"}],"wp:featuredmedia":[{"embeddable":true,"href":"https:\/\/diarioparanaense.com\/index.php?rest_route=\/wp\/v2\/media\/3865"}],"wp:attachment":[{"href":"https:\/\/diarioparanaense.com\/index.php?rest_route=%2Fwp%2Fv2%2Fmedia&parent=3864"}],"wp:term":[{"taxonomy":"category","embeddable":true,"href":"https:\/\/diarioparanaense.com\/index.php?rest_route=%2Fwp%2Fv2%2Fcategories&post=3864"},{"taxonomy":"post_tag","embeddable":true,"href":"https:\/\/diarioparanaense.com\/index.php?rest_route=%2Fwp%2Fv2%2Ftags&post=3864"}],"curies":[{"name":"wp","href":"https:\/\/api.w.org\/{rel}","templated":true}]}}