{"id":3850,"date":"2024-12-12T13:45:47","date_gmt":"2024-12-12T16:45:47","guid":{"rendered":"https:\/\/diarioparanaense.com\/?p=3850"},"modified":"2024-12-12T13:45:48","modified_gmt":"2024-12-12T16:45:48","slug":"cancer-de-pele-atinge-185-mil-pessoas-por-ano-e-exige-medidas-de-prevencao","status":"publish","type":"post","link":"https:\/\/diarioparanaense.com\/?p=3850","title":{"rendered":"C\u00e2ncer de pele atinge 185 mil pessoas por ano e exige medidas de preven\u00e7\u00e3o"},"content":{"rendered":"\n<p class=\"has-medium-font-size\">Dermatologista oncol\u00f3gico do Hospital S\u00e3o Vicente destaca o fototipo de pele e a exposi\u00e7\u00e3o solar como principais causas<\/p>\n\n\n\n<p>Com a chegada do ver\u00e3o, \u00e9 preciso redobrar a aten\u00e7\u00e3o com a sa\u00fade da pele. O c\u00e2ncer que atinge o maior \u00f3rg\u00e3o do corpo humano \u00e9 o tipo mais comum no Brasil, representando 33% de todos os diagn\u00f3sticos oncol\u00f3gicos no pa\u00eds. S\u00e3o cerca de 185 mil novos casos registrados anualmente, segundo dados do Instituto Nacional de C\u00e2ncer (Inca). Embora a forma mais frequente, o c\u00e2ncer de pele n\u00e3o melanoma, tenha baixa letalidade, ela ainda responde por 95% dos casos, com 177 mil registros a cada ano. J\u00e1 o melanoma, uma forma mais rara e agressiva, atinge aproximadamente 8,4 mil pessoas anualmente.<\/p>\n\n\n\n<p>O dermatologista oncol\u00f3gico do Hospital S\u00e3o Vicente, Juliano Rebolho, alerta sobre os sintomas que devem ser observados, especialmente em \u00e9pocas de maior exposi\u00e7\u00e3o solar, como o ver\u00e3o.&#8221;Os principais sinais s\u00e3o les\u00f5es novas de aparecimento repentino ou les\u00f5es que est\u00e3o evoluindo, mudando suas caracter\u00edsticas, sangrando e com dificuldade de cicatriza\u00e7\u00e3o&#8221;, afirma. Ele tamb\u00e9m ressalta que, embora muitas les\u00f5es evoluam lentamente, h\u00e1 casos em que o c\u00e2ncer pode se desenvolver de forma r\u00e1pida. &#8220;Normalmente, as les\u00f5es mais agressivas t\u00eam um crescimento mais r\u00e1pido&#8221;, acrescenta.<\/p>\n\n\n\n<p>Em rela\u00e7\u00e3o \u00e0 sua origem, o c\u00e2ncer de pele pode ter influ\u00eancia de diversos fatores, tanto gen\u00e9ticos quanto ambientais. Segundo o m\u00e9dico, o principal fator gen\u00e9tico \u00e9 o fototipo da pele, ou seja, pessoas com pele mais clara, que n\u00e3o se bronzeiam quando expostas ao sol, s\u00e3o mais suscet\u00edveis. J\u00e1 no fator ambiental, o ponto central \u00e9 a exposi\u00e7\u00e3o solar. Pacientes imunossuprimidos, como os transplantados, tamb\u00e9m t\u00eam um risco aumentado.<\/p>\n\n\n\n<p class=\"has-medium-font-size\">Como prevenir o quadro?<\/p>\n\n\n\n<p>Com mais dias de sol, temperaturas altas e muitas pessoas no litoral, o ver\u00e3o deve ser acompanhado dos cuidados com a pele. A conscientiza\u00e7\u00e3o sobre os cuidados durante a temporada de calor \u00e9 fundamental. Al\u00e9m de evitar a exposi\u00e7\u00e3o nos hor\u00e1rios de pico, entre 10h e 16h, \u00e9 recomendado o uso de filtro solar com fator de prote\u00e7\u00e3o m\u00ednimo de 30, reaplicado ao longo do dia. &#8220;Quanto maior o fator de prote\u00e7\u00e3o, por mais tempo o filtro protege. Por exemplo, um fator 30 deve ser reaplicado a cada 1h30, dependendo do \u00edndice UV do dia&#8221;, explica.<\/p>\n\n\n\n<p>As roupas com prote\u00e7\u00e3o UV, principalmente em crian\u00e7as e pessoas que praticam atividades f\u00edsicas ao ar livre, tamb\u00e9m s\u00e3o uma boa op\u00e7\u00e3o. O m\u00e9dico ainda alerta que n\u00e3o existe bronzeado saud\u00e1vel e refor\u00e7a que o uso de c\u00e2maras de UV para bronzeamento artificial \u00e9 prejudicial, aumentando o risco de c\u00e2ncer de pele e, ainda, acelerando o processo de fotoenvelhecimento.<\/p>\n\n\n\n<p>E j\u00e1 que muitos mitos foram criados sobre a rela\u00e7\u00e3o entre o sol e a vitamina D, o especialista esclarece que para a ativa\u00e7\u00e3o \u00e9 necess\u00e1rio exposi\u00e7\u00e3o solar com alta intensidade de radia\u00e7\u00e3o UVB, mas que o tempo necess\u00e1rio \u00e9 pequeno. \u201cBasta apenas 5 minutos, 3 vezes por semana&#8221;, revela. Ele recomenda ainda o uso de protetor solar nas \u00e1reas mais expostas, como face e m\u00e3os, e alerta que, para quem tem risco elevado de desenvolver c\u00e2ncer de pele, a reposi\u00e7\u00e3o de vitamina D pode ser feita com&nbsp;comprimidos.<\/p>\n","protected":false},"excerpt":{"rendered":"<p>Dermatologista oncol\u00f3gico do Hospital S\u00e3o Vicente destaca o fototipo de pele e a exposi\u00e7\u00e3o solar como principais causas Com a chegada do ver\u00e3o, \u00e9 preciso redobrar a aten\u00e7\u00e3o com a sa\u00fade da pele. O c\u00e2ncer que atinge o maior \u00f3rg\u00e3o do corpo humano \u00e9 o tipo mais comum no Brasil, representando 33% de todos os [&hellip;]<\/p>\n","protected":false},"author":1,"featured_media":3851,"comment_status":"open","ping_status":"open","sticky":false,"template":"","format":"standard","meta":{"footnotes":""},"categories":[29,164],"tags":[],"class_list":["post-3850","post","type-post","status-publish","format-standard","has-post-thumbnail","hentry","category-artigos","category-saude-2"],"_links":{"self":[{"href":"https:\/\/diarioparanaense.com\/index.php?rest_route=\/wp\/v2\/posts\/3850","targetHints":{"allow":["GET"]}}],"collection":[{"href":"https:\/\/diarioparanaense.com\/index.php?rest_route=\/wp\/v2\/posts"}],"about":[{"href":"https:\/\/diarioparanaense.com\/index.php?rest_route=\/wp\/v2\/types\/post"}],"author":[{"embeddable":true,"href":"https:\/\/diarioparanaense.com\/index.php?rest_route=\/wp\/v2\/users\/1"}],"replies":[{"embeddable":true,"href":"https:\/\/diarioparanaense.com\/index.php?rest_route=%2Fwp%2Fv2%2Fcomments&post=3850"}],"version-history":[{"count":1,"href":"https:\/\/diarioparanaense.com\/index.php?rest_route=\/wp\/v2\/posts\/3850\/revisions"}],"predecessor-version":[{"id":3852,"href":"https:\/\/diarioparanaense.com\/index.php?rest_route=\/wp\/v2\/posts\/3850\/revisions\/3852"}],"wp:featuredmedia":[{"embeddable":true,"href":"https:\/\/diarioparanaense.com\/index.php?rest_route=\/wp\/v2\/media\/3851"}],"wp:attachment":[{"href":"https:\/\/diarioparanaense.com\/index.php?rest_route=%2Fwp%2Fv2%2Fmedia&parent=3850"}],"wp:term":[{"taxonomy":"category","embeddable":true,"href":"https:\/\/diarioparanaense.com\/index.php?rest_route=%2Fwp%2Fv2%2Fcategories&post=3850"},{"taxonomy":"post_tag","embeddable":true,"href":"https:\/\/diarioparanaense.com\/index.php?rest_route=%2Fwp%2Fv2%2Ftags&post=3850"}],"curies":[{"name":"wp","href":"https:\/\/api.w.org\/{rel}","templated":true}]}}