{"id":3847,"date":"2024-12-12T08:59:00","date_gmt":"2024-12-12T11:59:00","guid":{"rendered":"https:\/\/diarioparanaense.com\/?p=3847"},"modified":"2024-12-12T08:59:01","modified_gmt":"2024-12-12T11:59:01","slug":"tecnologia-assistiva-revoluciona-cuidados-e-reabilitacao-na-saude","status":"publish","type":"post","link":"https:\/\/diarioparanaense.com\/?p=3847","title":{"rendered":"Tecnologia Assistiva revoluciona cuidados e reabilita\u00e7\u00e3o na sa\u00fade"},"content":{"rendered":"\n<p class=\"has-medium-font-size\">Rodrigo Rodrigues*<\/p>\n\n\n\n<p>S\u00e3o Paulo, uma das maiores metr\u00f3poles do mundo, abriga milh\u00f5es de habitantes e uma vasta gama de pol\u00edticas p\u00fablicas, movimentos e projetos voltados para garantir a acessibilidade \u00e0s pessoas com defici\u00eancia (PcD) ou com mobilidade reduzida (PMR), uma vez que enfrentam comorbidades ou limita\u00e7\u00f5es f\u00edsicas que dificultam suas atividades cotidianas.<\/p>\n\n\n\n<p>Segundo estimativas feitas pelo Instituto Brasileiro de Geografia e Estat\u00edstica (IBGE), com base na Pesquisa Nacional de Amostras por Domic\u00edlio \u2013 PNAD 2022, a popula\u00e7\u00e3o brasileira \u00e9 composta por 18,6 milh\u00f5es de pessoas com algum tipo de defici\u00eancia, o que corresponde a 8,9% do total de habitantes de 2 anos ou mais de idade domiciliados. Isso significa que praticamente 9 em cada 100 pessoas possuem alguma defici\u00eancia.<\/p>\n\n\n\n<p>Outro dado significativo \u00e9 que quase metade dos brasileiros com defici\u00eancia s\u00e3o pessoas idosas (47,2%), enquanto esse percentual na popula\u00e7\u00e3o sem defici\u00eancia \u00e9 de cerca de 12,5%. Entre as quest\u00f5es mais frequentes est\u00e3o a dificuldade para andar ou subir degraus (3,4% da popula\u00e7\u00e3o), seguida de problemas para enxergar (3,1%) e da dificuldade para aprender, lembrar-se das coisas ou se concentrar (2,6%).<\/p>\n\n\n\n<p>Quanto \u00e0 defici\u00eancia intelectual, 0,8% da popula\u00e7\u00e3o apresenta esse quadro, sendo que a maioria (0,5%) nasceu com as limita\u00e7\u00f5es. A defici\u00eancia auditiva est\u00e1 presente em 1,1% da popula\u00e7\u00e3o. O Nordeste \u00e9 a regi\u00e3o com maior percentual de pessoas com defici\u00eancia, que representa 10,3%, j\u00e1 a regi\u00e3o Sudeste apresenta o menor percentual, com 8,2%.<\/p>\n\n\n\n<p>\u00c9 preciso reconhecer que, em algum momento, todos enfrentaremos limita\u00e7\u00f5es f\u00edsicas. E, nessa fase, a Tecnologia Assistiva far\u00e1 parte fundamental de nossas vidas, como uma aliada necess\u00e1ria, indo muito al\u00e9m dos wearables (dispositivos eletr\u00f4nicos vest\u00edveis que monitoram e interagem com o usu\u00e1rio) populares.<\/p>\n\n\n\n<p>Somente este ano, nos principais eventos da \u00e1rea de sa\u00fade, foram apresentadas uma s\u00e9rie de inova\u00e7\u00f5es tecnol\u00f3gicas que est\u00e3o transformando a medicina e que tamb\u00e9m nos beneficiar\u00e3o, \u00e0 medida que enfrentamos sequelas de alguma intercorr\u00eancia de sa\u00fade.<\/p>\n\n\n\n<p class=\"has-medium-font-size\">Tecnologia Assistiva no centro da discuss\u00e3o<\/p>\n\n\n\n<p>De acordo com a Lei Brasileira de Inclus\u00e3o da Pessoa com Defici\u00eancia (Estatuto da Pessoa com Defici\u00eancia &#8211; Lei N\u00ba 13.146\/2015), a tecnologia assistiva \u00e9 definida como produtos, equipamentos, dispositivos, recursos, metodologias, estrat\u00e9gias, pr\u00e1ticas e servi\u00e7os que promovem a funcionalidade relacionada \u00e0 atividade e \u00e0 participa\u00e7\u00e3o da pessoa com defici\u00eancia ou mobilidade reduzida, envolvendo sua autonomia, independ\u00eancia, qualidade de vida e inclus\u00e3o social.<\/p>\n\n\n\n<p>Esta defini\u00e7\u00e3o \u00e9 essencial para compreendermos como essas solu\u00e7\u00f5es podem melhorar a qualidade de vida e reduzir a depend\u00eancia de terceiros, come\u00e7ando desde a fase aguda em hospital geral passando por hospitais de transi\u00e7\u00e3o de cuidados especialmente nos protocolos de reabilita\u00e7\u00e3o.<\/p>\n\n\n\n<p>Segundo a Organiza\u00e7\u00e3o Mundial da Sa\u00fade (OMS), a demanda por tecnologia assistiva dever\u00e1 crescer significativamente nas pr\u00f3ximas d\u00e9cadas, com a previs\u00e3o de que 2 bilh\u00f5es de pessoas precisar\u00e3o desses recursos at\u00e9 2050.<\/p>\n\n\n\n<p>Muitas dessas solu\u00e7\u00f5es tecnol\u00f3gicas j\u00e1 fazem parte do dia a dia de grande parte das pessoas, como por exemplo:<\/p>\n\n\n\n<ul class=\"wp-block-list\">\n<li>Leitores de tela: softwares que permitem que pessoas com defici\u00eancia visual ou\u00e7am o conte\u00fado de textos digitais, como JAWS ou NVDA;<\/li>\n\n\n\n<li>Pr\u00f3teses: dispositivos que substituem membros ou partes do corpo ausentes, como bra\u00e7os ou pernas prot\u00e9ticas;<\/li>\n\n\n\n<li>Cadeiras de rodas motorizadas: ve\u00edculos assistivos que proporcionam mobilidade para pessoas com defici\u00eancias motoras severas;<\/li>\n\n\n\n<li>Aparelhos auditivos: amplificam o som para auxiliar pessoas com perda auditiva;<\/li>\n\n\n\n<li>Comunicadores alternativos: dispositivos de comunica\u00e7\u00e3o para pessoas com dificuldades de fala, como a Prancha de comunica\u00e7\u00e3o, ou softwares como Proloquo2Go;<\/li>\n\n\n\n<li>Mouses adaptados: permitem o uso do computador com movimentos limitados, como mouses controlados pelos olhos ou por sopros;<\/li>\n\n\n\n<li>Talheres adaptados: colheres e garfos com cabos grossos ou ajust\u00e1veis que facilitam o manuseio por pessoas com dificuldades motoras, como artrite;<\/li>\n\n\n\n<li>Abridores de portas autom\u00e1ticos: mecanismos que abrem portas automaticamente, ideais para cadeirantes ou pessoas com dificuldades de movimento;<\/li>\n\n\n\n<li>Chuveiros e banheiras adaptados: equipamentos com barras de apoio, bancos e pisos antiderrapantes para garantir a seguran\u00e7a e independ\u00eancia no banho;<\/li>\n\n\n\n<li>Apps de reconhecimento de voz: ferramentas como o Google Assistant ou Siri, que permitem que pessoas com dificuldades de mobilidade ou vis\u00e3o enviem mensagens ou liguem para algu\u00e9m usando comandos de voz;<\/li>\n\n\n\n<li>Hospitais de reabilita\u00e7\u00e3o por incapacidade tempor\u00e1ria ou definitiva (Transi\u00e7\u00e3o de Cuidados). Esse modelo de cuidado capacita o indiv\u00edduo para que esteja apto \u00e0 sua nova condi\u00e7\u00e3o, reinserindo-o \u00e0 sociedade.<\/li>\n<\/ul>\n\n\n\n<p>Transi\u00e7\u00e3o de cuidados e a reabilita\u00e7\u00e3o s\u00e3o pe\u00e7as-chave no cuidado da sa\u00fade mental e f\u00edsica, indo al\u00e9m da tecnologia assistiva<\/p>\n\n\n\n<p>O uso de tecnologia assistiva tem se tornado um diferencial essencial na \u00e1rea da sa\u00fade, promovendo mais autonomia e qualidade de vida para pessoas em reabilita\u00e7\u00e3o ou com mobilidade reduzida. Esses recursos s\u00e3o projetados para oferecer suporte funcional e emocional, impactando diretamente os processos de recupera\u00e7\u00e3o e transi\u00e7\u00e3o de cuidados, tanto em institui\u00e7\u00f5es hospitalares quanto no ambiente domiciliar.<\/p>\n\n\n\n<p>Em um momento em que a tecnologia assistiva ganha destaque, a transi\u00e7\u00e3o de cuidados e a reabilita\u00e7\u00e3o mostram-se igualmente cruciais para uma recupera\u00e7\u00e3o completa e sustent\u00e1vel. Embora a tecnologia assistiva ofere\u00e7a recursos inestim\u00e1veis para facilitar a vida de pessoas com limita\u00e7\u00f5es f\u00edsicas, a reabilita\u00e7\u00e3o e a transi\u00e7\u00e3o de cuidados atendem tamb\u00e9m \u00e0 sa\u00fade mental e ao bem-estar emocional, promovendo n\u00e3o apenas o fortalecimento f\u00edsico, mas uma verdadeira ressignifica\u00e7\u00e3o de vida.<\/p>\n\n\n\n<p>Tratam-se de solu\u00e7\u00f5es e servi\u00e7os complementares, uma vez que os processos de reabilita\u00e7\u00e3o incentivam a socializa\u00e7\u00e3o, constroem v\u00ednculos com profissionais de sa\u00fade e trazem de volta um senso de prop\u00f3sito para os pacientes, algo que apenas a tecnologia assistiva n\u00e3o alcan\u00e7a sozinha.<\/p>\n\n\n\n<p>Outro ponto relevante \u00e9 que a reabilita\u00e7\u00e3o integrada trabalha aspectos como a autoestima e a confian\u00e7a, fundamentais para o processo de recupera\u00e7\u00e3o e reintegra\u00e7\u00e3o social. Essa abordagem evita que o paciente se sinta isolado ou limitado apenas por adapta\u00e7\u00f5es tecnol\u00f3gicas, favorecendo a constru\u00e7\u00e3o de uma rede de apoio com cuidadores, familiares e profissionais da sa\u00fade, o que refor\u00e7a o valor humano do cuidado e oferece uma experi\u00eancia de recupera\u00e7\u00e3o mais significativa.<\/p>\n\n\n\n<p>Este posicionamento refor\u00e7a que a reabilita\u00e7\u00e3o promove uma recupera\u00e7\u00e3o integral, colocando o ser humano como foco e fortalecendo o aspecto psicol\u00f3gico, emocional e social, diferenciais que v\u00e3o al\u00e9m das funcionalidades das tecnologias assistivas.<\/p>\n\n\n\n<p>*Rodrigo Rodrigues \u00e9 Diretor de Relacionamentos da YUNA, institui\u00e7\u00e3o especializada em reabilita\u00e7\u00e3o e cuidados&nbsp;paliativos.<\/p>\n","protected":false},"excerpt":{"rendered":"<p>Rodrigo Rodrigues* S\u00e3o Paulo, uma das maiores metr\u00f3poles do mundo, abriga milh\u00f5es de habitantes e uma vasta gama de pol\u00edticas p\u00fablicas, movimentos e projetos voltados para garantir a acessibilidade \u00e0s pessoas com defici\u00eancia (PcD) ou com mobilidade reduzida (PMR), uma vez que enfrentam comorbidades ou limita\u00e7\u00f5es f\u00edsicas que dificultam suas atividades cotidianas. Segundo estimativas feitas [&hellip;]<\/p>\n","protected":false},"author":1,"featured_media":3848,"comment_status":"open","ping_status":"open","sticky":false,"template":"","format":"standard","meta":{"footnotes":""},"categories":[29],"tags":[],"class_list":["post-3847","post","type-post","status-publish","format-standard","has-post-thumbnail","hentry","category-artigos"],"_links":{"self":[{"href":"https:\/\/diarioparanaense.com\/index.php?rest_route=\/wp\/v2\/posts\/3847","targetHints":{"allow":["GET"]}}],"collection":[{"href":"https:\/\/diarioparanaense.com\/index.php?rest_route=\/wp\/v2\/posts"}],"about":[{"href":"https:\/\/diarioparanaense.com\/index.php?rest_route=\/wp\/v2\/types\/post"}],"author":[{"embeddable":true,"href":"https:\/\/diarioparanaense.com\/index.php?rest_route=\/wp\/v2\/users\/1"}],"replies":[{"embeddable":true,"href":"https:\/\/diarioparanaense.com\/index.php?rest_route=%2Fwp%2Fv2%2Fcomments&post=3847"}],"version-history":[{"count":1,"href":"https:\/\/diarioparanaense.com\/index.php?rest_route=\/wp\/v2\/posts\/3847\/revisions"}],"predecessor-version":[{"id":3849,"href":"https:\/\/diarioparanaense.com\/index.php?rest_route=\/wp\/v2\/posts\/3847\/revisions\/3849"}],"wp:featuredmedia":[{"embeddable":true,"href":"https:\/\/diarioparanaense.com\/index.php?rest_route=\/wp\/v2\/media\/3848"}],"wp:attachment":[{"href":"https:\/\/diarioparanaense.com\/index.php?rest_route=%2Fwp%2Fv2%2Fmedia&parent=3847"}],"wp:term":[{"taxonomy":"category","embeddable":true,"href":"https:\/\/diarioparanaense.com\/index.php?rest_route=%2Fwp%2Fv2%2Fcategories&post=3847"},{"taxonomy":"post_tag","embeddable":true,"href":"https:\/\/diarioparanaense.com\/index.php?rest_route=%2Fwp%2Fv2%2Ftags&post=3847"}],"curies":[{"name":"wp","href":"https:\/\/api.w.org\/{rel}","templated":true}]}}