{"id":3844,"date":"2024-12-12T08:57:50","date_gmt":"2024-12-12T11:57:50","guid":{"rendered":"https:\/\/diarioparanaense.com\/?p=3844"},"modified":"2024-12-12T08:57:51","modified_gmt":"2024-12-12T11:57:51","slug":"atividade-terapeutica-movimentacao-promove-independencia-e-qualidade-de-vida-a-pacientes-em-reabilitacao","status":"publish","type":"post","link":"https:\/\/diarioparanaense.com\/?p=3844","title":{"rendered":"Atividade terap\u00eautica MovimentA\u00e7\u00e3o promove independ\u00eancia e qualidade de vida a pacientes em reabilita\u00e7\u00e3o"},"content":{"rendered":"\n<p>Programa utiliza atividades pr\u00e1ticas e terapias para auxiliar pacientes em reabilita\u00e7\u00e3o e recupera\u00e7\u00e3o de funcionalidade e autonomia para o dia a dia<\/p>\n\n\n\n<p>Idealizada para promover o desenvolvimento funcional e a independ\u00eancia de pacientes em recupera\u00e7\u00e3o, a atividade terap\u00eautica MovimentA\u00e7\u00e3o \u00e9 realizada semanalmente, na YUNA, por uma equipe multidisciplinar, formada por fisioterapeutas e terapeutas ocupacionais.<\/p>\n\n\n\n<p>Essa iniciativa visa proporcionar aos pacientes com limita\u00e7\u00f5es funcionais a oportunidade de treinar as habilidades essenciais para a vida di\u00e1ria e desenvolver maior autonomia, integrando atividades espec\u00edficas que incluem vestimenta, alimenta\u00e7\u00e3o, higiene pessoal e transfer\u00eancias posturais.<br>Destinada a pacientes com d\u00e9ficit e preju\u00edzo na capacidade de autonomia das atividades de vida di\u00e1ria (potencial para ganhos em funcionalidade), a MovimentA\u00e7\u00e3o foca na reeduca\u00e7\u00e3o para uma vida mais aut\u00f4noma e menos dependente de terceiros.<\/p>\n\n\n\n<p>De acordo com Douglas Spencer Pardim, fisioterapeuta especialista em reabilita\u00e7\u00e3o ortop\u00e9dica, \u201cas sess\u00f5es do grupo s\u00e3o planejadas conforme a Escala de Medida de Independ\u00eancia Funcional (MIF), que orienta o tratamento e avalia a evolu\u00e7\u00e3o de cada um. Esse processo permite que, ao longo da interna\u00e7\u00e3o, os pacientes tenham melhoria em aspectos essenciais para a autonomia e diminuam a complexidade do cuidado no ambiente dom\u00e9stico\u201d, conclui.<\/p>\n\n\n\n<p>Um diferencial do programa \u00e9 o trabalho em grupo, onde os pacientes acompanham seus desafios e avan\u00e7os, beneficiando-se da troca de experi\u00eancias. Gabriela Myczkowski, terapeuta ocupacional, destaca que \u201co ambiente coletivo fortalece o sentimento de pertencimento e a motiva\u00e7\u00e3o. A identifica\u00e7\u00e3o com os colegas e o apoio m\u00fatuo ajudam a enfrentar as dificuldades e a construir autoconfian\u00e7a para as atividades di\u00e1rias\u201d.<\/p>\n\n\n\n<p class=\"has-medium-font-size\">Estrutura e planejamento do programa MovimentA\u00e7\u00e3o<\/p>\n\n\n\n<p>As atividades s\u00e3o planejadas semanalmente, sendo que a equipe respons\u00e1vel elege os participantes e adapta os materiais de apoio de acordo com as necessidades de cada paciente. Entre os exerc\u00edcios interativos, est\u00e3o simula\u00e7\u00f5es de situa\u00e7\u00f5es comuns no ambiente dom\u00e9stico, como quedas, treinos de alimenta\u00e7\u00e3o, higiene pessoal, trocas posturais, troca de vestimenta parte superior, inferior e cal\u00e7ado, e treino de marcha. O levantamento com equil\u00edbrio e controle postural, al\u00e9m de outras atividades que desbloqueiam a coordena\u00e7\u00e3o e o ajuste fino.<br>\u201cEsse trabalho com ajustes finos envolve movimentos sutis e autom\u00e1ticos do nosso cotidiano, como o uso do tronco para apoiar o ortostatismo (ficar em p\u00e9). Na terapia esses detalhes s\u00e3o lapidados e adaptados para cada paciente, promovendo uma melhoria funcional que pode passar despercebida para quem est\u00e1 saud\u00e1vel, mas \u00e9 essencial para a reabilita\u00e7\u00e3o\u201d, explica Pardim.<\/p>\n\n\n\n<p class=\"has-medium-font-size\">Resultados pr\u00e1ticos e caso evolutivo<\/p>\n\n\n\n<p>Os avan\u00e7os dos pacientes s\u00e3o registrados e monitorados continuamente. Em um caso recente, um paciente apresentado com Acidente Vascular Cerebral Isqu\u00eamico (AVCI) e hemiparesia (fraqueza muscular ou paralisia) esquerda, obteve uma evolu\u00e7\u00e3o significativa na classifica\u00e7\u00e3o MIF de 48 para 79 pontos, em um m\u00eas. \u201cA melhoria funcional foi not\u00e1vel, com ganhos de autonomia nas atividades b\u00e1sicas, como higiene e vestu\u00e1rio. Esse resultado positivo reflete o impacto pr\u00e1tico da terapia, que prepara o paciente para lidar com as demandas do cotidiano de maneira independente\u201d, esclarece o fisioterapeuta.<\/p>\n\n\n\n<p>A terapeuta ocupacional Gabriela Myczkowski complementa: \u201cCada atividade do grupo \u00e9 projetada para que o paciente pratique durante uma semana e incorpore esses exerc\u00edcios \u00e0 rotina. Esse acompanhamento cont\u00ednuo \u00e9 uma pe\u00e7a fundamental para a recupera\u00e7\u00e3o, pois a pr\u00e1tica regular refor\u00e7a os avan\u00e7os e aumenta a confian\u00e7a para o retorno ao lar\u201d, finaliza.<\/p>\n\n\n\n<p>\u201cTemos pacientes com les\u00e3o neurol\u00f3gica, em processo de reabilita\u00e7\u00e3o, em reeduca\u00e7\u00e3o funcional motora, coordena\u00e7\u00e3o e cognitivo. Nesse grupo, em especial para pacientes com esse quadro, abordamos todas essas necessidades, com objetivo de se tornar cada vez mais funcional e independente durante o per\u00edodo de interna\u00e7\u00e3o e em prepara\u00e7\u00e3o para a alta, encerrando o ciclo da transi\u00e7\u00e3o de cuidados\u201d, declara Michelle Mantovanelli, Coordenadora da equipe multidisciplinar.<\/p>\n\n\n\n<p>O nome MovimentA\u00e7\u00e3o ressalta o foco pr\u00e1tico da atividade, com \u00eanfase em \u201ca\u00e7\u00e3o\u201d \u2013 uma forma de colocar o paciente em movimento, desafiando-o a realizar tarefas e avaliar suas habilidades em situa\u00e7\u00f5es pr\u00e1ticas. \u201cO termo foi escolhido para simbolizar o dinamismo e a energia necess\u00e1ria para a recupera\u00e7\u00e3o, alinhando-se \u00e0 miss\u00e3o da YUNA de transformar o tratamento em uma prepara\u00e7\u00e3o para a vida\u201d, complementa a terapeuta ocupacional.<\/p>\n\n\n\n<p><strong>Sobre a YUNA<br><\/strong>A YUNA, especializada em transi\u00e7\u00e3o de cuidados, oferece suporte completo para pacientes de reabilita\u00e7\u00e3o, cuidados paliativos e continuados, atendimento individualizado e assist\u00eancia transdisciplinar. Mais informa\u00e7\u00f5es no telefone (11) 3087-3800 ou no site <a href=\"https:\/\/yuna.com.br\/\">https:\/\/yuna.com.br\/<\/a>.<\/p>\n\n\n\n<p><\/p>\n","protected":false},"excerpt":{"rendered":"<p>Programa utiliza atividades pr\u00e1ticas e terapias para auxiliar pacientes em reabilita\u00e7\u00e3o e recupera\u00e7\u00e3o de funcionalidade e autonomia para o dia a dia Idealizada para promover o desenvolvimento funcional e a independ\u00eancia de pacientes em recupera\u00e7\u00e3o, a atividade terap\u00eautica MovimentA\u00e7\u00e3o \u00e9 realizada semanalmente, na YUNA, por uma equipe multidisciplinar, formada por fisioterapeutas e terapeutas ocupacionais. Essa [&hellip;]<\/p>\n","protected":false},"author":1,"featured_media":3845,"comment_status":"open","ping_status":"open","sticky":false,"template":"","format":"standard","meta":{"footnotes":""},"categories":[29],"tags":[],"class_list":["post-3844","post","type-post","status-publish","format-standard","has-post-thumbnail","hentry","category-artigos"],"_links":{"self":[{"href":"https:\/\/diarioparanaense.com\/index.php?rest_route=\/wp\/v2\/posts\/3844","targetHints":{"allow":["GET"]}}],"collection":[{"href":"https:\/\/diarioparanaense.com\/index.php?rest_route=\/wp\/v2\/posts"}],"about":[{"href":"https:\/\/diarioparanaense.com\/index.php?rest_route=\/wp\/v2\/types\/post"}],"author":[{"embeddable":true,"href":"https:\/\/diarioparanaense.com\/index.php?rest_route=\/wp\/v2\/users\/1"}],"replies":[{"embeddable":true,"href":"https:\/\/diarioparanaense.com\/index.php?rest_route=%2Fwp%2Fv2%2Fcomments&post=3844"}],"version-history":[{"count":1,"href":"https:\/\/diarioparanaense.com\/index.php?rest_route=\/wp\/v2\/posts\/3844\/revisions"}],"predecessor-version":[{"id":3846,"href":"https:\/\/diarioparanaense.com\/index.php?rest_route=\/wp\/v2\/posts\/3844\/revisions\/3846"}],"wp:featuredmedia":[{"embeddable":true,"href":"https:\/\/diarioparanaense.com\/index.php?rest_route=\/wp\/v2\/media\/3845"}],"wp:attachment":[{"href":"https:\/\/diarioparanaense.com\/index.php?rest_route=%2Fwp%2Fv2%2Fmedia&parent=3844"}],"wp:term":[{"taxonomy":"category","embeddable":true,"href":"https:\/\/diarioparanaense.com\/index.php?rest_route=%2Fwp%2Fv2%2Fcategories&post=3844"},{"taxonomy":"post_tag","embeddable":true,"href":"https:\/\/diarioparanaense.com\/index.php?rest_route=%2Fwp%2Fv2%2Ftags&post=3844"}],"curies":[{"name":"wp","href":"https:\/\/api.w.org\/{rel}","templated":true}]}}