{"id":3835,"date":"2024-12-09T16:27:06","date_gmt":"2024-12-09T19:27:06","guid":{"rendered":"https:\/\/diarioparanaense.com\/?p=3835"},"modified":"2024-12-09T16:27:06","modified_gmt":"2024-12-09T19:27:06","slug":"markinho-duran-e-banda-mahi-lancam-single-ate-o-fim-o-musico-paraense-e-a-banda-do-rio-de-janeiro-lancam-feat-inedito-nesta-sexta-feira-6-nas-plataformas-digitais","status":"publish","type":"post","link":"https:\/\/diarioparanaense.com\/?p=3835","title":{"rendered":"Markinho Duran e Banda Mahi lan\u00e7am single \u201cAt\u00e9 o Fim\u201d O m\u00fasico paraense e a banda do Rio de Janeiro, lan\u00e7am feat in\u00e9dito nesta sexta-feira (6), nas plataformas digitais"},"content":{"rendered":"\n<p><strong>Ou\u00e7a aqui \u201cAt\u00e9 o Fim\u201d:&nbsp;<a href=\"https:\/\/ffm.to\/636e88055d114455ab8024a63976d735\" target=\"_blank\" rel=\"noreferrer noopener\">https:\/\/ffm.to\/636e88055d114455ab8024a63976d735<\/a><\/strong><\/p>\n\n\n\n<p>Nesta sexta-feira (6), o p\u00fablico n\u00e3o s\u00f3 do Par\u00e1, mas do pa\u00eds inteiro, vai receber um feat mais que especial entre o paraense Markinho Duran e a banda Mahi, que juntos v\u00e3o lan\u00e7ar o single &#8220;At\u00e9 o Fim&#8221; nas plataformas digitais, embalado pelo t\u00e3o amado Pop Rock com influ\u00eancias internacionais. A Banda Mahi, que tem como vocalista a atriz e cantora Rafaella Guarany que apresentou o programa Big Brother durante 5 anos e fez v\u00e1rias participa\u00e7\u00f5es em novelas.<\/p>\n\n\n\n<p>Em uma parceria in\u00e9dita entre Bel\u00e9m do Par\u00e1 e o Rio de Janeiro, os artistas se reuniram para a produ\u00e7\u00e3o que fala sobre os desafios da vida: &#8220;&#8216;At\u00e9 o Fim&#8217; \u00e9 uma emocionante fus\u00e3o do Pop Rock brasileiro, conduzida pela energia contagiante da banda Mahi e de Markinho Duran. A m\u00fasica explora o tema da perseveran\u00e7a, abordando com sensibilidade a luta por sonhos e a resili\u00eancia diante dos desafios da vida&#8221;, adianta L\u00e9o Jack, integrante da banda carioca Mahi.<\/p>\n\n\n\n<p>Ao mesclar uma melodia envolvente e arranjos bem constru\u00eddos, o single equilibra momentos de introspec\u00e7\u00e3o com explos\u00f5es emocionais que cativam o ouvinte do in\u00edcio ao fim: &#8220;A letra aborda sentimentos universais de supera\u00e7\u00e3o e esperan\u00e7a, temas que facilmente ressoam com o p\u00fablico&#8221;.<\/p>\n\n\n\n<p>A&nbsp; respeito da parceria entre Markinho Duran e Banda Mahi, os artistas ressaltam: &#8220;A parceria entre a banda MAHI e Markinho Duran traz autenticidade e qu\u00edmica que enriquecem a narrativa musical. \u00c9 a concretiza\u00e7\u00e3o de uma amizade que j\u00e1 tem mais de 6 anos, al\u00e9m de ser um sonho antigo dos integrantes da banda Mahi, pois desde que nos conhecemos a qu\u00edmica foi perfeita, ent\u00e3o atrav\u00e9s de v\u00e1rios encontros musicais, podemos mostrar para o p\u00fablico um resultado dessa harmonia perfeita&#8221;, destaca Rafaella Guarany, integrante da banda Mahi.<\/p>\n\n\n\n<p>Na pr\u00f3xima semana, a parceria entre o paraense Markinho Duran e a banda carioca Mahi, vai resultar em um videoclipe in\u00e9dito e produzido totalmente em conex\u00e3o entre os dois estados e que vai ficar dispon\u00edvel nas plataformas digitais dos m\u00fasicos.<\/p>\n\n\n\n<p>Hist\u00f3rico Banda Mahi<\/p>\n\n\n\n<p>A banda Mahi \u00e9 formada pelo casal L\u00e9o Jack (voz e viol\u00e3o) e Rafaella Guarany (voz), junto de um grande amigo do casal, o baixista Wellington Graziane, onde juntos come\u00e7aram a produzir m\u00fasicas autorais em meio a pandemia de covid-19, onde o grupo precisou se reinventar. O primeiro lan\u00e7amento veio em janeiro de 2021 com a m\u00fasica &#8220;Vem pra mim&#8221;, em uma mistura de reggae, pop rock, MPB e pop.<\/p>\n\n\n\n<p>A Mahi tem se destacado n\u00e3o s\u00f3 pela sua qualidade musical, mas tamb\u00e9m pelo seu engajamento em uma causa importante que \u00e9 a fam\u00edlia, o romantismo e o relacionamento entre pessoas que se amam. Al\u00e9m disso, a Mahi lan\u00e7ou 10 m\u00fasicas autorais com feats entre Buchecha, Ronnie Marruda e Milton Guedes, com estilos que passeiam entre a banda Melim at\u00e9 Bruno Mars e U2.<\/p>\n\n\n\n<p>Trajet\u00f3ria de Markinho Duran<\/p>\n\n\n\n<p>Markinho Duran come\u00e7ou sua carreira no auge da d\u00e9cada de 1980, mais precisamente no ano de 1987. Ap\u00f3s ter as primeiras experi\u00eancias ao passar por alguns grupos musicais, a primeira banda de grande<\/p>\n\n\n\n<p>No ano de 1989, antes da sua passagem pela banda Violetha P\u00farpura, Markinho integrou a banda Arkadia, e foi a\u00ed que ele comp\u00f4s a m\u00fasica \u201cTarde Demais\u201d, em parceria com a cantora Lucinnha Bastos, um cl\u00e1ssico da m\u00fasica paraense. Seguindo o seu talento, o m\u00fasico fez parte ainda da banda Alternativa onde arrastou multid\u00f5es em cima dos trios el\u00e9tricos, principalmente nas suas apresenta\u00e7\u00f5es na Ilha de Mosqueiro.<\/p>\n\n\n\n<p>Desde 1997, Markinho decidiu seguir em carreira solo, quando o artista se consagrou como o maior representante do pop rock paraense.&nbsp; Ao longo da carreira, o cantor j\u00e1 se apresentou nos maiores festivais de m\u00fasica dentro e fora do Estado.&nbsp; Ao impressionar pelo poder vocal, carisma e profissionalismo extremo, Markinho j\u00e1 dividiu palco com grandes artistas nacionais como: Lob\u00e3o, Cidade Negra, Capital Inicial, Bar\u00e3o Vermelho, Roupa Nova, Guilherme Arantes, Ira, Nando Reis, Paula Toller, dentre outros. O artista coleciona ainda pr\u00eamios e indica\u00e7\u00f5es nas principais premia\u00e7\u00f5es culturais do Par\u00e1.<\/p>\n\n\n\n<p>Servi\u00e7o: Paraense Markinho Duran e banda carioca Mahi, lan\u00e7am single \u201cAt\u00e9 o fim\u201d em parceria musical nesta sexta-feira (6), nas plataformas digitais. O videoclipe da banda chega na pr\u00f3xima semana com uma conex\u00e3o rica entre os dois estados brasileiros.<\/p>\n\n\n\n<p>Redes sociais banda Mahi:<\/p>\n\n\n\n<p>Instagram:&nbsp;<a href=\"https:\/\/www.instagram.com\/mahibandaoficial?igsh=NHNnZHQ3anJybTA=\" target=\"_blank\" rel=\"noreferrer noopener\">https:\/\/www.instagram.com\/mahibandaoficial?igsh=NHNnZHQ3anJybTA=<\/a><\/p>\n\n\n\n<p>Spotify (pr\u00e9-save do single):&nbsp;<a href=\"https:\/\/ffm.to\/636e88055d114455ab8024a63976d735\" target=\"_blank\" rel=\"noreferrer noopener\">https:\/\/ffm.to\/636e88055d114455ab8024a63976d735<\/a><\/p>\n\n\n\n<p>YouTube:<\/p>\n\n\n\n<p><a href=\"https:\/\/youtube.com\/@mahioficial9088?si=Rt4cZLjaX9qDPmsi\">https:\/\/youtube.com\/@mahioficial9088?si=Rt4cZLjaX9qDPmsi<\/a><\/p>\n\n\n\n<p>Redes sociais Markinho Duran:<\/p>\n\n\n\n<p>Instagram:@markinhoduran<\/p>\n\n\n\n<p>YouTube:&nbsp;<a href=\"https:\/\/www.youtube.com\/@MarkinhoDuran\" target=\"_blank\" rel=\"noreferrer noopener\">https:\/\/www.youtube.com\/@MarkinhoDuran<\/a><\/p>\n","protected":false},"excerpt":{"rendered":"<p>Ou\u00e7a aqui \u201cAt\u00e9 o Fim\u201d:&nbsp;https:\/\/ffm.to\/636e88055d114455ab8024a63976d735 Nesta sexta-feira (6), o p\u00fablico n\u00e3o s\u00f3 do Par\u00e1, mas do pa\u00eds inteiro, vai receber um feat mais que especial entre o paraense Markinho Duran e a banda Mahi, que juntos v\u00e3o lan\u00e7ar o single &#8220;At\u00e9 o Fim&#8221; nas plataformas digitais, embalado pelo t\u00e3o amado Pop Rock com influ\u00eancias internacionais. [&hellip;]<\/p>\n","protected":false},"author":1,"featured_media":3836,"comment_status":"open","ping_status":"open","sticky":false,"template":"","format":"standard","meta":{"footnotes":""},"categories":[27],"tags":[],"class_list":["post-3835","post","type-post","status-publish","format-standard","has-post-thumbnail","hentry","category-musica"],"_links":{"self":[{"href":"https:\/\/diarioparanaense.com\/index.php?rest_route=\/wp\/v2\/posts\/3835","targetHints":{"allow":["GET"]}}],"collection":[{"href":"https:\/\/diarioparanaense.com\/index.php?rest_route=\/wp\/v2\/posts"}],"about":[{"href":"https:\/\/diarioparanaense.com\/index.php?rest_route=\/wp\/v2\/types\/post"}],"author":[{"embeddable":true,"href":"https:\/\/diarioparanaense.com\/index.php?rest_route=\/wp\/v2\/users\/1"}],"replies":[{"embeddable":true,"href":"https:\/\/diarioparanaense.com\/index.php?rest_route=%2Fwp%2Fv2%2Fcomments&post=3835"}],"version-history":[{"count":1,"href":"https:\/\/diarioparanaense.com\/index.php?rest_route=\/wp\/v2\/posts\/3835\/revisions"}],"predecessor-version":[{"id":3837,"href":"https:\/\/diarioparanaense.com\/index.php?rest_route=\/wp\/v2\/posts\/3835\/revisions\/3837"}],"wp:featuredmedia":[{"embeddable":true,"href":"https:\/\/diarioparanaense.com\/index.php?rest_route=\/wp\/v2\/media\/3836"}],"wp:attachment":[{"href":"https:\/\/diarioparanaense.com\/index.php?rest_route=%2Fwp%2Fv2%2Fmedia&parent=3835"}],"wp:term":[{"taxonomy":"category","embeddable":true,"href":"https:\/\/diarioparanaense.com\/index.php?rest_route=%2Fwp%2Fv2%2Fcategories&post=3835"},{"taxonomy":"post_tag","embeddable":true,"href":"https:\/\/diarioparanaense.com\/index.php?rest_route=%2Fwp%2Fv2%2Ftags&post=3835"}],"curies":[{"name":"wp","href":"https:\/\/api.w.org\/{rel}","templated":true}]}}