{"id":3832,"date":"2024-12-09T16:24:23","date_gmt":"2024-12-09T19:24:23","guid":{"rendered":"https:\/\/diarioparanaense.com\/?p=3832"},"modified":"2024-12-09T16:24:24","modified_gmt":"2024-12-09T19:24:24","slug":"cadmo-do-grupo-viv-saude-mental-e-emocional-inaugura-nova-unidade-de-pronto-atendimento-psiquiatrico","status":"publish","type":"post","link":"https:\/\/diarioparanaense.com\/?p=3832","title":{"rendered":"Cadmo, do Grupo ViV Sa\u00fade Mental e Emocional, inaugura nova unidade de Pronto-Atendimento Psiqui\u00e1trico"},"content":{"rendered":"\n<p class=\"has-medium-font-size\">Com foco no melhor atendimento para os pacientes, a Cadmo, do Grupo ViV Sa\u00fade Mental e Emocional, inaugura a nova unidade de Pronto-Atendimento (PA) Psiqui\u00e1trico, que atender\u00e1 diversos conv\u00eanios de sa\u00fade e consultas particulares.<\/p>\n\n\n\n<p>O atendimento ficar\u00e1 dispon\u00edvel de segunda a sexta de 7h30 \u00e0s 19h30 para pacientes que buscam por atendimentos psiqui\u00e1tricos de urg\u00eancia.<\/p>\n\n\n\n<p>\u201cEsse \u00e9 um passo importante para a comunidade. \u00c9 um projeto para auxiliar na excel\u00eancia do atendimento em Curitiba, sempre direcionado para a melhor jornada do paciente\u201d, ressalta Guilherme G\u00f3is, diretor t\u00e9cnico da Cadmo, do Grupo ViV Sa\u00fade Mental e Emocional.<\/p>\n\n\n\n<p>O servi\u00e7o funcionar\u00e1 na Rua S\u00e3o Pio X, 82, Ah\u00fa, Curitiba\/PR.<\/p>\n\n\n\n<p>A Cadmo, em Curitiba, \u00e9 reconhecida pela vasta experi\u00eancia na \u00e1rea da sa\u00fade mental e conta com uma grande equipe interdisciplinar, altamente capacitada para agregar conhecimentos te\u00f3rico-pr\u00e1ticos para a recupera\u00e7\u00e3o do paciente.<\/p>\n\n\n\n<p class=\"has-medium-font-size\">Sobre a ViV Sa\u00fade Mental e Emocional<\/p>\n\n\n\n<p>A ViV Sa\u00fade Mental e Emocional \u00e9 o maior grupo de sa\u00fade mental do Brasil e oferece tratamento da baixa \u00e0 alta complexidade, com cuidados personalizados, com o prop\u00f3sito de melhorar a qualidade de vida de seus pacientes.<\/p>\n\n\n\n<p>Presente em cinco Estados do Pa\u00eds (Rio de Janeiro, Minas Gerais, Santa Catarina, Paran\u00e1 e Esp\u00edrito Santo) e no Distrito Federal, com seis institui\u00e7\u00f5es (Cl\u00ednica da G\u00e1vea, Instituto S\u00e3o Jos\u00e9, Vila Verde, Cadmo, Green House e Cl\u00ednica Crescer), a miss\u00e3o da ViV \u00e9 elevar a vida ao seu melhor e integrar os lados f\u00edsico, mental e social de cada paciente, com uma abordagem baseada no equil\u00edbrio entre o cient\u00edfico e a sensibilidade humana. Busca ser reconhecida como uma rede de excel\u00eancia assistencial para sa\u00fade mental e emocional, contribuindo para redu\u00e7\u00e3o do estigma&nbsp;no&nbsp;Brasil.<\/p>\n","protected":false},"excerpt":{"rendered":"<p>Com foco no melhor atendimento para os pacientes, a Cadmo, do Grupo ViV Sa\u00fade Mental e Emocional, inaugura a nova unidade de Pronto-Atendimento (PA) Psiqui\u00e1trico, que atender\u00e1 diversos conv\u00eanios de sa\u00fade e consultas particulares. O atendimento ficar\u00e1 dispon\u00edvel de segunda a sexta de 7h30 \u00e0s 19h30 para pacientes que buscam por atendimentos psiqui\u00e1tricos de urg\u00eancia. [&hellip;]<\/p>\n","protected":false},"author":1,"featured_media":3833,"comment_status":"open","ping_status":"open","sticky":false,"template":"","format":"standard","meta":{"footnotes":""},"categories":[29],"tags":[],"class_list":["post-3832","post","type-post","status-publish","format-standard","has-post-thumbnail","hentry","category-artigos"],"_links":{"self":[{"href":"https:\/\/diarioparanaense.com\/index.php?rest_route=\/wp\/v2\/posts\/3832","targetHints":{"allow":["GET"]}}],"collection":[{"href":"https:\/\/diarioparanaense.com\/index.php?rest_route=\/wp\/v2\/posts"}],"about":[{"href":"https:\/\/diarioparanaense.com\/index.php?rest_route=\/wp\/v2\/types\/post"}],"author":[{"embeddable":true,"href":"https:\/\/diarioparanaense.com\/index.php?rest_route=\/wp\/v2\/users\/1"}],"replies":[{"embeddable":true,"href":"https:\/\/diarioparanaense.com\/index.php?rest_route=%2Fwp%2Fv2%2Fcomments&post=3832"}],"version-history":[{"count":1,"href":"https:\/\/diarioparanaense.com\/index.php?rest_route=\/wp\/v2\/posts\/3832\/revisions"}],"predecessor-version":[{"id":3834,"href":"https:\/\/diarioparanaense.com\/index.php?rest_route=\/wp\/v2\/posts\/3832\/revisions\/3834"}],"wp:featuredmedia":[{"embeddable":true,"href":"https:\/\/diarioparanaense.com\/index.php?rest_route=\/wp\/v2\/media\/3833"}],"wp:attachment":[{"href":"https:\/\/diarioparanaense.com\/index.php?rest_route=%2Fwp%2Fv2%2Fmedia&parent=3832"}],"wp:term":[{"taxonomy":"category","embeddable":true,"href":"https:\/\/diarioparanaense.com\/index.php?rest_route=%2Fwp%2Fv2%2Fcategories&post=3832"},{"taxonomy":"post_tag","embeddable":true,"href":"https:\/\/diarioparanaense.com\/index.php?rest_route=%2Fwp%2Fv2%2Ftags&post=3832"}],"curies":[{"name":"wp","href":"https:\/\/api.w.org\/{rel}","templated":true}]}}