{"id":3826,"date":"2024-12-09T12:03:16","date_gmt":"2024-12-09T15:03:16","guid":{"rendered":"https:\/\/diarioparanaense.com\/?p=3826"},"modified":"2024-12-09T12:03:17","modified_gmt":"2024-12-09T15:03:17","slug":"quando-e-a-hora-de-tirar-um-produto-do-portfolio","status":"publish","type":"post","link":"https:\/\/diarioparanaense.com\/?p=3826","title":{"rendered":"Quando \u00e9 a hora de tirar um produto do portf\u00f3lio?"},"content":{"rendered":"\n<p class=\"has-medium-font-size\">Renova\u00e7\u00e3o na sua lista de produtos areja os seus neg\u00f3cios e gera novas oportunidades<\/p>\n\n\n\n<p>Decidir retirar um produto do portf\u00f3lio \u00e9 um passo complexo, mas essencial para garantir a continuidade de uma empresa no mercado. Essa decis\u00e3o, muitas vezes delicada, exige uma an\u00e1lise estrat\u00e9gica que v\u00e1 al\u00e9m de n\u00fameros e tend\u00eancias, focando na relev\u00e2ncia, desempenho e alinhamento do produto com os objetivos da organiza\u00e7\u00e3o. Rafael Ribas, especialista em marketing de produto, ressalta que saber o momento certo para essa escolha pode redefinir o sucesso de uma empresa.<\/p>\n\n\n\n<p>O desempenho do produto \u00e9 um dos primeiros indicadores a ser observado. Quedas nas vendas, diminui\u00e7\u00e3o de reten\u00e7\u00e3o de clientes ou margens de lucro negativas s\u00e3o sinais claros de alerta. Produtos que n\u00e3o geram mais valor podem se transformar em um peso financeiro, prejudicando a aloca\u00e7\u00e3o de recursos para novas oportunidades. Ribas explica que negligenciar produtos ineficientes n\u00e3o apenas consome recursos, mas tamb\u00e9m impede a empresa de investir em iniciativas mais promissoras.<\/p>\n\n\n\n<p>Al\u00e9m disso, \u00e9 crucial analisar o alinhamento do produto com as demandas do mercado e as prefer\u00eancias dos consumidores. Produtos que deixam de resolver os problemas de seus clientes ou se tornam obsoletos perante a concorr\u00eancia perdem seu espa\u00e7o no mercado. &#8220;A incapacidade de adapta\u00e7\u00e3o \u00e9 muitas vezes mais prejudicial do que o decl\u00ednio natural do ciclo de vida de um produto&#8221;, alerta Ribas.<\/p>\n\n\n\n<p>Outro aspecto importante \u00e9 o impacto estrat\u00e9gico. Manter produtos que j\u00e1 n\u00e3o se encaixam na vis\u00e3o e nos objetivos da empresa pode desviar esfor\u00e7os e investimentos que poderiam ser direcionados para inova\u00e7\u00e3o. Muitas organiza\u00e7\u00f5es l\u00edderes, como Apple e Google, adotam a pr\u00e1tica de descontinuar produtos desatualizados para concentrar energia em tecnologias emergentes, preservando sua posi\u00e7\u00e3o de destaque no mercado.<\/p>\n\n\n\n<p>O planejamento do ciclo de vida do produto \u00e9 outra pe\u00e7a-chave nesse processo. Ter um roteiro claro que inclua sua eventual retirada permite minimizar impactos para os clientes e preservar a imagem da marca. A comunica\u00e7\u00e3o aberta com stakeholders e consumidores \u00e9 fundamental para evitar rupturas e construir uma transi\u00e7\u00e3o suave e confi\u00e1vel.<\/p>\n\n\n\n<p>Por fim, a retirada de um produto tamb\u00e9m pode ser uma oportunidade para reposicionar a marca ou introduzir solu\u00e7\u00f5es mais inovadoras. Ao fazer isso de forma estrat\u00e9gica, a empresa demonstra sua capacidade de adapta\u00e7\u00e3o e seu foco em atender \u00e0s necessidades do mercado atual, consolidando sua relev\u00e2ncia no setor.<\/p>\n\n\n\n<p>Retirar um produto do portf\u00f3lio atrav\u00e9s de seu phase-out n\u00e3o deve ser visto como um fracasso, mas como uma estrat\u00e9gia para fortalecer a empresa, aprimorar sua efici\u00eancia e abrir espa\u00e7o para novas possibilidades. Empresas que adotam essa abordagem proativa garantem n\u00e3o apenas sua sobreviv\u00eancia, mas tamb\u00e9m sua evolu\u00e7\u00e3o constante.<\/p>\n\n\n\n<p><strong>SERVI\u00c7O: Rafael Ribas<br>Rafael Ribas<br><\/strong>Especialista em marketing de produto<br>(41)99972-1333<br>@rdpr.oficial<br>Rua Salvador,187,Cajuru,\u00a0Curitiba-PR<\/p>\n","protected":false},"excerpt":{"rendered":"<p>Renova\u00e7\u00e3o na sua lista de produtos areja os seus neg\u00f3cios e gera novas oportunidades Decidir retirar um produto do portf\u00f3lio \u00e9 um passo complexo, mas essencial para garantir a continuidade de uma empresa no mercado. Essa decis\u00e3o, muitas vezes delicada, exige uma an\u00e1lise estrat\u00e9gica que v\u00e1 al\u00e9m de n\u00fameros e tend\u00eancias, focando na relev\u00e2ncia, desempenho [&hellip;]<\/p>\n","protected":false},"author":1,"featured_media":3827,"comment_status":"open","ping_status":"open","sticky":false,"template":"","format":"standard","meta":{"footnotes":""},"categories":[29],"tags":[],"class_list":["post-3826","post","type-post","status-publish","format-standard","has-post-thumbnail","hentry","category-artigos"],"_links":{"self":[{"href":"https:\/\/diarioparanaense.com\/index.php?rest_route=\/wp\/v2\/posts\/3826","targetHints":{"allow":["GET"]}}],"collection":[{"href":"https:\/\/diarioparanaense.com\/index.php?rest_route=\/wp\/v2\/posts"}],"about":[{"href":"https:\/\/diarioparanaense.com\/index.php?rest_route=\/wp\/v2\/types\/post"}],"author":[{"embeddable":true,"href":"https:\/\/diarioparanaense.com\/index.php?rest_route=\/wp\/v2\/users\/1"}],"replies":[{"embeddable":true,"href":"https:\/\/diarioparanaense.com\/index.php?rest_route=%2Fwp%2Fv2%2Fcomments&post=3826"}],"version-history":[{"count":1,"href":"https:\/\/diarioparanaense.com\/index.php?rest_route=\/wp\/v2\/posts\/3826\/revisions"}],"predecessor-version":[{"id":3828,"href":"https:\/\/diarioparanaense.com\/index.php?rest_route=\/wp\/v2\/posts\/3826\/revisions\/3828"}],"wp:featuredmedia":[{"embeddable":true,"href":"https:\/\/diarioparanaense.com\/index.php?rest_route=\/wp\/v2\/media\/3827"}],"wp:attachment":[{"href":"https:\/\/diarioparanaense.com\/index.php?rest_route=%2Fwp%2Fv2%2Fmedia&parent=3826"}],"wp:term":[{"taxonomy":"category","embeddable":true,"href":"https:\/\/diarioparanaense.com\/index.php?rest_route=%2Fwp%2Fv2%2Fcategories&post=3826"},{"taxonomy":"post_tag","embeddable":true,"href":"https:\/\/diarioparanaense.com\/index.php?rest_route=%2Fwp%2Fv2%2Ftags&post=3826"}],"curies":[{"name":"wp","href":"https:\/\/api.w.org\/{rel}","templated":true}]}}