{"id":3821,"date":"2024-12-06T08:30:51","date_gmt":"2024-12-06T11:30:51","guid":{"rendered":"https:\/\/diarioparanaense.com\/?p=3821"},"modified":"2024-12-06T08:31:47","modified_gmt":"2024-12-06T11:31:47","slug":"o-poder-das-terapias-holisticas-e-a-jornada-de-jeisiely-bampi","status":"publish","type":"post","link":"https:\/\/diarioparanaense.com\/?p=3821","title":{"rendered":"O Poder das Terapias Hol\u00edsticas e a Jornada de Jeisiely Bampi"},"content":{"rendered":"\n<p><strong>Benef\u00edcios das Terapias Integrativas<\/strong><\/p>\n\n\n\n<p>Nos \u00faltimos anos, as terapias hol\u00edsticas t\u00eam ganhado destaque como ferramentas essenciais para o bem-estar emocional e f\u00edsico. Essas pr\u00e1ticas, que consideram a conex\u00e3o entre corpo, mente e esp\u00edrito, oferecem benef\u00edcios comprovados por estudos cient\u00edficos. Segundo a Organiza\u00e7\u00e3o Mundial da Sa\u00fade (OMS), 88% das pessoas que adotam pr\u00e1ticas integrativas relatam melhorias significativas na qualidade de vida, como redu\u00e7\u00e3o do estresse e maior equil\u00edbrio emocional. Uma revis\u00e3o do <em>Journal of Holistic Health<\/em> destaca que essas t\u00e9cnicas podem reduzir os n\u00edveis de ansiedade em at\u00e9 60% e melhorar a autoestima em mais de 50% dos casos.<\/p>\n\n\n\n<p>Pr\u00e1ticas como Reiki, medita\u00e7\u00e3o e alinhamento de chakras t\u00eam mostrado resultados positivos na promo\u00e7\u00e3o do relaxamento e na supera\u00e7\u00e3o de traumas emocionais. No Brasil, o mercado de terapias hol\u00edsticas cresce a uma taxa de 12% ao ano, refletindo uma crescente busca por alternativas complementares que integram sa\u00fade f\u00edsica e mental. Esse movimento \u00e9 impulsionado pela busca por solu\u00e7\u00f5es que atendam \u00e0s necessidades emocionais de forma mais profunda e personalizada.<\/p>\n\n\n\n<p><strong>A Jornada de Jeisiely Bampi<\/strong><\/p>\n\n\n\n<p>Nascida em S\u00e3o Miguel do Igua\u00e7u, no Paran\u00e1, Jeisiely Bampi encontrou no universo das terapias hol\u00edsticas um prop\u00f3sito alinhado \u00e0 sua paix\u00e3o por ajudar pessoas. Seu interesse pelo autoconhecimento surgiu naturalmente ao longo de sua trajet\u00f3ria, levando-a a explorar t\u00e9cnicas e pr\u00e1ticas que hoje comp\u00f5em a ess\u00eancia do seu trabalho. &#8220;Descobri que a verdadeira for\u00e7a est\u00e1 em olhar para dentro e compreender nossas emo\u00e7\u00f5es&#8221;, afirma.<\/p>\n\n\n\n<p>A trajet\u00f3ria de Jeisiely como terapeuta e mentora come\u00e7ou com a busca por respostas para seus pr\u00f3prios desafios emocionais. Essa busca a levou a se especializar em t\u00e9cnicas como Reiki e medita\u00e7\u00e3o guiada, que hoje s\u00e3o a base de seu trabalho. &#8220;Cada mulher \u00e9 \u00fanica e merece um espa\u00e7o onde possa se reconectar com sua ess\u00eancia&#8221;, explica Jeisiely. Sua abordagem \u00e9 centrada em oferecer solu\u00e7\u00f5es personalizadas que tratam n\u00e3o apenas os sintomas, mas tamb\u00e9m as causas profundas dos desafios emocionais.<\/p>\n\n\n\n<p><strong>Transformando Vidas<\/strong><\/p>\n\n\n\n<p>O impacto do trabalho de Jeisiely vai al\u00e9m das sess\u00f5es individuais. Mulheres que chegam at\u00e9 ela relatando ansiedade, traumas ou desconex\u00e3o consigo mesmas encontram um espa\u00e7o seguro para reconstruir suas vidas. &#8220;As transforma\u00e7\u00f5es que vejo s\u00e3o incr\u00edveis. \u00c9 gratificante testemunhar o renascimento de tantas mulheres&#8221;, comenta. Ela tamb\u00e9m enfatiza a import\u00e2ncia de criar uma rede de apoio onde hist\u00f3rias s\u00e3o compartilhadas e o acolhimento \u00e9 m\u00fatuo. &#8220;Essa comunidade fortalece cada uma de n\u00f3s. \u00c9 um efeito multiplicador de inspira\u00e7\u00e3o.&#8221;<\/p>\n\n\n\n<p><strong>Uma Nova Perspectiva para o Bem-Estar Feminino<\/strong><\/p>\n\n\n\n<p>A jornada de Jeisiely reflete o crescimento do setor de terapias hol\u00edsticas, que atende \u00e0 crescente demanda por abordagens integrativas. Ela se destaca ao unir t\u00e9cnicas tradicionais com um acolhimento humano e transformador. &#8220;Meu prop\u00f3sito \u00e9 ajudar mulheres a redescobrirem sua for\u00e7a e constru\u00edrem vidas mais equilibradas e plenas&#8221;, conclui.<\/p>\n\n\n\n<p><strong>Um Convite \u00e0 Cura<\/strong><\/p>\n\n\n\n<p>Para quem deseja explorar o universo das terapias hol\u00edsticas, Bampi deixa uma mensagem inspiradora: &#8220;Permita-se olhar para dentro e encontrar a for\u00e7a que sempre esteve l\u00e1. A cura come\u00e7a com um ato de coragem e autocompaix\u00e3o.&#8221;<\/p>\n\n\n\n<p>Jeisiely inspira uma revolu\u00e7\u00e3o silenciosa, ajudando mulheres a alcan\u00e7arem autoestima e prop\u00f3sito. Com resultados palp\u00e1veis e depoimentos emocionantes de clientes, ela se destaca como um nome de confian\u00e7a e empatia, cuja marca \u00e9 sin\u00f4nimo de transforma\u00e7\u00e3o feminina.<\/p>\n\n\n\n<p>Se voc\u00ea deseja conhecer mais sobre o trabalho de Jeisiely ou experimentar suas sess\u00f5es transformadoras, entre em contato pelo WhatsApp (45) 99803-7078<\/p>\n\n\n\n<p><strong>Siga<\/strong><\/p>\n\n\n\n<p><a href=\"https:\/\/www.instagram.com\/jeisielybampioficial\">https:\/\/www.instagram.com\/jeisielybampioficial<\/a><\/p>\n\n\n\n<p><\/p>\n","protected":false},"excerpt":{"rendered":"<p>Benef\u00edcios das Terapias Integrativas Nos \u00faltimos anos, as terapias hol\u00edsticas t\u00eam ganhado destaque como ferramentas essenciais para o bem-estar emocional e f\u00edsico. Essas pr\u00e1ticas, que consideram a conex\u00e3o entre corpo, mente e esp\u00edrito, oferecem benef\u00edcios comprovados por estudos cient\u00edficos. Segundo a Organiza\u00e7\u00e3o Mundial da Sa\u00fade (OMS), 88% das pessoas que adotam pr\u00e1ticas integrativas relatam melhorias [&hellip;]<\/p>\n","protected":false},"author":1,"featured_media":3824,"comment_status":"open","ping_status":"open","sticky":false,"template":"","format":"standard","meta":{"footnotes":""},"categories":[434,29],"tags":[],"class_list":["post-3821","post","type-post","status-publish","format-standard","has-post-thumbnail","hentry","category-habla-empreendedora","category-artigos"],"_links":{"self":[{"href":"https:\/\/diarioparanaense.com\/index.php?rest_route=\/wp\/v2\/posts\/3821","targetHints":{"allow":["GET"]}}],"collection":[{"href":"https:\/\/diarioparanaense.com\/index.php?rest_route=\/wp\/v2\/posts"}],"about":[{"href":"https:\/\/diarioparanaense.com\/index.php?rest_route=\/wp\/v2\/types\/post"}],"author":[{"embeddable":true,"href":"https:\/\/diarioparanaense.com\/index.php?rest_route=\/wp\/v2\/users\/1"}],"replies":[{"embeddable":true,"href":"https:\/\/diarioparanaense.com\/index.php?rest_route=%2Fwp%2Fv2%2Fcomments&post=3821"}],"version-history":[{"count":1,"href":"https:\/\/diarioparanaense.com\/index.php?rest_route=\/wp\/v2\/posts\/3821\/revisions"}],"predecessor-version":[{"id":3823,"href":"https:\/\/diarioparanaense.com\/index.php?rest_route=\/wp\/v2\/posts\/3821\/revisions\/3823"}],"wp:featuredmedia":[{"embeddable":true,"href":"https:\/\/diarioparanaense.com\/index.php?rest_route=\/wp\/v2\/media\/3824"}],"wp:attachment":[{"href":"https:\/\/diarioparanaense.com\/index.php?rest_route=%2Fwp%2Fv2%2Fmedia&parent=3821"}],"wp:term":[{"taxonomy":"category","embeddable":true,"href":"https:\/\/diarioparanaense.com\/index.php?rest_route=%2Fwp%2Fv2%2Fcategories&post=3821"},{"taxonomy":"post_tag","embeddable":true,"href":"https:\/\/diarioparanaense.com\/index.php?rest_route=%2Fwp%2Fv2%2Ftags&post=3821"}],"curies":[{"name":"wp","href":"https:\/\/api.w.org\/{rel}","templated":true}]}}