{"id":3812,"date":"2024-12-05T13:12:26","date_gmt":"2024-12-05T16:12:26","guid":{"rendered":"https:\/\/diarioparanaense.com\/?p=3812"},"modified":"2024-12-05T13:16:04","modified_gmt":"2024-12-05T16:16:04","slug":"o-cuidado-emocional-e-a-nova-revolucao-feminina","status":"publish","type":"post","link":"https:\/\/diarioparanaense.com\/?p=3812","title":{"rendered":"O cuidado emocional \u00e9 a nova revolu\u00e7\u00e3o feminina"},"content":{"rendered":"\n<p class=\"has-medium-font-size\"><em>Conhe\u00e7a Lilian Marques, a psic\u00f3loga que se especializou no feminino e tem transformado vidas<\/em><\/p>\n\n\n\n<p><em><strong>Por: Roberta da Trindade<\/strong><\/em><\/p>\n\n\n\n<p>O Brasil \u00e9 o pa\u00eds com o maior \u00edndice de transtornos de ansiedade no mundo, segundo a Organiza\u00e7\u00e3o Mundial da Sa\u00fade (OMS). Aproximadamente 19 milh\u00f5es de brasileiros convivem com a condi\u00e7\u00e3o, e, entre eles, as mulheres s\u00e3o as mais afetadas. Dados da Federa\u00e7\u00e3o Mundial para a Sa\u00fade Mental indicam que uma em cada cinco mulheres sofre de depress\u00e3o em algum momento da vida. Essas estat\u00edsticas refletem a press\u00e3o exercida pelas m\u00faltiplas exig\u00eancias sociais, que frequentemente resultam em esgotamento emocional e desconex\u00e3o pessoal.<\/p>\n\n\n\n<p>Em Curitiba, a psic\u00f3loga L\u00edlian Marques, tem se destacado por oferecer um ref\u00fagio a mulheres que buscam al\u00edvio e autodescoberta em meio a essas adversidades. Com mais de 12 anos de experi\u00eancia na \u00e1rea cl\u00ednica, ela se dedica ao atendimento feminino, abordando quest\u00f5es profundas relacionadas \u00e0 sobrecarga emocional, \u00e0 autocobran\u00e7a e \u00e0 busca pelo equil\u00edbrio.<\/p>\n\n\n<div class=\"wp-block-image\">\n<figure class=\"aligncenter size-full is-resized\"><img loading=\"lazy\" decoding=\"async\" width=\"269\" height=\"269\" src=\"http:\/\/diarioparanaense.com\/wp-content\/uploads\/2024\/12\/05.12.241.jpg\" alt=\"\" class=\"wp-image-3813\" style=\"width:269px;height:auto\" srcset=\"https:\/\/diarioparanaense.com\/wp-content\/uploads\/2024\/12\/05.12.241.jpg 269w, https:\/\/diarioparanaense.com\/wp-content\/uploads\/2024\/12\/05.12.241-150x150.jpg 150w\" sizes=\"auto, (max-width: 269px) 100vw, 269px\" \/><figcaption class=\"wp-element-caption\"><strong>L\u00edlian Marques<\/strong><\/figcaption><\/figure><\/div>\n\n\n<p><strong>A Jornada e o Trabalho de L\u00edlian Marques<\/strong><\/p>\n\n\n\n<p>L\u00edlian construiu uma trajet\u00f3ria de excel\u00eancia com especializa\u00e7\u00f5es em psican\u00e1lise, neuropsicologia e psicologia obst\u00e9trica. Sua pr\u00e1tica vai al\u00e9m do consult\u00f3rio: ela \u00e9 uma voz ativa em debates p\u00fablicos sobre a sa\u00fade mental feminina, buscando desconstruir tabus e promover o protagonismo das mulheres.<\/p>\n\n\n\n<p>\u201cAs cobran\u00e7as constantes para sermos perfeitas em m\u00faltiplos pap\u00e9is \u2014 profissionais, m\u00e3es, filhas, esposas \u2014 geram uma sobrecarga que, muitas vezes, resulta em vazio emocional,\u201d explica L\u00edlian. \u201cDedico meu trabalho a criar um ambiente seguro, de confian\u00e7a onde cada mulher possa compartilhar, livre de julgamento, suas dores e pensamentos, resgatar sua ess\u00eancia com autenticidade e, assim, assumir as \u201cr\u00e9deas\u201d da pr\u00f3pria vida\u201d<\/p>\n\n\n\n<p>Com sess\u00f5es presenciais e on-line, seu trabalho combina acolhimento e t\u00e9cnicas eficazes para ajudar pacientes a resgatarem sua for\u00e7a interior. Temas como a rela\u00e7\u00e3o entre maternidade e sa\u00fade mental, a influ\u00eancia da sociedade na autoimagem feminina e a ressignifica\u00e7\u00e3o de experi\u00eancias traum\u00e1ticas s\u00e3o recorrentes em sua pr\u00e1tica.<\/p>\n\n\n\n<p><strong>Reconex\u00e3o em Tempos Modernos<\/strong><\/p>\n\n\n\n<p>Com a hiperconectividade das redes sociais, paradoxalmente, muitas mulheres sentem-se mais isoladas emocionalmente. Um estudo do Instituto Gallup revelou que os n\u00edveis de estresse entre as mulheres aumentaram significativamente ap\u00f3s a pandemia de COVID-19. Esse cen\u00e1rio refor\u00e7a a necessidade de profissionais como L\u00edlian, que ajudam a reconstruir o di\u00e1logo interno das mulheres com suas emo\u00e7\u00f5es.<\/p>\n\n\n\n<p>\u201cN\u00e3o \u00e9 sobre atender um padr\u00e3o imposto, mas sobre respeitar a pr\u00f3pria hist\u00f3ria e reconhecer o valor de cada etapa da vida. Essa reconex\u00e3o \u00e9 um ato de liberdade e de amor-pr\u00f3prio\u201d, afirma.<\/p>\n\n\n\n<p><strong>Um Convite ao Protagonismo<\/strong><\/p>\n\n\n\n<p>L\u00edlian Marques acredita que o cuidado com a sa\u00fade mental deve ser tratado com a mesma prioridade que o cuidado f\u00edsico. \u201cPedimos ajuda quando nosso corpo adoece. Por que seria diferente com nossas emo\u00e7\u00f5es?\u201d, questiona. Ela enfatiza que buscar suporte n\u00e3o \u00e9 um ato de fraqueza, mas de coragem e responsabilidade.<\/p>\n\n\n\n<p>Sua atua\u00e7\u00e3o reflete um convite para que cada mulher assuma o protagonismo de sua hist\u00f3ria, vivendo de forma mais consciente, leve e plena. Seu impacto ultrapassa os limites do consult\u00f3rio, promovendo uma mudan\u00e7a necess\u00e1ria no modo como a sociedade encara o papel da mulher e a import\u00e2ncia do equil\u00edbrio emocional.<\/p>\n\n\n\n<p><strong>Quer saber mais sobre o trabalho de L\u00edlian Marques?<\/strong> Entre em contato pelo WhatsApp (041) 98819-5449 ou acesse <a href=\"http:\/\/www.lilianmarques.com.br\">www.lilianmarques.com.br<\/a><\/p>\n\n\n\n<p><strong>Acompanhe tamb\u00e9m a rede: <\/strong>&nbsp;<a href=\"https:\/\/www.instagram.com\/psicologalilianmarques\/\">https:\/\/www.instagram.com\/psicologalilianmarques\/<\/a><\/p>\n\n\n\n<p><\/p>\n","protected":false},"excerpt":{"rendered":"<p>Conhe\u00e7a Lilian Marques, a psic\u00f3loga que se especializou no feminino e tem transformado vidas Por: Roberta da Trindade O Brasil \u00e9 o pa\u00eds com o maior \u00edndice de transtornos de ansiedade no mundo, segundo a Organiza\u00e7\u00e3o Mundial da Sa\u00fade (OMS). Aproximadamente 19 milh\u00f5es de brasileiros convivem com a condi\u00e7\u00e3o, e, entre eles, as mulheres s\u00e3o [&hellip;]<\/p>\n","protected":false},"author":1,"featured_media":3815,"comment_status":"open","ping_status":"open","sticky":false,"template":"","format":"standard","meta":{"footnotes":""},"categories":[434,29],"tags":[],"class_list":["post-3812","post","type-post","status-publish","format-standard","has-post-thumbnail","hentry","category-habla-empreendedora","category-artigos"],"_links":{"self":[{"href":"https:\/\/diarioparanaense.com\/index.php?rest_route=\/wp\/v2\/posts\/3812","targetHints":{"allow":["GET"]}}],"collection":[{"href":"https:\/\/diarioparanaense.com\/index.php?rest_route=\/wp\/v2\/posts"}],"about":[{"href":"https:\/\/diarioparanaense.com\/index.php?rest_route=\/wp\/v2\/types\/post"}],"author":[{"embeddable":true,"href":"https:\/\/diarioparanaense.com\/index.php?rest_route=\/wp\/v2\/users\/1"}],"replies":[{"embeddable":true,"href":"https:\/\/diarioparanaense.com\/index.php?rest_route=%2Fwp%2Fv2%2Fcomments&post=3812"}],"version-history":[{"count":3,"href":"https:\/\/diarioparanaense.com\/index.php?rest_route=\/wp\/v2\/posts\/3812\/revisions"}],"predecessor-version":[{"id":3817,"href":"https:\/\/diarioparanaense.com\/index.php?rest_route=\/wp\/v2\/posts\/3812\/revisions\/3817"}],"wp:featuredmedia":[{"embeddable":true,"href":"https:\/\/diarioparanaense.com\/index.php?rest_route=\/wp\/v2\/media\/3815"}],"wp:attachment":[{"href":"https:\/\/diarioparanaense.com\/index.php?rest_route=%2Fwp%2Fv2%2Fmedia&parent=3812"}],"wp:term":[{"taxonomy":"category","embeddable":true,"href":"https:\/\/diarioparanaense.com\/index.php?rest_route=%2Fwp%2Fv2%2Fcategories&post=3812"},{"taxonomy":"post_tag","embeddable":true,"href":"https:\/\/diarioparanaense.com\/index.php?rest_route=%2Fwp%2Fv2%2Ftags&post=3812"}],"curies":[{"name":"wp","href":"https:\/\/api.w.org\/{rel}","templated":true}]}}