{"id":3801,"date":"2024-11-30T10:27:22","date_gmt":"2024-11-30T13:27:22","guid":{"rendered":"https:\/\/diarioparanaense.com\/?p=3801"},"modified":"2024-11-30T10:28:54","modified_gmt":"2024-11-30T13:28:54","slug":"farmacia-alem-das-prateleiras-conheca-as-mulheres-que-estao-revolucionando-a-forma-de-atendimento-ao-paciente","status":"publish","type":"post","link":"https:\/\/diarioparanaense.com\/?p=3801","title":{"rendered":"Farm\u00e1cia al\u00e9m das prateleiras: conhe\u00e7a as mulheres que est\u00e3o revolucionando a forma de atendimento ao paciente"},"content":{"rendered":"\n<p class=\"has-medium-font-size\"><em>Com abordagens inovadoras, elas mostram que a farm\u00e1cia pode ser muito mais do que os medicamentos \u2013 pode ser uma experi\u00eancia integral<\/em><\/p>\n\n\n\n<p><em><strong>Por Roberta da Trindade<\/strong><\/em><\/p>\n\n\n\n<p>Quando voc\u00ea ouve a palavra &#8220;farm\u00e1cia&#8221;, o que vem \u00e0 sua mente? Prateleiras cheias de medicamentos, um balc\u00e3o de atendimento ou servi\u00e7os de manipula\u00e7\u00e3o? Essa vis\u00e3o tradicional, embora familiar, n\u00e3o captura a transforma\u00e7\u00e3o que a farm\u00e1cia e o papel do farmac\u00eautico passaram nas \u00faltimas d\u00e9cadas.<\/p>\n\n\n\n<p>Nos anos 1960 mais ativamente, um novo conceito come\u00e7ou a ganhar forma: a <strong>farm\u00e1cia cl\u00ednica<\/strong>. Essa abordagem foi consolidada em 1975 com a publica\u00e7\u00e3o do <strong>Relat\u00f3rio Millis<\/strong>, nos Estados Unidos, um marco que refor\u00e7ou a import\u00e2ncia de integrar o farmac\u00eautico ao cuidado direto dos pacientes. A partir da\u00ed, a farm\u00e1cia cl\u00ednica deixou de ser apenas sobre medicamentos e passou a ser sobre <strong>pessoas<\/strong>.<\/p>\n\n\n\n<p>No Brasil, esse movimento chegou com for\u00e7a nos anos 1980 e 1990, impulsionado pelas universidades e pelo Conselho Federal de Farm\u00e1cia (CFF), que inseriram o aspecto cl\u00ednico na forma\u00e7\u00e3o dos profissionais. Mas somente na atualidade, a farm\u00e1cia cl\u00ednica evoluiu e passou a ganhar maior visibilidade, trazendo consigo a <strong>farm\u00e1cia humanizada<\/strong> e as <strong>pr\u00e1ticas integrativas<\/strong>, que v\u00e3o al\u00e9m da simples entrega de receitas e colocam o paciente no centro do cuidado.<\/p>\n\n\n\n<p>Esse modelo inovador prioriza um atendimento integral, combinando ci\u00eancia, acolhimento e uma vis\u00e3o hol\u00edstica da sa\u00fade. Mais do que medicamentos, ele transforma a experi\u00eancia do paciente, enxergando-o como um todo \u2014 corpo, mente e emo\u00e7\u00f5es. Para as mulheres, em especial, essa abordagem \u00e9 essencial, considerando os desafios de sa\u00fade frequentemente negligenciados pela medicina convencional.<\/p>\n\n\n\n<p>&nbsp;\u00c9 nesse cen\u00e1rio de transforma\u00e7\u00e3o que quatro farmac\u00eauticas brasileiras se destacam, redefinindo o papel do profissional e a experi\u00eancia dos pacientes com abordagens integrativas e personalizadas, as doutoras\u2014 <strong>Elaine Cavalheiro<\/strong>, <strong>Emelly Tremarin<\/strong> , <strong>Thayanne Orsiolli<\/strong> e <strong>Andressa Stuart<\/strong> \u2014est\u00e3o redefinindo o papel do farmac\u00eautico com solu\u00e7\u00f5es inovadoras. Suas trajet\u00f3rias mostram como \u00e9 poss\u00edvel oferecer um cuidado mais pr\u00f3ximo, personalizado e transformador, rompendo barreiras e colocando a empatia no centro do atendimento.<\/p>\n\n\n<div class=\"wp-block-image\">\n<figure class=\"aligncenter size-full is-resized\"><img loading=\"lazy\" decoding=\"async\" width=\"574\" height=\"756\" src=\"https:\/\/diarioparanaense.com\/wp-content\/uploads\/2024\/11\/Imagem2-1.jpg\" alt=\"\" class=\"wp-image-3803\" style=\"width:304px;height:auto\" srcset=\"https:\/\/diarioparanaense.com\/wp-content\/uploads\/2024\/11\/Imagem2-1.jpg 574w, https:\/\/diarioparanaense.com\/wp-content\/uploads\/2024\/11\/Imagem2-1-228x300.jpg 228w, https:\/\/diarioparanaense.com\/wp-content\/uploads\/2024\/11\/Imagem2-1-319x420.jpg 319w\" sizes=\"auto, (max-width: 574px) 100vw, 574px\" \/><figcaption class=\"wp-element-caption\"><strong>Elaine Cavalheiro<\/strong><\/figcaption><\/figure><\/div>\n\n\n<p><strong>Elaine Cavalheiro: M\u00e9todo \u00caxodo para forma\u00e7\u00e3o de novas lideran\u00e7as humanizadas<\/strong><\/p>\n\n\n\n<p>Dra. Elaine Cavalheiro usa toda sua experi\u00eancia na \u00e1rea de sa\u00fade e gest\u00e3o para treinar e mentorar profissionais para uma lideran\u00e7a mais centrada nas pessoas. Ela que \u00e9 refer\u00eancia em metodologias de gest\u00e3o humanizada, com foco especial em ambientes hospitalares, com mais de 20 anos de experi\u00eancia no setor de sa\u00fade, desenvolveu o <strong>M\u00e9todo \u00caxodo<\/strong>, uma abordagem inovadora que une mentoria de lideran\u00e7a e t\u00e9cnicas de <em>L\u00edder Coach<\/em> . O objetivo? Capacitar profissionais e equipes para liderar com empatia, transformar crises em oportunidades e promover uma cultura organizacional baseada no pertencimento e no comprometimento. \u201cQuando lideramos com empatia, criamos uma cultura onde os profissionais se sentem valorizados. Isso reflete diretamente na dedica\u00e7\u00e3o e no cuidado que oferecemos aos pacientes\u201d, afirma Elaine. Essa vis\u00e3o \u00e9 corroborada por pesquisas que &nbsp;apontam um aumento de 33% na satisfa\u00e7\u00e3o dos pacientes em ambientes de trabalho humanizados.<\/p>\n\n\n\n<p>A trajet\u00f3ria de Elaine combina rigor t\u00e9cnico com uma vis\u00e3o estrat\u00e9gica de longo prazo. Ao longo dos anos, ela gerenciou opera\u00e7\u00f5es farmac\u00eauticas e log\u00edsticas no Terceiro Setor, padronizou servi\u00e7os hospitalares, implementou indicadores de desempenho (KPIs) e colaborou com processos de acredita\u00e7\u00e3o hospitalar. A sua forma\u00e7\u00e3o s\u00f3lida inclui especializa\u00e7\u00f5es em \u00e1reas como Farm\u00e1cia Cl\u00ednica, Gest\u00e3o de Crises e Lideran\u00e7a, e MBA em Sa\u00fade, Sustentabilidade e Log\u00edstica.<\/p>\n\n\n\n<p>O <strong>M\u00e9todo \u00caxodo<\/strong> reflete sua cren\u00e7a de que a lideran\u00e7a vai al\u00e9m do cargo: trata-se de inspirar mudan\u00e7as reais e moldar culturas organizacionais que valorizem o crescimento cont\u00ednuo e o legado. Elaine tamb\u00e9m destaca o papel do farmac\u00eautico como um l\u00edder estrat\u00e9gico, com habilidades que transcendem o cuidado cl\u00ednico e abrangem a gest\u00e3o eficiente de crises e equipes. Um exemplo claro de sua abordagem humanizada est\u00e1 na farm\u00e1cia como espa\u00e7o de acolhimento. \u201cUma farm\u00e1cia pode ser mais do que um balc\u00e3o de medicamentos; pode ser um ambiente que promova bem-estar e aten\u00e7\u00e3o genu\u00edna tanto para os colaboradores quanto para os pacientes\u201d, explica. Com dedica\u00e7\u00e3o e inova\u00e7\u00e3o, Elaine Cavalheiro transforma desafios em oportunidades e inspira l\u00edderes a construir um futuro mais humano e sustent\u00e1vel.<\/p>\n\n\n<div class=\"wp-block-image\">\n<figure class=\"aligncenter size-full is-resized\"><img loading=\"lazy\" decoding=\"async\" width=\"500\" height=\"659\" src=\"https:\/\/diarioparanaense.com\/wp-content\/uploads\/2024\/11\/Imagem3.jpg\" alt=\"\" class=\"wp-image-3804\" style=\"width:300px;height:auto\" srcset=\"https:\/\/diarioparanaense.com\/wp-content\/uploads\/2024\/11\/Imagem3.jpg 500w, https:\/\/diarioparanaense.com\/wp-content\/uploads\/2024\/11\/Imagem3-228x300.jpg 228w, https:\/\/diarioparanaense.com\/wp-content\/uploads\/2024\/11\/Imagem3-319x420.jpg 319w\" sizes=\"auto, (max-width: 500px) 100vw, 500px\" \/><figcaption class=\"wp-element-caption\"><strong>Emelly Tremarin<\/strong><\/figcaption><\/figure><\/div>\n\n\n<p><strong>Emelly Tremarin: Cuidando de voc\u00ea, mulher<\/strong><\/p>\n\n\n\n<p>Na outra ponta do atendimento direto ao paciente, Dra. Emelly Tremarin atua com um foco especial em sa\u00fade feminina, principalmente em casos de menopausa. Farmac\u00eautica h\u00e1 10 anos e com 4 anos de experi\u00eancia em consult\u00f3rio farmac\u00eautico, Emelly oferece um atendimento personalizado que combina ci\u00eancia, empatia e m\u00e9todos naturais.<\/p>\n\n\n\n<p>Seu processo come\u00e7a com uma consulta detalhada, que inclui anamnese, defini\u00e7\u00e3o do perfil hormonal e an\u00e1lise de exames laboratoriais. A partir disso, ela desenvolve planos de tratamento personalizados, muitas vezes baseados em terapias naturais e f\u00f3rmulas manipuladas, para promover longevidade e qualidade de vida.<\/p>\n\n\n\n<p>\u201cA menopausa \u00e9 uma fase delicada, e muitas mulheres precisam de apoio n\u00e3o apenas f\u00edsico, mas tamb\u00e9m emocional para compreender que \u00e9 poss\u00edvel viver esse per\u00edodo com sa\u00fade e bem-estar\u201d, explica Emelly.<\/p>\n\n\n\n<p>Sua abordagem reflete os princ\u00edpios da farm\u00e1cia humanizada, indo al\u00e9m da simples prescri\u00e7\u00e3o de medicamentos. Emelly acredita que ouvir ativamente as queixas dos pacientes e entender suas realidades \u00e9 essencial para oferecer um cuidado completo e eficaz. Seu trabalho n\u00e3o apenas atende \u00e0s necessidades espec\u00edficas, mas tamb\u00e9m refor\u00e7a a import\u00e2ncia da sa\u00fade emocional, trazendo uma nova perspectiva para \u00e1reas muitas vezes negligenciadas pela medicina tradicional.<\/p>\n\n\n<div class=\"wp-block-image\">\n<figure class=\"aligncenter size-full is-resized\"><img loading=\"lazy\" decoding=\"async\" width=\"178\" height=\"249\" src=\"https:\/\/diarioparanaense.com\/wp-content\/uploads\/2024\/11\/Imagem1-3.jpg\" alt=\"\" class=\"wp-image-3805\" style=\"width:286px;height:auto\"\/><figcaption class=\"wp-element-caption\"><strong>Thayanne Orsiolli<\/strong><\/figcaption><\/figure><\/div>\n\n\n<p><strong>Thayanne Orsiolli: Integra\u00e7\u00e3o entre farmacologia, nutri\u00e7\u00e3o e est\u00e9tica<\/strong><\/p>\n\n\n\n<p>A pr\u00e1tica integrativa ocupa um lugar central no trabalho de <strong>Dra<\/strong>. <strong>Thayanne Orsiolli<\/strong> , que combina farmacologia, nutri\u00e7\u00e3o e est\u00e9tica para oferecer tratamentos que transcendem a sa\u00fade superficial da pele, promovendo um equil\u00edbrio corporal e emocional. Com uma abordagem cl\u00ednica e integrativa, Thayanne desenvolve protocolos personalizados que priorizam a causa das condi\u00e7\u00f5es ao inv\u00e9s de tratar apenas os sintomas.<\/p>\n\n\n\n<p>Seu trabalho \u00e9 voltado especialmente para mulheres que buscam melhorar sua sa\u00fade e bem-estar de forma abrangente, unindo ci\u00eancia, bem-estar e est\u00e9tica em tratamentos que transformam vidas.<\/p>\n\n\n\n<p>Al\u00e9m de farmac\u00eautica cl\u00ednica e integrativa, Thayanne \u00e9 especialista em consultoria de cosm\u00e9ticos, atuando como respons\u00e1vel t\u00e9cnica e regulat\u00f3ria. \u201cA farm\u00e1cia integrativa cl\u00ednica est\u00e1 transformando o cuidado da pele e do corpo ao unir tratamentos personalizados e eficazes das \u00e1reas de farmacologia, nutri\u00e7\u00e3o e est\u00e9tica. Com protocolos exclusivos, ela trata n\u00e3o s\u00f3 os sintomas, mas tamb\u00e9m o equil\u00edbrio do corpo, garantindo resultados vis\u00edveis e duradouros. Se voc\u00ea busca tratamentos que realmente transformam a sa\u00fade da sua pele, a farm\u00e1cia integrativa \u00e9 a chave para uma beleza saud\u00e1vel e eficaz\u201d finaliza ela.<\/p>\n\n\n\n<p>Com uma vis\u00e3o que vai al\u00e9m da est\u00e9tica, Thayanne se destaca ao trazer solu\u00e7\u00f5es inovadoras e eficazes, reafirmando o papel da farm\u00e1cia integrativa no cuidado hol\u00edstico e na promo\u00e7\u00e3o de sa\u00fade e bem-estar.<\/p>\n\n\n<div class=\"wp-block-image\">\n<figure class=\"aligncenter size-full is-resized\"><img loading=\"lazy\" decoding=\"async\" width=\"228\" height=\"227\" src=\"https:\/\/diarioparanaense.com\/wp-content\/uploads\/2024\/11\/Imagem4.jpg\" alt=\"Andressa Stuart\" class=\"wp-image-3806\" style=\"width:318px;height:auto\" srcset=\"https:\/\/diarioparanaense.com\/wp-content\/uploads\/2024\/11\/Imagem4.jpg 228w, https:\/\/diarioparanaense.com\/wp-content\/uploads\/2024\/11\/Imagem4-150x150.jpg 150w\" sizes=\"auto, (max-width: 228px) 100vw, 228px\" \/><figcaption class=\"wp-element-caption\"><strong>Andressa Stuart<\/strong><\/figcaption><\/figure><\/div>\n\n\n<p><strong>Andressa Stuart: Solu\u00e7\u00f5es inovadoras e suplementa\u00e7\u00e3o para a menopausa<\/strong><\/p>\n\n\n\n<p><strong>Dra. Andressa Stuart<\/strong> , farmac\u00eautica e doutora em Microbiologia e Patologia, escolheu trilhar um caminho inovador ao fundar a <strong>Kefi<\/strong> , uma startup de suplementa\u00e7\u00e3o voltada para a sa\u00fade da mulher. Combinando ci\u00eancia de ponta e uma vis\u00e3o integrativa, Andressa desenvolve solu\u00e7\u00f5es exclusivas para aliviar os sintomas da menopausa, ajudando mulheres a atravessarem essa fase de transi\u00e7\u00e3o com mais qualidade de vida e bem-estar.<\/p>\n\n\n\n<p>A menopausa, frequentemente negligenciada pela medicina tradicional, \u00e9 um per\u00edodo marcado por mudan\u00e7as hormonais significativas que afetam o corpo e o emocional. Por meio da uni\u00e3o entre microbiologia, nutri\u00e7\u00e3o e suplementa\u00e7\u00e3o, Andressa oferece alternativas que promovem equil\u00edbrio e restaura\u00e7\u00e3o durante essa fase. Al\u00e9m disso, Andressa \u00e9 palestrante reconhecida e foi uma das premiadas no Empreendedora Curitibana 2024, promovido pela Prefeitura de Curitiba.<\/p>\n\n\n\n<p>\u201cA menopausa n\u00e3o deve ser vista como o fim de um ciclo, mas como o come\u00e7o de uma nova fase. O cuidado com o corpo durante essa transi\u00e7\u00e3o \u00e9 essencial para um envelhecimento ativo e com sa\u00fade\u201d, afirma Andressa, destacando a import\u00e2ncia de produtos espec\u00edficos que podem fazer a diferen\u00e7a real na vida das mulheres e proporcionar um envelhecimento saud\u00e1vel.<\/p>\n\n\n\n<p>A Kefi tamb\u00e9m se destaca por seu compromisso com a educa\u00e7\u00e3o da sociedade, que \u00e9 realizado por meio de palestras, redes sociais, um blog atualizado semanalmente e o PodKefi, onde especialistas compartilham informa\u00e7\u00f5es relevantes para mulheres em transi\u00e7\u00e3o hormonal.<\/p>\n\n\n\n<p>Com essa abordagem inovadora, a Kefi vem se destacando ao oferecer produtos que realmente transformam a vida das mulheres, proporcionando al\u00edvio aos sintomas e promovendo uma perspectiva positiva e empoderadora sobre o envelhecimento.<\/p>\n\n\n\n<p><strong>A Emerg\u00eancia da Farm\u00e1cia Cl\u00ednica Integrativa<\/strong><\/p>\n\n\n\n<p>A farm\u00e1cia cl\u00ednica integrativa \u00e9, em muitos aspectos, uma resposta \u00e0 crescente procura por um cuidado mais pr\u00f3ximo e personalizado, especialmente quando se trata da sa\u00fade da mulher. A transi\u00e7\u00e3o da farm\u00e1cia tradicional para a cl\u00ednica humanizada reflete uma necessidade crescente de entender as particularidades de cada paciente, indo al\u00e9m da simples prescri\u00e7\u00e3o de medicamentos.<\/p>\n\n\n\n<p>Ao integrar suas diversas especialidades e focos de atua\u00e7\u00e3o, as doutoras <strong>Elaine<\/strong>, <strong>Emelly<\/strong>, <strong>Thayanne <\/strong>e <strong>Andressa <\/strong>d\u00e3o protagonismo \u00e0 farm\u00e1cia como uma profiss\u00e3o que pode transformar a vida das pessoas por meio de um cuidado mais humano, personalizado e completo. Enquanto a sa\u00fade tradicional ainda enfrenta desafios para oferecer um cuidado mais pr\u00f3ximo e individualizado, suas pr\u00e1ticas s\u00e3o um convite para que o setor continue evoluindo e colocando as pessoas, e n\u00e3o apenas os medicamentos, no centro do cuidado. Servem de inspira\u00e7\u00e3o para novos profissionais, mostrando que a farm\u00e1cia vai muito al\u00e9m da dispensa\u00e7\u00e3o.<\/p>\n\n\n\n<p>Para saber mais sobre o trabalho de:<\/p>\n\n\n\n<p><strong>Elaine Cavalheiro: <\/strong><a href=\"https:\/\/www.instagram.com\/elainecavalheiro.lug\/\">https:\/\/www.instagram.com\/elainecavalheiro.lug\/<\/a><\/p>\n\n\n\n<p><strong>Emelly Tremarin: <\/strong><a href=\"https:\/\/www.instagram.com\/phytosmulher\/\">https:\/\/www.instagram.com\/phytosmulher\/<\/a><\/p>\n\n\n\n<p><strong>Thayanne Orsiolli: <\/strong><a href=\"https:\/\/www.instagram.com\/drathayanneorsiolli\/\">https:\/\/www.instagram.com\/drathayanneorsiolli\/<\/a><\/p>\n\n\n\n<p><strong>Andressa Stuart: <\/strong><a href=\"https:\/\/www.instagram.com\/vivakefi\/\">https:\/\/www.instagram.com\/vivakefi\/<\/a><\/p>\n","protected":false},"excerpt":{"rendered":"<p>Com abordagens inovadoras, elas mostram que a farm\u00e1cia pode ser muito mais do que os medicamentos \u2013 pode ser uma experi\u00eancia integral Por Roberta da Trindade Quando voc\u00ea ouve a palavra &#8220;farm\u00e1cia&#8221;, o que vem \u00e0 sua mente? Prateleiras cheias de medicamentos, um balc\u00e3o de atendimento ou servi\u00e7os de manipula\u00e7\u00e3o? Essa vis\u00e3o tradicional, embora familiar, [&hellip;]<\/p>\n","protected":false},"author":1,"featured_media":3802,"comment_status":"open","ping_status":"open","sticky":false,"template":"","format":"standard","meta":{"footnotes":""},"categories":[434,29,324],"tags":[],"class_list":["post-3801","post","type-post","status-publish","format-standard","has-post-thumbnail","hentry","category-habla-empreendedora","category-artigos","category-negocios"],"_links":{"self":[{"href":"https:\/\/diarioparanaense.com\/index.php?rest_route=\/wp\/v2\/posts\/3801","targetHints":{"allow":["GET"]}}],"collection":[{"href":"https:\/\/diarioparanaense.com\/index.php?rest_route=\/wp\/v2\/posts"}],"about":[{"href":"https:\/\/diarioparanaense.com\/index.php?rest_route=\/wp\/v2\/types\/post"}],"author":[{"embeddable":true,"href":"https:\/\/diarioparanaense.com\/index.php?rest_route=\/wp\/v2\/users\/1"}],"replies":[{"embeddable":true,"href":"https:\/\/diarioparanaense.com\/index.php?rest_route=%2Fwp%2Fv2%2Fcomments&post=3801"}],"version-history":[{"count":2,"href":"https:\/\/diarioparanaense.com\/index.php?rest_route=\/wp\/v2\/posts\/3801\/revisions"}],"predecessor-version":[{"id":3809,"href":"https:\/\/diarioparanaense.com\/index.php?rest_route=\/wp\/v2\/posts\/3801\/revisions\/3809"}],"wp:featuredmedia":[{"embeddable":true,"href":"https:\/\/diarioparanaense.com\/index.php?rest_route=\/wp\/v2\/media\/3802"}],"wp:attachment":[{"href":"https:\/\/diarioparanaense.com\/index.php?rest_route=%2Fwp%2Fv2%2Fmedia&parent=3801"}],"wp:term":[{"taxonomy":"category","embeddable":true,"href":"https:\/\/diarioparanaense.com\/index.php?rest_route=%2Fwp%2Fv2%2Fcategories&post=3801"},{"taxonomy":"post_tag","embeddable":true,"href":"https:\/\/diarioparanaense.com\/index.php?rest_route=%2Fwp%2Fv2%2Ftags&post=3801"}],"curies":[{"name":"wp","href":"https:\/\/api.w.org\/{rel}","templated":true}]}}