{"id":3800,"date":"2024-11-30T10:32:06","date_gmt":"2024-11-30T13:32:06","guid":{"rendered":"https:\/\/diarioparanaense.com\/?p=3800"},"modified":"2024-11-30T10:32:07","modified_gmt":"2024-11-30T13:32:07","slug":"networking-e-treinamento-comportamental-a-combinacao-para-o-sucesso","status":"publish","type":"post","link":"https:\/\/diarioparanaense.com\/?p=3800","title":{"rendered":"Networking e treinamento comportamental a combina\u00e7\u00e3o para o sucesso"},"content":{"rendered":"\n<p class=\"has-medium-font-size\">Descubra como conex\u00f5es estrat\u00e9gicas e aprendizado cont\u00ednuo podem transformar a trajet\u00f3ria de micro e pequenos empres\u00e1rios<\/p>\n\n\n\n<p>Imagine-se em um evento repleto de empreendedores. Em cada canto, conversas animadas, trocas de ideias e, o mais importante, conex\u00f5es sendo formadas. Agora pense: voc\u00ea saberia se posicionar nesse ambiente? Sabe como transformar um simples &#8220;ol\u00e1&#8221; em uma parceria que pode mudar o rumo do seu neg\u00f3cio?<\/p>\n\n\n\n<p>No mundo dos neg\u00f3cios, o networking deixou de ser um diferencial e passou a ser essencial. Mais do que uma pr\u00e1tica, \u00e9 uma estrat\u00e9gia poderosa que, quando combinada com treinamentos comportamentais, transforma empres\u00e1rios em l\u00edderes e neg\u00f3cios em hist\u00f3rias de sucesso.<\/p>\n\n\n\n<p>\u201cNetworking n\u00e3o \u00e9 sobre trocar cart\u00f5es de visita, \u00e9 sobre criar conex\u00f5es genu\u00ednas que geram resultados\u201d, afirma Lucas Oliveira, especialista em networking e empreendedorismo. Mas h\u00e1 um segredo para aproveitar o m\u00e1ximo dessas conex\u00f5es: o preparo. E \u00e9 a\u00ed que entra o treinamento comportamental.<\/p>\n\n\n\n<p class=\"has-medium-font-size\">Networking: Onde as conex\u00f5es valem ouro<\/p>\n\n\n\n<p>Para MEIs, micro e pequenos empres\u00e1rios, criar uma rede s\u00f3lida \u00e9 um dos maiores desafios. Em um mercado competitivo, ter acesso \u00e0s pessoas certas pode abrir portas antes inimagin\u00e1veis. Seja em eventos espec\u00edficos ou at\u00e9 em encontros informais, o networking \u00e9 a ponte entre ideias e oportunidades.<\/p>\n\n\n\n<p>&#8220;Uma boa rede de contatos \u00e9 mais valiosa do que qualquer ferramenta ou estrat\u00e9gia de marketing. S\u00e3o as pessoas que movem neg\u00f3cios, e entender isso \u00e9 o primeiro passo para o sucesso&#8221;, explica Lucas.<\/p>\n\n\n\n<p class=\"has-medium-font-size\">O papel transformador do Treinamento Comportamental<\/p>\n\n\n\n<p>De que adianta ter uma boa rede de contatos sem saber como aproveit\u00e1-la? Treinamentos comportamentais ajudam empreendedores a se comunicarem melhor, liderarem com mais efici\u00eancia e lidarem com mudan\u00e7as de forma estrat\u00e9gica. Essas habilidades s\u00e3o o alicerce para quem busca n\u00e3o apenas sobreviver, mas prosperar em um mercado din\u00e2mico.<\/p>\n\n\n\n<p>\u201cO empres\u00e1rio que investe no pr\u00f3prio desenvolvimento comportamental est\u00e1 sempre um passo \u00e0 frente. Ele n\u00e3o apenas melhora seus resultados, mas tamb\u00e9m impacta positivamente sua equipe e sua comunidade empresarial\u201d, destaca Lucas.<\/p>\n\n\n\n<p class=\"has-medium-font-size\">Jornada Empreend+: Conectando Pessoas, Transformando Neg\u00f3cios<\/p>\n\n\n\n<p>Dentro desse cen\u00e1rio, a Jornada Empreend+ se destaca como uma iniciativa que une o melhor dos dois mundos. Fundada em 2024 por Lucas Oliveira, a empresa oferece um programa completo que conecta empres\u00e1rios em eventos de networking enquanto promove treinamentos comportamentais voltados para o crescimento estrat\u00e9gico.<\/p>\n\n\n\n<p>Com encontros presenciais, mentorias e eventos online, a Jornada Empreend+ cria um ambiente \u00fanico onde empreendedores aprendem, se conectam e crescem juntos. &#8220;Nosso objetivo \u00e9 mostrar que o aprendizado cont\u00ednuo e as conex\u00f5es certas s\u00e3o os principais motores do sucesso empresarial&#8221;, afirma Lucas.<\/p>\n\n\n\n<p class=\"has-medium-font-size\">O futuro dos pequenos neg\u00f3cios<\/p>\n\n\n\n<p>Para os empreendedores que desejam mais do que apenas sobreviver, o caminho \u00e9 claro: investir em si mesmos e em suas redes. Seja construindo conex\u00f5es em eventos ou aprimorando habilidades comportamentais, cada passo dado \u00e9 uma oportunidade de crescimento.<\/p>\n\n\n\n<p>A Jornada Empreend+ n\u00e3o \u00e9 apenas um programa, \u00e9 um movimento que est\u00e1 transformando a maneira como os pequenos empres\u00e1rios se posicionam no mercado.<\/p>\n\n\n\n<p><br><strong>Servi\u00e7o: Jornada Empreend+<br>Lucas Oliveira<br><\/strong>Especialista em networking e empreendedorismo<br>41 999222080<br>contato@jornadaempreendmais.com.br<br>@jornadaempreendmais | @lukss.oficial<br><a href=\"http:\/\/www.jornadaempreendmais.com.br\">www.jornadaempreendmais.com.br<\/a><\/p>\n","protected":false},"excerpt":{"rendered":"<p>Descubra como conex\u00f5es estrat\u00e9gicas e aprendizado cont\u00ednuo podem transformar a trajet\u00f3ria de micro e pequenos empres\u00e1rios Imagine-se em um evento repleto de empreendedores. Em cada canto, conversas animadas, trocas de ideias e, o mais importante, conex\u00f5es sendo formadas. Agora pense: voc\u00ea saberia se posicionar nesse ambiente? Sabe como transformar um simples &#8220;ol\u00e1&#8221; em uma parceria [&hellip;]<\/p>\n","protected":false},"author":1,"featured_media":3810,"comment_status":"open","ping_status":"open","sticky":false,"template":"","format":"standard","meta":{"footnotes":""},"categories":[186,324],"tags":[],"class_list":["post-3800","post","type-post","status-publish","format-standard","has-post-thumbnail","hentry","category-eventos","category-negocios"],"_links":{"self":[{"href":"https:\/\/diarioparanaense.com\/index.php?rest_route=\/wp\/v2\/posts\/3800","targetHints":{"allow":["GET"]}}],"collection":[{"href":"https:\/\/diarioparanaense.com\/index.php?rest_route=\/wp\/v2\/posts"}],"about":[{"href":"https:\/\/diarioparanaense.com\/index.php?rest_route=\/wp\/v2\/types\/post"}],"author":[{"embeddable":true,"href":"https:\/\/diarioparanaense.com\/index.php?rest_route=\/wp\/v2\/users\/1"}],"replies":[{"embeddable":true,"href":"https:\/\/diarioparanaense.com\/index.php?rest_route=%2Fwp%2Fv2%2Fcomments&post=3800"}],"version-history":[{"count":1,"href":"https:\/\/diarioparanaense.com\/index.php?rest_route=\/wp\/v2\/posts\/3800\/revisions"}],"predecessor-version":[{"id":3811,"href":"https:\/\/diarioparanaense.com\/index.php?rest_route=\/wp\/v2\/posts\/3800\/revisions\/3811"}],"wp:featuredmedia":[{"embeddable":true,"href":"https:\/\/diarioparanaense.com\/index.php?rest_route=\/wp\/v2\/media\/3810"}],"wp:attachment":[{"href":"https:\/\/diarioparanaense.com\/index.php?rest_route=%2Fwp%2Fv2%2Fmedia&parent=3800"}],"wp:term":[{"taxonomy":"category","embeddable":true,"href":"https:\/\/diarioparanaense.com\/index.php?rest_route=%2Fwp%2Fv2%2Fcategories&post=3800"},{"taxonomy":"post_tag","embeddable":true,"href":"https:\/\/diarioparanaense.com\/index.php?rest_route=%2Fwp%2Fv2%2Ftags&post=3800"}],"curies":[{"name":"wp","href":"https:\/\/api.w.org\/{rel}","templated":true}]}}