{"id":380,"date":"2023-03-22T13:59:28","date_gmt":"2023-03-22T16:59:28","guid":{"rendered":"http:\/\/diarioparanaense.com\/?p=380"},"modified":"2024-11-15T16:31:32","modified_gmt":"2024-11-15T19:31:32","slug":"a-educacao-acelerada-que-promete-transformar-o-mercado-de-educacao-superior-ead-por-meio-do-empreendedorismo","status":"publish","type":"post","link":"https:\/\/diarioparanaense.com\/?p=380","title":{"rendered":"A educa\u00e7\u00e3o acelerada que promete transformar o mercado de educa\u00e7\u00e3o superior EAD por meio do empreendedorismo"},"content":{"rendered":"\n<p>A Uni\u00e3o Brasileira de Faculdades (UniBF) pioneira no m\u00e9todo de ensino superior acelerado est\u00e1 completando 11 anos de atua\u00e7\u00e3o no mercado educacional EAD. Com sedes em Joinville-SC, Para\u00edso do Norte-PR e mais de 200 Unidades Educacionais espalhadas pelo Brasil, a UniBF promete movimentar o mercado educacional superior pretendendo chegar a 1000 unidades at\u00e9 2026.<\/p>\n\n\n\n<p>Entrevistamos a empres\u00e1ria curitibana <strong>Roberta da Trindade<\/strong>, diretora da Efoco Solu\u00e7\u00f5es em Recrutamento e Desenvolvimento comercial e atualmente head de relacionamento e novos neg\u00f3cios na UniBF sobre o projeto de expans\u00e3o da marca.<\/p>\n\n\n<div class=\"wp-block-image\">\n<figure class=\"alignleft size-full\"><img loading=\"lazy\" decoding=\"async\" width=\"270\" height=\"352\" src=\"http:\/\/diarioparanaense.com\/wp-content\/uploads\/2023\/03\/Imagem1.jpg\" alt=\"\" class=\"wp-image-382\" srcset=\"https:\/\/diarioparanaense.com\/wp-content\/uploads\/2023\/03\/Imagem1.jpg 270w, https:\/\/diarioparanaense.com\/wp-content\/uploads\/2023\/03\/Imagem1-230x300.jpg 230w\" sizes=\"auto, (max-width: 270px) 100vw, 270px\" \/><\/figure><\/div>\n\n\n<p><strong>Jornal:<\/strong> Ol\u00e1 Roberta, obrigado por se juntar a n\u00f3s hoje. Pode nos falar um pouco sobre a UniBF?<\/p>\n\n\n\n<p><strong>Roberta:<\/strong> O nosso principal diferencial \u00e9 a metodologia acelerada de ensino superior, que ajuda a formar profissionais capacitados em menos tempo. Para alunos que buscam gradua\u00e7\u00e3o, a partir de 1,5 ano conseguem concluir seu curso. Para aqueles que buscam se especializar, temos p\u00f3s-gradua\u00e7\u00f5es com forma\u00e7\u00e3o a partir de 4 meses; trabalhamos ainda com cursos de segunda gradua\u00e7\u00e3o e R2-Forma\u00e7\u00e3o Pedag\u00f3gica a partir de 6 meses. Al\u00e9m disso, estamos comprometidos com o incentivo ao empreendedorismo, acreditamos que a educa\u00e7\u00e3o e o empreendedorismo s\u00e3o as chaves para o desenvolvimento do pa\u00eds.<\/p>\n\n\n\n<p><strong>Jornal:<\/strong> E qual \u00e9 a diferen\u00e7a entre os cursos de primeira gradua\u00e7\u00e3o e de segunda gradua\u00e7\u00e3o oferecidos pela UniBF?<\/p>\n\n\n\n<p><strong>Roberta:<\/strong> Os cursos de primeira gradua\u00e7\u00e3o s\u00e3o voltados para pessoas que buscam ingressar no ensino superior pela primeira vez, sem terem uma gradua\u00e7\u00e3o pr\u00e9via. J\u00e1 os cursos de segunda gradua\u00e7\u00e3o s\u00e3o destinados a pessoas que j\u00e1 possuem um diploma de n\u00edvel superior e desejam se graduar em uma nova \u00e1rea de atua\u00e7\u00e3o.<\/p>\n\n\n\n<p><strong>Jornal: <\/strong>E como esses cursos podem ajudar aqueles que buscam uma transi\u00e7\u00e3o de carreira?<\/p>\n\n\n\n<p><strong>Jornal: <\/strong>E como esses cursos podem ajudar aqueles que buscam uma transi\u00e7\u00e3o de carreira? Roberta: Muitas pessoas t\u00eam buscado felicidade no trabalho e partem para uma transi\u00e7\u00e3o de carreira. Antes era muito dif\u00edcil mudar rapidamente devido \u00e0s limita\u00e7\u00f5es de tempo e espa\u00e7o, mas agora com o m\u00e9todo acelerado \u00e9 poss\u00edvel para o aluno UniBF cursar uma segunda gradua\u00e7\u00e3o com conclus\u00e3o a partir de 6 meses por exemplo. Sabemos que a possibilidade de obter uma nova certifica\u00e7\u00e3o de n\u00edvel superior abre portas para novas oportunidades .<\/p>\n\n\n\n<p><strong>Jornal: <\/strong>Entendi. E como os cursos da UniBF se comparam aos cursos presenciais em termos de qualidade?<\/p>\n\n\n\n<p><strong>Roberta: <\/strong>N\u00f3s investimos constantemente em tecnologia e metodologias de ensino que garantam a qualidade do nosso ensino a dist\u00e2ncia. Nossos cursos s\u00e3o reconhecidos pelo MEC ou est\u00e3o em processo de reconhecimento e possuem a mesma validade de um curso presencial, al\u00e9m de serem ministrados por professores qualificados. Al\u00e9m disso, a flexibilidade oferecida pela nossa metodologia \u00e0 dist\u00e2ncia permite que os alunos organizem seus pr\u00f3prios hor\u00e1rios de estudo e tenham acesso a conte\u00fados interativos e atualizados de forma 100% on-line, indo aos polos de apoio somente se quiserem e\/ou sentirem necessidade.<\/p>\n\n\n\n<p><strong>Jornal: <\/strong>Como a UniBF est\u00e1 trabalhando para expandir sua marca e consolidar seu pioneirismo no m\u00e9todo acelerado?<\/p>\n\n\n\n<p>Um dos nossos primeiros passos para o crescimento \u00e9 formarmos uma rede s\u00f3lida de Polos Educacionais e consultores. Muitas institui\u00e7\u00f5es falham miseravelmente ao expandir o EAD, porque n\u00e3o se preocupam com sua rede de Polos e consultores. N\u00e3o basta qualidade acad\u00eamica, os parceiros \u00e9 que fazem com que a marca apare\u00e7a. Por isso, pensamos em um projeto de forma\u00e7\u00e3o para novos empreendedores.<\/p>\n\n\n\n<p><strong>Jornal:<\/strong> Voc\u00ea mencionou que a UniBF est\u00e1 comprometida com o incentivo ao empreendedorismo. Como a institui\u00e7\u00e3o est\u00e1 trabalhando para apoiar os pequenos empreendedores?<\/p>\n\n\n\n<p><strong>Roberta da Trindade:<\/strong> Estamos abertos ao processo de sele\u00e7\u00e3o para novos representantes, consultores e empreendedores que queiram revender nossos produtos, sem a necessidade de uma taxa inicial. Os interessados receber\u00e3o treinamento e acompanhamento para garantir o sucesso em seus neg\u00f3cios. Criamos o polo home office em que os consultores sem estrutura f\u00edsica inicial possam come\u00e7ar a estruturar seus processos caminhando assim para a cria\u00e7\u00e3o de seu PAP f\u00edsico na medida em que aprendem sobre o neg\u00f3cio e come\u00e7am a criar sua rede de alunos. Al\u00e9m disso, oferecemos recursos e suporte para que os alunos possam criar seus pr\u00f3prios neg\u00f3cios e contribuir para o crescimento da economia local.<\/p>\n\n\n\n<p><strong>Jornal: <\/strong>A miss\u00e3o da Unibf \u00e9 acelerar o Brasil atrav\u00e9s da educa\u00e7\u00e3o. Al\u00e9m do m\u00e9todo acelerado, do incentivo ao empreendedorismo, algo mais est\u00e1 sendo realizado pela Institui\u00e7\u00e3o?<\/p>\n\n\n\n<p><strong>Roberta da Trindade:<\/strong> Uma outra maneira que buscamos para acelerar o Brasil \u00e9 ofertando conv\u00eanios com empresas preocupadas com o desenvolvimento de suas equipes. Ofertamos bolsas parciais e integrais e tamb\u00e9m encaminhamos nossos alunos de todo o Brasil para est\u00e1gio nas empresas j\u00e1 com seguro de vida pago, atrav\u00e9s de nossa central de empregabilidade e carreira.<\/p>\n\n\n\n<p><strong>Jornal:<\/strong> Muitos representantes da \u00e1rea educacional dizem que a expans\u00e3o para esse segmento est\u00e1 saturado. Qual \u00e9 a vis\u00e3o da UniBF para o futuro do mercado educacional EAD?<\/p>\n\n\n\n<p><strong>Roberta da Trindade:<\/strong> N\u00e3o acreditamos que o mercado educacional EAD est\u00e1 saturado, ao contr\u00e1rio. Existe um caminho em perspectiva. Acreditamos sim, que a f\u00f3rmula que existiu at\u00e9 hoje est\u00e1 saturada. Novas metas requerem novos caminhos.<\/p>\n\n\n\n<p><strong>Jornal<\/strong>: Quais os novos projetos envolvendo UniBF? Roberta da Trindade: Estamos criando um projeto envolvendo a acelera\u00e7\u00e3o dos resultados das empresas. Esse \u00e9 um projeto para 2024, mas j\u00e1 estamos trabalhando a todo vapor. Para saber mais sobre os projetos de parcerias visite o site <a href=\"http:\/\/unibf.com.br\" target=\"_blank\" rel=\"noreferrer noopener\">unibf.com.br<\/a> ou entre em contato pelo whats: <strong>47988624006<\/strong><\/p>\n","protected":false},"excerpt":{"rendered":"<p>A Uni\u00e3o Brasileira de Faculdades (UniBF) pioneira no m\u00e9todo de ensino superior acelerado est\u00e1 completando 11 anos de atua\u00e7\u00e3o no mercado educacional EAD. Com sedes em Joinville-SC, Para\u00edso do Norte-PR e mais de 200 Unidades Educacionais espalhadas pelo Brasil, a UniBF promete movimentar o mercado educacional superior pretendendo chegar a 1000 unidades at\u00e9 2026. Entrevistamos [&hellip;]<\/p>\n","protected":false},"author":1,"featured_media":385,"comment_status":"open","ping_status":"open","sticky":false,"template":"","format":"standard","meta":{"footnotes":""},"categories":[434,2,148,21],"tags":[149],"class_list":["post-380","post","type-post","status-publish","format-standard","has-post-thumbnail","hentry","category-habla-empreendedora","category-destaque","category-educacao","category-news","tag-roberta-da-trindade"],"_links":{"self":[{"href":"https:\/\/diarioparanaense.com\/index.php?rest_route=\/wp\/v2\/posts\/380","targetHints":{"allow":["GET"]}}],"collection":[{"href":"https:\/\/diarioparanaense.com\/index.php?rest_route=\/wp\/v2\/posts"}],"about":[{"href":"https:\/\/diarioparanaense.com\/index.php?rest_route=\/wp\/v2\/types\/post"}],"author":[{"embeddable":true,"href":"https:\/\/diarioparanaense.com\/index.php?rest_route=\/wp\/v2\/users\/1"}],"replies":[{"embeddable":true,"href":"https:\/\/diarioparanaense.com\/index.php?rest_route=%2Fwp%2Fv2%2Fcomments&post=380"}],"version-history":[{"count":4,"href":"https:\/\/diarioparanaense.com\/index.php?rest_route=\/wp\/v2\/posts\/380\/revisions"}],"predecessor-version":[{"id":2997,"href":"https:\/\/diarioparanaense.com\/index.php?rest_route=\/wp\/v2\/posts\/380\/revisions\/2997"}],"wp:featuredmedia":[{"embeddable":true,"href":"https:\/\/diarioparanaense.com\/index.php?rest_route=\/wp\/v2\/media\/385"}],"wp:attachment":[{"href":"https:\/\/diarioparanaense.com\/index.php?rest_route=%2Fwp%2Fv2%2Fmedia&parent=380"}],"wp:term":[{"taxonomy":"category","embeddable":true,"href":"https:\/\/diarioparanaense.com\/index.php?rest_route=%2Fwp%2Fv2%2Fcategories&post=380"},{"taxonomy":"post_tag","embeddable":true,"href":"https:\/\/diarioparanaense.com\/index.php?rest_route=%2Fwp%2Fv2%2Ftags&post=380"}],"curies":[{"name":"wp","href":"https:\/\/api.w.org\/{rel}","templated":true}]}}