{"id":3794,"date":"2024-11-29T14:21:51","date_gmt":"2024-11-29T17:21:51","guid":{"rendered":"https:\/\/diarioparanaense.com\/?p=3794"},"modified":"2024-11-29T14:21:52","modified_gmt":"2024-11-29T17:21:52","slug":"pilar-hospital-investe-r22-milhoes-em-ampliacao-de-leitos-e-infraestrutura","status":"publish","type":"post","link":"https:\/\/diarioparanaense.com\/?p=3794","title":{"rendered":"Pilar Hospital investe R$2,2 milh\u00f5es em amplia\u00e7\u00e3o de leitos e infraestrutura"},"content":{"rendered":"\n<p class=\"has-medium-font-size\">Para 2025, os valores devem chegar a R$7 milh\u00f5es para que a institui\u00e7\u00e3o continue refer\u00eancia em cuidados de sa\u00fade em Curitiba e Regi\u00e3o Metropolitana<\/p>\n\n\n\n<p>O Pilar Hospital, institui\u00e7\u00e3o de sa\u00fade com seis d\u00e9cadas de atua\u00e7\u00e3o em Curitiba, vai terminar o ano de 2024 com mais R$2,2 milh\u00f5es em investimentos em infraestrutura em sua sede no Bom Retiro. S\u00e3o obras de amplia\u00e7\u00e3o da capacidade de atendimento, com novos leitos e centro cir\u00fargico renovado, al\u00e9m de melhorias nas \u00e1reas voltadas para o descanso e bem-estar dos colaboradores.<\/p>\n\n\n\n<p>Para o diretor geral e t\u00e9cnico do Pilar Hospital, o Dr Rodrigo Romanini, trata-se de um movimento natural para a institui\u00e7\u00e3o, que j\u00e1 ocupa papel de relev\u00e2ncia para a sa\u00fade dos pacientes da capital paranaense e de outras cidades do entorno.<\/p>\n\n\n\n<p>\u201cBuscamos melhorias constantes para seguir como refer\u00eancia em atendimento. Com isso, levamos mais comodidade e tecnologia para os pacientes cl\u00ednicos e cir\u00fargicos que nos procuram para preven\u00e7\u00e3o e cuidados com a sua sa\u00fade\u201d, conta o diretor. \u201cAl\u00e9m de promover condi\u00e7\u00f5es de trabalho e descanso para os nossos profissionais, imprescind\u00edveis nesse processo\u201d, completa.<\/p>\n\n\n\n<p class=\"has-medium-font-size\">Uma s\u00e9rie de melhorias<\/p>\n\n\n\n<p>Apenas na reforma no centro cir\u00fargico, o hospital aplicou mais de R$500 mil, valor destinado tanto \u00e0 revitaliza\u00e7\u00e3o do espa\u00e7o f\u00edsico quanto a mudan\u00e7as necess\u00e1rias para o conforto dos pacientes e profissionais. As enfermarias dos segundo e quarto andares do hospital tamb\u00e9m foram ampliadas, resultando no aumento do n\u00famero de leitos para atendimento. Hoje, h\u00e1 120 vagas dispon\u00edveis.<\/p>\n\n\n\n<p>Mais de R$800 mil foram investidos nas Unidades de Terapia Intensiva (UTIs), que agora contam com 39 vagas para esses cuidados. \u00c1reas de descanso, vesti\u00e1rios e refeit\u00f3rios tamb\u00e9m receberam aporte de recursos. Em equipamentos e instrumentais cir\u00fargicos, ao longo de 2024, outros R$600 mil foram aplicados.<\/p>\n\n\n\n<p>\u201cContinuamos trabalhando na renova\u00e7\u00e3o de outros andares da enfermaria, al\u00e9m das obras na recep\u00e7\u00e3o central e pronto-atendimento e na transfer\u00eancia da cozinha para um pr\u00e9dio anexo, prevendo nova amplia\u00e7\u00e3o de leitos e estruturas de atendimento dentro do hospital\u201d, informa Romanini. O valor previsto para obras no pr\u00f3ximo ano pode chegar a R$7 milh\u00f5es.<\/p>\n\n\n\n<p>Tr\u00eas anos de Centro M\u00e9dico<\/p>\n\n\n\n<p>Romanini refor\u00e7a que os investimentos s\u00e3o constantes e lembra que, neste m\u00eas de outubro, o Pilar Hospital comemorou os tr\u00eas primeiros anos de funcionamento do seu Centro M\u00e9dico, no bairro S\u00e3o Francisco. O espa\u00e7o, inaugurado em 2021, tem 2,8 mil metros quadrados de \u00e1rea interna e oferece consultas com mais de 70 m\u00e9dicos especialistas do corpo cl\u00ednico do hospital.<\/p>\n\n\n\n<p>Dentro das especialidades, s\u00e3o oferecidos desde atendimento geral at\u00e9 a ortopedia, incluindo \u00e1reas mais complexas como a oncologia, cardiologia, dermatologia, otorrinolaringologia, pneumologia e urologia. Tamb\u00e9m est\u00e3o dispon\u00edveis para os pacientes as equipes multidisciplinares, dando continuidade ao atendimento personalizado oferecido pela institui\u00e7\u00e3o.<\/p>\n\n\n\n<p>O local conta ainda com centro cir\u00fargico estruturado com tr\u00eas salas de cirurgia e 14 leitos de recupera\u00e7\u00e3o p\u00f3s-operat\u00f3rio, preparado para funcionar como a primeira unidade de Hospital Dia de Curitiba fora da estrutura hospitalar. O Pilar Centro M\u00e9dico conta com equipamentos de alta tecnologia e capacidade para realizar at\u00e9 500 procedimentos cir\u00fargicos de baixa e m\u00e9dia complexidade&nbsp;por&nbsp;m\u00eas.<\/p>\n","protected":false},"excerpt":{"rendered":"<p>Para 2025, os valores devem chegar a R$7 milh\u00f5es para que a institui\u00e7\u00e3o continue refer\u00eancia em cuidados de sa\u00fade em Curitiba e Regi\u00e3o Metropolitana O Pilar Hospital, institui\u00e7\u00e3o de sa\u00fade com seis d\u00e9cadas de atua\u00e7\u00e3o em Curitiba, vai terminar o ano de 2024 com mais R$2,2 milh\u00f5es em investimentos em infraestrutura em sua sede no [&hellip;]<\/p>\n","protected":false},"author":1,"featured_media":3795,"comment_status":"open","ping_status":"open","sticky":false,"template":"","format":"standard","meta":{"footnotes":""},"categories":[29],"tags":[],"class_list":["post-3794","post","type-post","status-publish","format-standard","has-post-thumbnail","hentry","category-artigos"],"_links":{"self":[{"href":"https:\/\/diarioparanaense.com\/index.php?rest_route=\/wp\/v2\/posts\/3794","targetHints":{"allow":["GET"]}}],"collection":[{"href":"https:\/\/diarioparanaense.com\/index.php?rest_route=\/wp\/v2\/posts"}],"about":[{"href":"https:\/\/diarioparanaense.com\/index.php?rest_route=\/wp\/v2\/types\/post"}],"author":[{"embeddable":true,"href":"https:\/\/diarioparanaense.com\/index.php?rest_route=\/wp\/v2\/users\/1"}],"replies":[{"embeddable":true,"href":"https:\/\/diarioparanaense.com\/index.php?rest_route=%2Fwp%2Fv2%2Fcomments&post=3794"}],"version-history":[{"count":1,"href":"https:\/\/diarioparanaense.com\/index.php?rest_route=\/wp\/v2\/posts\/3794\/revisions"}],"predecessor-version":[{"id":3796,"href":"https:\/\/diarioparanaense.com\/index.php?rest_route=\/wp\/v2\/posts\/3794\/revisions\/3796"}],"wp:featuredmedia":[{"embeddable":true,"href":"https:\/\/diarioparanaense.com\/index.php?rest_route=\/wp\/v2\/media\/3795"}],"wp:attachment":[{"href":"https:\/\/diarioparanaense.com\/index.php?rest_route=%2Fwp%2Fv2%2Fmedia&parent=3794"}],"wp:term":[{"taxonomy":"category","embeddable":true,"href":"https:\/\/diarioparanaense.com\/index.php?rest_route=%2Fwp%2Fv2%2Fcategories&post=3794"},{"taxonomy":"post_tag","embeddable":true,"href":"https:\/\/diarioparanaense.com\/index.php?rest_route=%2Fwp%2Fv2%2Ftags&post=3794"}],"curies":[{"name":"wp","href":"https:\/\/api.w.org\/{rel}","templated":true}]}}