{"id":3791,"date":"2024-11-29T14:13:07","date_gmt":"2024-11-29T17:13:07","guid":{"rendered":"https:\/\/diarioparanaense.com\/?p=3791"},"modified":"2024-11-29T14:13:08","modified_gmt":"2024-11-29T17:13:08","slug":"controle-do-diabetes-avanca-com-novas-abordagens-e-acompanhamento-continuo","status":"publish","type":"post","link":"https:\/\/diarioparanaense.com\/?p=3791","title":{"rendered":"Controle do diabetes avan\u00e7a com novas abordagens e acompanhamento cont\u00ednuo"},"content":{"rendered":"\n<p class=\"has-medium-font-size\">Profissionais farmac\u00eauticos especializados ajudam a evitar o abandono do tratamento com orienta\u00e7\u00f5es e apoio emocional<\/p>\n\n\n\n<p>Novembro tamb\u00e9m \u00e9 o m\u00eas marcado pela preven\u00e7\u00e3o e cuidado com o diabetes. A doen\u00e7a, que atinge quase 7% da popula\u00e7\u00e3o brasileira (13 milh\u00f5es de pessoas), de acordo com a Sociedade Brasileira de Diabetes, exige al\u00e9m de um tratamento adequado, com o uso de medicamentos, mudan\u00e7a de h\u00e1bitos e uma vida equilibrada para evitar complica\u00e7\u00f5es.<\/p>\n\n\n\n<p>Caracterizada pela produ\u00e7\u00e3o insuficiente ou m\u00e1 absor\u00e7\u00e3o de insulina, horm\u00f4nio que regula a glicose e garante energia para o organismo, o diabetes pode causar o aumento da glicemia, e as altas taxas, levar a complica\u00e7\u00f5es no cora\u00e7\u00e3o, nas art\u00e9rias, nos olhos, nos rins e nos nervos.<\/p>\n\n\n\n<p>Em casos mais graves, pode levar \u00e0 morte. Apenas no Paran\u00e1, o diabetes ocupa a 3\u00aa posi\u00e7\u00e3o como causa de mortalidade prematura em pessoas de 30 a 69 anos, numa s\u00e9rie hist\u00f3rica de 2018 a 2022. Neste cen\u00e1rio, o acompanhamento frequente por parte dos profissionais de sa\u00fade torna-se fundamental e um fator vital para que os pacientes n\u00e3o abandonem o tratamento.<\/p>\n\n\n\n<p>\u00c9 isso que oferece o programa Farmaclin, das Farm\u00e1cias Nissei, de acordo com a l\u00edder farmac\u00eautica Priscila Ramos. Ao procurar um dos profissionais nas lojas da rede, o paciente tem acesso ao esclarecimento da prescri\u00e7\u00e3o (receita) e tratamento definido pelo m\u00e9dico.<\/p>\n\n\n\n<p>\u201cAcompanhamos as taxas de controle dos \u00edndices glic\u00eamicos e disponibilizamos a realiza\u00e7\u00e3o de exames de rastreabilidade, como Hemoglobina Glicada e Glicemia\u201d, enumera.<\/p>\n\n\n\n<p class=\"has-medium-font-size\">Mudan\u00e7as de rotina exigem preparo emocional<\/p>\n\n\n\n<p>Al\u00e9m das quest\u00f5es de sa\u00fade f\u00edsica, a sa\u00fade mental dos pacientes que realizam tratamentos contra o diabetes deve ser levada em considera\u00e7\u00e3o. Priscila lembra que s\u00e3o in\u00fameras as dificuldades ligadas \u00e0 ades\u00e3o ao tratamento.<\/p>\n\n\n\n<p>\u201cFalamos desde a nega\u00e7\u00e3o da condi\u00e7\u00e3o de doente, at\u00e9 o sofrimento e revolta devido \u00e0s restri\u00e7\u00f5es impostas pela alimenta\u00e7\u00e3o, atividade f\u00edsica e medicamentos\u201d, explica. \u201cA abordagem educativa do acompanhamento n\u00e3o deve se restringir apenas \u00e0 transmiss\u00e3o de conhecimentos, mas englobar todos os aspectos emocionais, sociais e culturais que influenciam no seguimento do tratamento\u201d, completa.<\/p>\n\n\n\n<p class=\"has-medium-font-size\">Estilo de vida saud\u00e1vel<\/p>\n\n\n\n<p>O acompanhamento incentiva o paciente a fazer as mudan\u00e7as necess\u00e1rias no estilo de vida. Entre elas, Priscila destaca a pr\u00e1tica de atividade f\u00edsica como a mais importante no controle glic\u00eamico.<\/p>\n\n\n\n<p>\u201cExerc\u00edcios aer\u00f3bicos, como caminhadas, ajudam a melhorar a sensibilidade \u00e0 insulina, toler\u00e2ncia \u00e0 glicose e diminuem a glicemia sangu\u00ednea no indiv\u00edduo diab\u00e9tico\u201d, exemplifica.<\/p>\n\n\n\n<p>Somado a isso, manter o peso controlado, evitar o consumo de bebidas alco\u00f3licas e o tabagismo s\u00e3o fatores importantes na sua manuten\u00e7\u00e3o da sa\u00fade. A farmac\u00eautica indica, ainda, manter uma alimenta\u00e7\u00e3o saud\u00e1vel, com o consumo de frutas e verduras e redu\u00e7\u00e3o do sal, a\u00e7\u00facar e gorduras.<\/p>\n\n\n\n<p>Tratamentos mais comuns<\/p>\n\n\n\n<p>Os principais medicamentos utilizados no tratamento da diabetes s\u00e3o a insulina e f\u00e1rmacos orais, conta a farmac\u00eautica. \u201cA insulina \u00e9 utilizada para o tratamento da diabetes tipo 1, variedade em que o organismo n\u00e3o \u00e9 capaz de produzi-la por si s\u00f3. Neste caso, h\u00e1 necessidade de aplica\u00e7\u00e3o di\u00e1ria\u201d, alerta.<\/p>\n\n\n\n<p>Os medicamentos orais utilizados para tratar a diabetes tipo 2 variam em rela\u00e7\u00e3o ao grau de necessidade de cada pessoa. Trata-se de subst\u00e2ncias que impedem a digest\u00e3o e absor\u00e7\u00e3o de carboidratos no intestino e\/ou estimulam a produ\u00e7\u00e3o de insulina.<\/p>\n\n\n\n<p>Priscila lembra que a doen\u00e7a geralmente vem acompanhada de outros problemas de sa\u00fade, que tamb\u00e9m precisam ser tratados, como obesidade, sobrepeso, sedentarismo, triglicer\u00eddeos elevados&nbsp;e&nbsp;hipertens\u00e3o.<\/p>\n","protected":false},"excerpt":{"rendered":"<p>Profissionais farmac\u00eauticos especializados ajudam a evitar o abandono do tratamento com orienta\u00e7\u00f5es e apoio emocional Novembro tamb\u00e9m \u00e9 o m\u00eas marcado pela preven\u00e7\u00e3o e cuidado com o diabetes. A doen\u00e7a, que atinge quase 7% da popula\u00e7\u00e3o brasileira (13 milh\u00f5es de pessoas), de acordo com a Sociedade Brasileira de Diabetes, exige al\u00e9m de um tratamento adequado, [&hellip;]<\/p>\n","protected":false},"author":1,"featured_media":3792,"comment_status":"open","ping_status":"open","sticky":false,"template":"","format":"standard","meta":{"footnotes":""},"categories":[164],"tags":[],"class_list":["post-3791","post","type-post","status-publish","format-standard","has-post-thumbnail","hentry","category-saude-2"],"_links":{"self":[{"href":"https:\/\/diarioparanaense.com\/index.php?rest_route=\/wp\/v2\/posts\/3791","targetHints":{"allow":["GET"]}}],"collection":[{"href":"https:\/\/diarioparanaense.com\/index.php?rest_route=\/wp\/v2\/posts"}],"about":[{"href":"https:\/\/diarioparanaense.com\/index.php?rest_route=\/wp\/v2\/types\/post"}],"author":[{"embeddable":true,"href":"https:\/\/diarioparanaense.com\/index.php?rest_route=\/wp\/v2\/users\/1"}],"replies":[{"embeddable":true,"href":"https:\/\/diarioparanaense.com\/index.php?rest_route=%2Fwp%2Fv2%2Fcomments&post=3791"}],"version-history":[{"count":1,"href":"https:\/\/diarioparanaense.com\/index.php?rest_route=\/wp\/v2\/posts\/3791\/revisions"}],"predecessor-version":[{"id":3793,"href":"https:\/\/diarioparanaense.com\/index.php?rest_route=\/wp\/v2\/posts\/3791\/revisions\/3793"}],"wp:featuredmedia":[{"embeddable":true,"href":"https:\/\/diarioparanaense.com\/index.php?rest_route=\/wp\/v2\/media\/3792"}],"wp:attachment":[{"href":"https:\/\/diarioparanaense.com\/index.php?rest_route=%2Fwp%2Fv2%2Fmedia&parent=3791"}],"wp:term":[{"taxonomy":"category","embeddable":true,"href":"https:\/\/diarioparanaense.com\/index.php?rest_route=%2Fwp%2Fv2%2Fcategories&post=3791"},{"taxonomy":"post_tag","embeddable":true,"href":"https:\/\/diarioparanaense.com\/index.php?rest_route=%2Fwp%2Fv2%2Ftags&post=3791"}],"curies":[{"name":"wp","href":"https:\/\/api.w.org\/{rel}","templated":true}]}}