{"id":3765,"date":"2024-11-27T13:56:26","date_gmt":"2024-11-27T16:56:26","guid":{"rendered":"https:\/\/diarioparanaense.com\/?p=3765"},"modified":"2024-11-27T13:56:27","modified_gmt":"2024-11-27T16:56:27","slug":"a-chave-para-o-sucesso-na-black-friday","status":"publish","type":"post","link":"https:\/\/diarioparanaense.com\/?p=3765","title":{"rendered":"A chave para o sucesso na Black Friday"},"content":{"rendered":"\n<p class=\"has-medium-font-size\">Como o branding pode ser sua melhor estrat\u00e9gia na Black Friday<\/p>\n\n\n\n<p>A Black Friday \u00e9 uma das datas mais esperadas do varejo, com consumidores \u00e1vidos por promo\u00e7\u00f5es e descontos. No entanto, para as marcas, a grande quest\u00e3o \u00e9 como participar desse evento sem comprometer a percep\u00e7\u00e3o de valor constru\u00edda ao longo do tempo. Para Eros Gomes, especialista em branding, a resposta est\u00e1 em alinhar as promo\u00e7\u00f5es com o posicionamento da marca, garantindo que a comunica\u00e7\u00e3o mantenha a coer\u00eancia e fortale\u00e7a o relacionamento com os consumidores.<\/p>\n\n\n\n<p>\u201cA Black Friday n\u00e3o precisa ser apenas sobre o menor pre\u00e7o, mas uma oportunidade para refor\u00e7ar o prop\u00f3sito e os valores da marca,\u201d explica Eros. Ele destaca que as marcas que se preocupam em criar experi\u00eancias significativas durante esse per\u00edodo conseguem n\u00e3o s\u00f3 aumentar suas vendas, mas tamb\u00e9m refor\u00e7ar o seu branding. Um bom exemplo s\u00e3o empresas que integram a sustentabilidade ou o compromisso social em suas campanhas, indo al\u00e9m do desconto.<\/p>\n\n\n\n<p>Nesse contexto, campanhas criativas e alinhadas ao prop\u00f3sito da marca t\u00eam se destacado. Empresas como a Ikea e o Google j\u00e1 demonstraram que \u00e9 poss\u00edvel manter a integridade do branding, mesmo em a\u00e7\u00f5es promocionais. A Ikea, por exemplo, promoveu a #BuyBackFriday, incentivando seus clientes a devolverem m\u00f3veis antigos para revenda ou reciclagem, refor\u00e7ando seu posicionamento sustent\u00e1vel. \u201cEssas iniciativas mostram que, mais do que vender, \u00e9 preciso gerar uma conex\u00e3o emocional com o p\u00fablico,\u201d acrescenta Eros.<\/p>\n\n\n\n<p>Al\u00e9m disso, Eros ressalta que as marcas devem estar atentas \u00e0 jornada do consumidor. Hoje, com m\u00faltiplos canais digitais, a experi\u00eancia de compra \u00e9 fragmentada, e as marcas precisam ser consistentes em todos os pontos de contato. \u201cSeja no site, nas redes sociais ou nos an\u00fancios, a narrativa deve ser \u00fanica e fiel ao que a marca representa. Esse \u00e9 o verdadeiro poder do branding,\u201d conclui.<\/p>\n\n\n\n<p>Assim, a Black Friday deixa de ser apenas uma data de descontos e se transforma em uma oportunidade para fortalecer o posicionamento da marca, mantendo a fidelidade e a prefer\u00eancia dos consumidores em um mercado cada vez mais competitivo.<\/p>\n\n\n\n<p>Servi\u00e7o: Cross Design Studio<br><strong>Eros Gomes<br><\/strong>Especialista em marcas<br>(41) 98812-2525<br>Grande Curitiba &#8211; PR<br><a href=\"https:\/\/linktr.ee\/erosgomes\n\">https:\/\/linktr.ee\/erosgomes<br><\/a><a href=\"https:\/\/www.instagram.com\/cross.ds\/\n\">https:\/\/www.instagram.com\/cross.ds\/<br><\/a><a href=\"https:\/\/www.linkedin.com\/in\/eros-gomes\/\n\">https:\/\/www.linkedin.com\/in\/eros-gomes\/<br><\/a><a href=\"https:\/\/wa.me\/5541988122525\">https:\/\/wa.me\/5541988122525<\/a><\/p>\n","protected":false},"excerpt":{"rendered":"<p>Como o branding pode ser sua melhor estrat\u00e9gia na Black Friday A Black Friday \u00e9 uma das datas mais esperadas do varejo, com consumidores \u00e1vidos por promo\u00e7\u00f5es e descontos. No entanto, para as marcas, a grande quest\u00e3o \u00e9 como participar desse evento sem comprometer a percep\u00e7\u00e3o de valor constru\u00edda ao longo do tempo. Para Eros [&hellip;]<\/p>\n","protected":false},"author":1,"featured_media":3786,"comment_status":"open","ping_status":"open","sticky":false,"template":"","format":"standard","meta":{"footnotes":""},"categories":[29],"tags":[],"class_list":["post-3765","post","type-post","status-publish","format-standard","has-post-thumbnail","hentry","category-artigos"],"_links":{"self":[{"href":"https:\/\/diarioparanaense.com\/index.php?rest_route=\/wp\/v2\/posts\/3765","targetHints":{"allow":["GET"]}}],"collection":[{"href":"https:\/\/diarioparanaense.com\/index.php?rest_route=\/wp\/v2\/posts"}],"about":[{"href":"https:\/\/diarioparanaense.com\/index.php?rest_route=\/wp\/v2\/types\/post"}],"author":[{"embeddable":true,"href":"https:\/\/diarioparanaense.com\/index.php?rest_route=\/wp\/v2\/users\/1"}],"replies":[{"embeddable":true,"href":"https:\/\/diarioparanaense.com\/index.php?rest_route=%2Fwp%2Fv2%2Fcomments&post=3765"}],"version-history":[{"count":1,"href":"https:\/\/diarioparanaense.com\/index.php?rest_route=\/wp\/v2\/posts\/3765\/revisions"}],"predecessor-version":[{"id":3787,"href":"https:\/\/diarioparanaense.com\/index.php?rest_route=\/wp\/v2\/posts\/3765\/revisions\/3787"}],"wp:featuredmedia":[{"embeddable":true,"href":"https:\/\/diarioparanaense.com\/index.php?rest_route=\/wp\/v2\/media\/3786"}],"wp:attachment":[{"href":"https:\/\/diarioparanaense.com\/index.php?rest_route=%2Fwp%2Fv2%2Fmedia&parent=3765"}],"wp:term":[{"taxonomy":"category","embeddable":true,"href":"https:\/\/diarioparanaense.com\/index.php?rest_route=%2Fwp%2Fv2%2Fcategories&post=3765"},{"taxonomy":"post_tag","embeddable":true,"href":"https:\/\/diarioparanaense.com\/index.php?rest_route=%2Fwp%2Fv2%2Ftags&post=3765"}],"curies":[{"name":"wp","href":"https:\/\/api.w.org\/{rel}","templated":true}]}}