{"id":3764,"date":"2024-11-27T13:55:16","date_gmt":"2024-11-27T16:55:16","guid":{"rendered":"https:\/\/diarioparanaense.com\/?p=3764"},"modified":"2024-11-28T13:07:41","modified_gmt":"2024-11-28T16:07:41","slug":"como-fica-a-pensao-nas-ferias-de-verao","status":"publish","type":"post","link":"https:\/\/diarioparanaense.com\/?p=3764","title":{"rendered":"Como fica a pens\u00e3o nas f\u00e9rias de ver\u00e3o"},"content":{"rendered":"\n<p class=\"has-medium-font-size\">A din\u00e2mica familiar se mant\u00e9m mesmo com parte do tempo passada com a crian\u00e7a<\/p>\n\n\n\n<p>Com a chegada das f\u00e9rias de fim de ano, pais separados enfrentam um desafio sens\u00edvel: organizar o tempo de conviv\u00eancia com os filhos e, simultaneamente, manter as responsabilidades financeiras. Nesse per\u00edodo de planejamento de descanso e conviv\u00eancia familiar, o advogado especialista em direito de fam\u00edlia, Dr. Henrique Hollanda, vem desmistificar v\u00e1rios conceitos espalhados de forma err\u00f4nea.<\/p>\n\n\n\n<p>Para pais que compartilham a guarda, \u00e9 comum haver uma divis\u00e3o do per\u00edodo de f\u00e9rias, permitindo que ambos convivam com as crian\u00e7as em semanas alternadas ou conforme o acordo estabelecido. Por\u00e9m, Dr. Hollanda ressalta que, mesmo que o genitor respons\u00e1vel pelo pagamento da pens\u00e3o fique com os filhos por parte das f\u00e9rias, isso n\u00e3o elimina a obriga\u00e7\u00e3o do pagamento integral. \u201cA pens\u00e3o aliment\u00edcia cobre despesas cont\u00ednuas, como habita\u00e7\u00e3o, educa\u00e7\u00e3o e sa\u00fade, que n\u00e3o deixam de existir nas f\u00e9rias\u201d, explica o advogado.<\/p>\n\n\n\n<p>Embora o genitor respons\u00e1vel pela pens\u00e3o possa sentir que arcar com o valor total durante o tempo em que est\u00e1 com os filhos seja injusto, Dr. Hollanda lembra que a pens\u00e3o \u00e9 calculada com base nas despesas anuais da crian\u00e7a, incluindo custos que ocorrem em per\u00edodos espec\u00edficos, como matr\u00edcula escolar e materiais. Assim, a legisla\u00e7\u00e3o n\u00e3o prev\u00ea redu\u00e7\u00e3o tempor\u00e1ria no valor devido \u00e0 conviv\u00eancia aumentada nas f\u00e9rias.<\/p>\n\n\n\n<p>Em algumas situa\u00e7\u00f5es, os pais optam por dialogar e acordar voluntariamente sobre despesas adicionais, como aquelas relacionadas a viagens ou atividades recreativas. Dr. Hollanda observa que essa flexibilidade pode ser ben\u00e9fica, desde que acordada previamente. Ele alerta: \u201cA pens\u00e3o aliment\u00edcia \u00e9 um direito inalien\u00e1vel, e ajustes informais devem ser feitos de forma consensual, visando o bem-estar dos filhos e evitando conflitos.\u201d<\/p>\n\n\n\n<p>Para o genitor pagante, concentrar-se na qualidade do tempo passado com os filhos pode ajudar a amenizar qualquer sentimento de desvantagem financeira. \u201cAs f\u00e9rias s\u00e3o uma oportunidade para estreitar os la\u00e7os e criar mem\u00f3rias que transcendem o valor financeiro\u201d, sugere Dr. Hollanda. Dessa forma, ambos os pais podem colaborar para uma solu\u00e7\u00e3o que respeite as necessidades dos filhos e promova um ambiente harmonioso durante o per\u00edodo de f\u00e9rias.<\/p>\n\n\n\n<p><strong>Servi\u00e7o: Dr. Henrique Hollanda<br><\/strong>Advogado especialista em Direito da Fam\u00edlia e Sucess\u00f5es<br>Hollanda e Sinhori Advogados Associados<br>Ajudo pessoas a protegerem seus bens atrav\u00e9s de planejamento sucess\u00f3rio e invent\u00e1rio.<br>@henriquehollandaadvogado<br>+55 41 98468-8650<br>contato@hollandaesinhori.adv.br<br><a href=\"https:\/\/www.hollandaesinhori.adv.br\/\n\">https:\/\/www.hollandaesinhori.adv.br\/<br><\/a>Rua \u00c9bano Pereira, 11, conjunto 1.802.\u00a0Curitiba\/PR.<\/p>\n","protected":false},"excerpt":{"rendered":"<p>A din\u00e2mica familiar se mant\u00e9m mesmo com parte do tempo passada com a crian\u00e7a Com a chegada das f\u00e9rias de fim de ano, pais separados enfrentam um desafio sens\u00edvel: organizar o tempo de conviv\u00eancia com os filhos e, simultaneamente, manter as responsabilidades financeiras. Nesse per\u00edodo de planejamento de descanso e conviv\u00eancia familiar, o advogado especialista [&hellip;]<\/p>\n","protected":false},"author":1,"featured_media":3784,"comment_status":"open","ping_status":"open","sticky":false,"template":"","format":"standard","meta":{"footnotes":""},"categories":[29],"tags":[],"class_list":["post-3764","post","type-post","status-publish","format-standard","has-post-thumbnail","hentry","category-artigos"],"_links":{"self":[{"href":"https:\/\/diarioparanaense.com\/index.php?rest_route=\/wp\/v2\/posts\/3764","targetHints":{"allow":["GET"]}}],"collection":[{"href":"https:\/\/diarioparanaense.com\/index.php?rest_route=\/wp\/v2\/posts"}],"about":[{"href":"https:\/\/diarioparanaense.com\/index.php?rest_route=\/wp\/v2\/types\/post"}],"author":[{"embeddable":true,"href":"https:\/\/diarioparanaense.com\/index.php?rest_route=\/wp\/v2\/users\/1"}],"replies":[{"embeddable":true,"href":"https:\/\/diarioparanaense.com\/index.php?rest_route=%2Fwp%2Fv2%2Fcomments&post=3764"}],"version-history":[{"count":1,"href":"https:\/\/diarioparanaense.com\/index.php?rest_route=\/wp\/v2\/posts\/3764\/revisions"}],"predecessor-version":[{"id":3785,"href":"https:\/\/diarioparanaense.com\/index.php?rest_route=\/wp\/v2\/posts\/3764\/revisions\/3785"}],"wp:featuredmedia":[{"embeddable":true,"href":"https:\/\/diarioparanaense.com\/index.php?rest_route=\/wp\/v2\/media\/3784"}],"wp:attachment":[{"href":"https:\/\/diarioparanaense.com\/index.php?rest_route=%2Fwp%2Fv2%2Fmedia&parent=3764"}],"wp:term":[{"taxonomy":"category","embeddable":true,"href":"https:\/\/diarioparanaense.com\/index.php?rest_route=%2Fwp%2Fv2%2Fcategories&post=3764"},{"taxonomy":"post_tag","embeddable":true,"href":"https:\/\/diarioparanaense.com\/index.php?rest_route=%2Fwp%2Fv2%2Ftags&post=3764"}],"curies":[{"name":"wp","href":"https:\/\/api.w.org\/{rel}","templated":true}]}}