{"id":3762,"date":"2024-11-27T13:53:24","date_gmt":"2024-11-27T16:53:24","guid":{"rendered":"https:\/\/diarioparanaense.com\/?p=3762"},"modified":"2024-11-27T13:53:24","modified_gmt":"2024-11-27T16:53:24","slug":"o-poder-das-pequenas-atitudes-no-trabalho","status":"publish","type":"post","link":"https:\/\/diarioparanaense.com\/?p=3762","title":{"rendered":"O poder das pequenas atitudes no trabalho"},"content":{"rendered":"\n<p class=\"has-medium-font-size\">Como a colabora\u00e7\u00e3o gera mais resultados<\/p>\n\n\n\n<p>No sociedade atual, \u00e9 importante refletirmos sobre o impacto que as a\u00e7\u00f5es comunais t\u00eam no ambiente de trabalho e como ela pode transformar a cultura organizacional. Ivaneide Villa\u00e7a, especialista em cultura organizacional, destaca que gentileza n\u00e3o \u00e9 apenas uma virtude, mas uma estrat\u00e9gia poderosa para melhorar o clima organizacional e impulsionar a produtividade. Em um cen\u00e1rio corporativo cada vez mais desafiador, a gentileza se torna um ativo essencial, promovendo bem-estar e colabora\u00e7\u00e3o.<\/p>\n\n\n\n<p>&#8220;A gentileza cria um ambiente onde as pessoas se sentem valorizadas, ouvidas e respeitadas&#8221;, afirma Ivaneide Villa\u00e7a. Ao estabelecer rela\u00e7\u00f5es de respeito m\u00fatuo, os colaboradores se sentem mais \u00e0 vontade para contribuir com ideias, o que fomenta a inova\u00e7\u00e3o e a criatividade. Al\u00e9m disso, empresas que adotam pr\u00e1ticas gentis tendem a reter talentos por mais tempo, j\u00e1 que os funcion\u00e1rios se sentem emocionalmente conectados \u00e0 organiza\u00e7\u00e3o.<\/p>\n\n\n\n<p>Segundo Ivaneide, a gentileza tamb\u00e9m contribui para a constru\u00e7\u00e3o de um legado duradouro nas organiza\u00e7\u00f5es. &#8220;Quando l\u00edderes incentivam atitudes gentis, eles promovem um ambiente de trabalho mais harmonioso, o que fortalece os la\u00e7os entre as equipes e melhora o desempenho coletivo&#8221;, ressalta. Exemplos pr\u00e1ticos incluem o reconhecimento de contribui\u00e7\u00f5es e a cria\u00e7\u00e3o de um ambiente seguro e inclusivo.<\/p>\n\n\n\n<p>Para implementar uma cultura organizacional baseada na gentileza, \u00e9 essencial que os l\u00edderes sejam os primeiros a adotar essa postura. Eles devem liderar pelo exemplo, promovendo uma comunica\u00e7\u00e3o aberta e reconhecendo as conquistas de seus colaboradores. Al\u00e9m disso, pr\u00e1ticas de compaix\u00e3o e apoio emocional ajudam a criar um ambiente acolhedor para todos.<\/p>\n\n\n\n<p>No final, a gentileza no ambiente de trabalho n\u00e3o \u00e9 apenas um ato de cortesia, mas uma ferramenta estrat\u00e9gica que transforma a din\u00e2mica empresarial. &#8220;A gentileza eleva todos dentro da organiza\u00e7\u00e3o, criando um espa\u00e7o onde as pessoas prosperam juntas&#8221;, conclui Ivaneide, destacando a import\u00e2ncia de cultivar esse valor no dia a dia corporativo.<\/p>\n\n\n\n<p><strong>Ivaneide Villa\u00e7a<br><\/strong>Mentora de L\u00edderes e empres\u00e1rios<br>41 99985 4870<br>@ivavillaca<br>Ivaneide@automacaocuriitiba.com.br<br><a href=\"http:\/\/www.culturasistemica.com.br\">www.culturasistemica.com.br<br><\/a>R. Guilherme Ihlenfeldt, 788 &#8211; Tingui,\u00a0Curitiba\u00a0&#8211;\u00a0PR<\/p>\n","protected":false},"excerpt":{"rendered":"<p>Como a colabora\u00e7\u00e3o gera mais resultados No sociedade atual, \u00e9 importante refletirmos sobre o impacto que as a\u00e7\u00f5es comunais t\u00eam no ambiente de trabalho e como ela pode transformar a cultura organizacional. Ivaneide Villa\u00e7a, especialista em cultura organizacional, destaca que gentileza n\u00e3o \u00e9 apenas uma virtude, mas uma estrat\u00e9gia poderosa para melhorar o clima organizacional [&hellip;]<\/p>\n","protected":false},"author":1,"featured_media":3780,"comment_status":"open","ping_status":"open","sticky":false,"template":"","format":"standard","meta":{"footnotes":""},"categories":[29],"tags":[],"class_list":["post-3762","post","type-post","status-publish","format-standard","has-post-thumbnail","hentry","category-artigos"],"_links":{"self":[{"href":"https:\/\/diarioparanaense.com\/index.php?rest_route=\/wp\/v2\/posts\/3762","targetHints":{"allow":["GET"]}}],"collection":[{"href":"https:\/\/diarioparanaense.com\/index.php?rest_route=\/wp\/v2\/posts"}],"about":[{"href":"https:\/\/diarioparanaense.com\/index.php?rest_route=\/wp\/v2\/types\/post"}],"author":[{"embeddable":true,"href":"https:\/\/diarioparanaense.com\/index.php?rest_route=\/wp\/v2\/users\/1"}],"replies":[{"embeddable":true,"href":"https:\/\/diarioparanaense.com\/index.php?rest_route=%2Fwp%2Fv2%2Fcomments&post=3762"}],"version-history":[{"count":1,"href":"https:\/\/diarioparanaense.com\/index.php?rest_route=\/wp\/v2\/posts\/3762\/revisions"}],"predecessor-version":[{"id":3781,"href":"https:\/\/diarioparanaense.com\/index.php?rest_route=\/wp\/v2\/posts\/3762\/revisions\/3781"}],"wp:featuredmedia":[{"embeddable":true,"href":"https:\/\/diarioparanaense.com\/index.php?rest_route=\/wp\/v2\/media\/3780"}],"wp:attachment":[{"href":"https:\/\/diarioparanaense.com\/index.php?rest_route=%2Fwp%2Fv2%2Fmedia&parent=3762"}],"wp:term":[{"taxonomy":"category","embeddable":true,"href":"https:\/\/diarioparanaense.com\/index.php?rest_route=%2Fwp%2Fv2%2Fcategories&post=3762"},{"taxonomy":"post_tag","embeddable":true,"href":"https:\/\/diarioparanaense.com\/index.php?rest_route=%2Fwp%2Fv2%2Ftags&post=3762"}],"curies":[{"name":"wp","href":"https:\/\/api.w.org\/{rel}","templated":true}]}}