{"id":3760,"date":"2024-11-27T13:51:11","date_gmt":"2024-11-27T16:51:11","guid":{"rendered":"https:\/\/diarioparanaense.com\/?p=3760"},"modified":"2024-11-27T13:51:11","modified_gmt":"2024-11-27T16:51:11","slug":"lidando-com-a-perda-pela-morte","status":"publish","type":"post","link":"https:\/\/diarioparanaense.com\/?p=3760","title":{"rendered":"Lidando com a perda pela morte"},"content":{"rendered":"\n<p class=\"has-medium-font-size\">Um olhar sobre o luto, a eterniza\u00e7\u00e3o da mem\u00f3ria e o papel da psicoterapia<\/p>\n\n\n\n<p>Perder algu\u00e9m que amamos \u00e9 uma das experi\u00eancias mais dif\u00edceis que podemos enfrentar. O luto \u00e9 um processo natural, composto por fases que nos ajudam a lidar com essa dor. O psicoterapeuta Luti Christ\u00f3foro comenta sobre este assunto t\u00e3o importante. &#8220;Embora Elisabeth K\u00fcbler-Ross tenha popularizado as cinco fases do luto (nega\u00e7\u00e3o, raiva, barganha, depress\u00e3o e aceita\u00e7\u00e3o), \u00e9 importante lembrar que essas fases n\u00e3o acontecem necessariamente de maneira linear. Cada pessoa vivencia o luto de forma \u00fanica, podendo passar por uma ou mais dessas etapas em momentos diferentes, ou mesmo pular algumas&#8221;, explica o profissional.<\/p>\n\n\n\n<p>Mais do que entender as fases, \u00e9 essencial desenvolver uma nova perspectiva sobre o luto: a de focar na gratid\u00e3o pela presen\u00e7a que aquela pessoa teve em nossas vidas, ao inv\u00e9s de focarmos exclusivamente na dor da perda. Sobre isso Luti cita Jung, \u201cN\u00e3o h\u00e1 despertar de consci\u00eancia sem dor\u201d. Esse despertar nos convida a olhar al\u00e9m da aus\u00eancia f\u00edsica e perceber que, embora a pessoa n\u00e3o esteja mais entre n\u00f3s, ela pode ser eternizada em nossos pensamentos, sentimentos e mem\u00f3rias.<\/p>\n\n\n\n<p>A morte \u00e9 um evento natural, e a perda deve ser vista n\u00e3o como uma trag\u00e9dia absoluta, mas como uma oportunidade de reconhecer o valor que aquela pessoa trouxe \u00e0 nossa exist\u00eancia. Epicteto, um dos grandes fil\u00f3sofos do estoicismo, nos lembra que \u201cn\u00e3o \u00e9 o que acontece com voc\u00ea, mas como voc\u00ea reage a isso que importa\u201d.<\/p>\n\n\n\n<p>Assim, ao lidarmos com a morte, podemos escolher lembrar e celebrar a vida compartilhada, em vez de nos concentrarmos apenas no sofrimento da perda. &#8220;\u00c9 inegavelmente triste perder algu\u00e9m, mas seria ainda mais triste nunca ter conhecido ou convivido com essa pessoa. Por isso, cada momento ao lado de quem amamos deve ser lembrado com gratid\u00e3o&#8221;, diz o psicoterapeuta.<\/p>\n\n\n\n<p>Lidar com o luto, portanto, n\u00e3o \u00e9 sobre esquecer ou superar, mas sobre transformar a dor em uma conex\u00e3o eterna com a pessoa que partiu. Nossas lembran\u00e7as e a influ\u00eancia dessa pessoa em nossas vidas s\u00e3o o que realmente permanece, tornando-a imortal em nossas mem\u00f3rias. Como Jung tamb\u00e9m afirmou: \u201cAquilo a que voc\u00ea resiste, persiste. Aquilo a que voc\u00ea se permite, se transforma.\u201d<\/p>\n\n\n\n<ul class=\"wp-block-list\">\n<li>import\u00e2ncia de demonstrar nossos sentimentos enquanto h\u00e1 tempo<\/li>\n<\/ul>\n\n\n\n<p>Um dos maiores aprendizados que o luto pode nos trazer \u00e9 a import\u00e2ncia de demonstrar e verbalizar nossos sentimentos pelas pessoas que ainda est\u00e3o vivas. Muitas vezes, deixamos para expressar nosso amor, gratid\u00e3o e apre\u00e7o apenas em momentos de despedida ou quando j\u00e1 \u00e9 tarde demais. Precisamos cultivar o h\u00e1bito de dizer \u201ceu te amo\u201d, \u201ceu me orgulho de voc\u00ea\u201d ou simplesmente \u201cobrigado\u201d com frequ\u00eancia, para que n\u00e3o carreguemos arrependimentos ou sentimentos de culpa por n\u00e3o termos feito isso enquanto pod\u00edamos. A morte de algu\u00e9m querido deve nos lembrar de fortalecer as rela\u00e7\u00f5es com aqueles que ainda est\u00e3o ao nosso lado, valorizando cada momento e criando la\u00e7os mais profundos e significativos com as pessoas que fazem parte de nossas vidas.<\/p>\n\n\n\n<ul class=\"wp-block-list\">\n<li>O papel da psicoterapia no enfrentamento do luto<\/li>\n<\/ul>\n\n\n\n<p>Embora o luto seja uma experi\u00eancia natural, ele pode, em alguns casos, se tornar t\u00e3o intenso que interfere na vida cotidiana e no bem-estar emocional. Nessas situa\u00e7\u00f5es, a psicoterapia \u00e9 uma ferramenta essencial para ajudar a pessoa a lidar com a dor e desenvolver maior resili\u00eancia. Atrav\u00e9s da terapia, o enlutado pode expressar seus sentimentos em um ambiente seguro e acolhedor, onde a dor \u00e9 validada e compreendida.<\/p>\n\n\n\n<p>A psicoterapia n\u00e3o tem como objetivo \u201ccurar\u201d o luto, pois ele n\u00e3o \u00e9 algo que deva ser simplesmente superado. Em vez disso, o processo terap\u00eautico auxilia a pessoa a encontrar formas saud\u00e1veis de conviver com a perda, integrando-a \u00e0 sua vida de maneira mais harmoniosa. &#8220;A terapia ajuda a pessoa a reconstruir sua identidade e seu prop\u00f3sito ap\u00f3s a perda de algu\u00e9m querido, proporcionando um espa\u00e7o para reflex\u00e3o sobre a continuidade da vida&#8221;, diz Luti Christ\u00f3foro.<\/p>\n\n\n\n<p>Por meio da psicoterapia, o indiv\u00edduo pode aprender a cultivar resili\u00eancia, ou seja, a capacidade de enfrentar e se adaptar a situa\u00e7\u00f5es dif\u00edceis. Al\u00e9m disso, a terapia oferece ferramentas para desenvolver a paz consigo mesmo, permitindo que a pessoa encontre um equil\u00edbrio entre a dor da aus\u00eancia e a gratid\u00e3o pela mem\u00f3ria do que foi vivido. Com o tempo, essa abordagem promove um processo de cura emocional, em que o luto deixa de ser uma ferida aberta para se tornar uma cicatriz que simboliza o amor e a conex\u00e3o com a pessoa que partiu.<\/p>\n\n\n\n<p>A import\u00e2ncia do autocuidado no processo de luto<\/p>\n\n\n\n<p>Al\u00e9m da psicoterapia, \u00e9 fundamental praticar o autocuidado durante o processo de luto. Atividades que promovem bem-estar, como medita\u00e7\u00e3o, exerc\u00edcios f\u00edsicos, alimenta\u00e7\u00e3o equilibrada e momentos de lazer, podem trazer al\u00edvio para o corpo e a mente. O luto pode esgotar nossas energias emocionais e f\u00edsicas, e cuidar de si mesmo, mesmo nas pequenas a\u00e7\u00f5es do dia a dia, \u00e9 essencial para ajudar a manter o equil\u00edbrio emocional. Essas pr\u00e1ticas simples fortalecem a resili\u00eancia e ajudam a enfrentar a dor com mais recursos internos, promovendo um processo de cura mais saud\u00e1vel.<\/p>\n\n\n\n<p><strong>Luti Christ\u00f3foro<br><\/strong>Psic\u00f3logo cl\u00ednico.<br>WhatsApp: (41) 99809-8887<br>Instagram: @luti_psicologo<br>e-mail: lutipsicologo@gmail.com<\/p>\n","protected":false},"excerpt":{"rendered":"<p>Um olhar sobre o luto, a eterniza\u00e7\u00e3o da mem\u00f3ria e o papel da psicoterapia Perder algu\u00e9m que amamos \u00e9 uma das experi\u00eancias mais dif\u00edceis que podemos enfrentar. O luto \u00e9 um processo natural, composto por fases que nos ajudam a lidar com essa dor. O psicoterapeuta Luti Christ\u00f3foro comenta sobre este assunto t\u00e3o importante. &#8220;Embora [&hellip;]<\/p>\n","protected":false},"author":1,"featured_media":3776,"comment_status":"open","ping_status":"open","sticky":false,"template":"","format":"standard","meta":{"footnotes":""},"categories":[29],"tags":[],"class_list":["post-3760","post","type-post","status-publish","format-standard","has-post-thumbnail","hentry","category-artigos"],"_links":{"self":[{"href":"https:\/\/diarioparanaense.com\/index.php?rest_route=\/wp\/v2\/posts\/3760","targetHints":{"allow":["GET"]}}],"collection":[{"href":"https:\/\/diarioparanaense.com\/index.php?rest_route=\/wp\/v2\/posts"}],"about":[{"href":"https:\/\/diarioparanaense.com\/index.php?rest_route=\/wp\/v2\/types\/post"}],"author":[{"embeddable":true,"href":"https:\/\/diarioparanaense.com\/index.php?rest_route=\/wp\/v2\/users\/1"}],"replies":[{"embeddable":true,"href":"https:\/\/diarioparanaense.com\/index.php?rest_route=%2Fwp%2Fv2%2Fcomments&post=3760"}],"version-history":[{"count":1,"href":"https:\/\/diarioparanaense.com\/index.php?rest_route=\/wp\/v2\/posts\/3760\/revisions"}],"predecessor-version":[{"id":3777,"href":"https:\/\/diarioparanaense.com\/index.php?rest_route=\/wp\/v2\/posts\/3760\/revisions\/3777"}],"wp:featuredmedia":[{"embeddable":true,"href":"https:\/\/diarioparanaense.com\/index.php?rest_route=\/wp\/v2\/media\/3776"}],"wp:attachment":[{"href":"https:\/\/diarioparanaense.com\/index.php?rest_route=%2Fwp%2Fv2%2Fmedia&parent=3760"}],"wp:term":[{"taxonomy":"category","embeddable":true,"href":"https:\/\/diarioparanaense.com\/index.php?rest_route=%2Fwp%2Fv2%2Fcategories&post=3760"},{"taxonomy":"post_tag","embeddable":true,"href":"https:\/\/diarioparanaense.com\/index.php?rest_route=%2Fwp%2Fv2%2Ftags&post=3760"}],"curies":[{"name":"wp","href":"https:\/\/api.w.org\/{rel}","templated":true}]}}