{"id":3759,"date":"2024-11-27T13:50:11","date_gmt":"2024-11-27T16:50:11","guid":{"rendered":"https:\/\/diarioparanaense.com\/?p=3759"},"modified":"2024-11-27T13:50:11","modified_gmt":"2024-11-27T16:50:11","slug":"uma-conexao-eficaz-entre-a-empresa-e-o-publico-alvo","status":"publish","type":"post","link":"https:\/\/diarioparanaense.com\/?p=3759","title":{"rendered":"Uma conex\u00e3o eficaz entre a empresa e o p\u00fablico-alvo"},"content":{"rendered":"\n<p class=\"has-medium-font-size\">Aprendendo a escolher os canais adequados pro seu tipo de produto<\/p>\n\n\n\n<p>Voc\u00ea sabia que 60% dos consumidores s\u00e3o mais propensos a comprar de uma marca ap\u00f3s consumir conte\u00fado personalizado? Esse dado destaca a import\u00e2ncia do marketing de produto na cria\u00e7\u00e3o de uma conex\u00e3o eficaz entre o produto e o p\u00fablico-alvo. Segundo Rafael Ribas, especialista em marketing de produto, essa \u00e1rea vai al\u00e9m da simples promo\u00e7\u00e3o: ela envolve todo o ciclo de vida do produto, desde o planejamento at\u00e9 o lan\u00e7amento e o suporte \u00e0s vendas.<\/p>\n\n\n\n<p>O foco principal \u00e9 garantir que o valor do produto seja claramente comunicado ao mercado. Para isso, \u00e9 necess\u00e1rio gerenciar a defini\u00e7\u00e3o de posicionamento, propostas de valor e estrat\u00e9gias de lan\u00e7amento. Como Ribas explica, &#8220;esse trabalho come\u00e7a com o desenvolvimento de personas \u2014 perfis detalhados que representam os clientes ideais \u2014, al\u00e9m de tra\u00e7ar a jornada de compra para entender como o consumidor encontra e interage com o produto&#8221;.<\/p>\n\n\n\n<p>Outro ponto crucial \u00e9 o go-to-market, ou seja, a estrat\u00e9gia para lan\u00e7ar o produto no mercado. Esse processo envolve a escolha dos canais adequados, o momento certo para o lan\u00e7amento e o investimento necess\u00e1rio. Pesquisas mostram que 75% das empresas que alinham marketing e vendas atingem ou superam suas metas, destacando a import\u00e2ncia de uma estrat\u00e9gia integrada.<\/p>\n\n\n\n<p>Al\u00e9m disso, o marketing de produto tamb\u00e9m \u00e9 respons\u00e1vel por definir o pre\u00e7o e embalagem (pricing e packaging) quando falamos de produtos f\u00edsicos, assim como o posicionamento de pre\u00e7o e distribui\u00e7\u00e3o quando s\u00e3o produtos digitais, tudo isso baseando-se em estudos de mercado para garantir competitividade e receita. Segundo dados recentes, as empresas que adotam essas pr\u00e1ticas aumentam significativamente suas chances de sucesso no lan\u00e7amento de novos produtos.<\/p>\n\n\n\n<p>Outro aspecto destacado por Ribas \u00e9 o sales enablement, em que o marketing de produto apoia diretamente a equipe de vendas, fornecendo informa\u00e7\u00f5es detalhadas sobre o produto e suas vantagens competitivas. Isso n\u00e3o apenas fortalece a estrat\u00e9gia de venda, mas tamb\u00e9m ajuda a equipe a contornar obje\u00e7\u00f5es dos clientes e destacar o que diferencia o produto da concorr\u00eancia.<\/p>\n\n\n\n<p>Portanto, o marketing de produto \u00e9 uma \u00e1rea estrat\u00e9gica que conecta os times de marketing, vendas e desenvolvimento para garantir que o produto seja bem posicionado e comunicado ao mercado. Quando executado corretamente, ele pode ser o diferencial entre o sucesso e o fracasso de um produto, garantindo crescimento de receita e fortalecimento da marca.<\/p>\n\n\n\n<p><strong>SERVI\u00c7O: Rafael Ribas<br><\/strong>Rafael Ribas<br>Especialista em marketing de produto<br>(41)99972-1333<br>@ribasrafael<br>Rua Professor Le\u00f4nidas Ferreira da Costa, 144. Parolin,\u00a0Curitiba-PR<\/p>\n","protected":false},"excerpt":{"rendered":"<p>Aprendendo a escolher os canais adequados pro seu tipo de produto Voc\u00ea sabia que 60% dos consumidores s\u00e3o mais propensos a comprar de uma marca ap\u00f3s consumir conte\u00fado personalizado? Esse dado destaca a import\u00e2ncia do marketing de produto na cria\u00e7\u00e3o de uma conex\u00e3o eficaz entre o produto e o p\u00fablico-alvo. Segundo Rafael Ribas, especialista em [&hellip;]<\/p>\n","protected":false},"author":1,"featured_media":3774,"comment_status":"open","ping_status":"open","sticky":false,"template":"","format":"standard","meta":{"footnotes":""},"categories":[324],"tags":[],"class_list":["post-3759","post","type-post","status-publish","format-standard","has-post-thumbnail","hentry","category-negocios"],"_links":{"self":[{"href":"https:\/\/diarioparanaense.com\/index.php?rest_route=\/wp\/v2\/posts\/3759","targetHints":{"allow":["GET"]}}],"collection":[{"href":"https:\/\/diarioparanaense.com\/index.php?rest_route=\/wp\/v2\/posts"}],"about":[{"href":"https:\/\/diarioparanaense.com\/index.php?rest_route=\/wp\/v2\/types\/post"}],"author":[{"embeddable":true,"href":"https:\/\/diarioparanaense.com\/index.php?rest_route=\/wp\/v2\/users\/1"}],"replies":[{"embeddable":true,"href":"https:\/\/diarioparanaense.com\/index.php?rest_route=%2Fwp%2Fv2%2Fcomments&post=3759"}],"version-history":[{"count":1,"href":"https:\/\/diarioparanaense.com\/index.php?rest_route=\/wp\/v2\/posts\/3759\/revisions"}],"predecessor-version":[{"id":3775,"href":"https:\/\/diarioparanaense.com\/index.php?rest_route=\/wp\/v2\/posts\/3759\/revisions\/3775"}],"wp:featuredmedia":[{"embeddable":true,"href":"https:\/\/diarioparanaense.com\/index.php?rest_route=\/wp\/v2\/media\/3774"}],"wp:attachment":[{"href":"https:\/\/diarioparanaense.com\/index.php?rest_route=%2Fwp%2Fv2%2Fmedia&parent=3759"}],"wp:term":[{"taxonomy":"category","embeddable":true,"href":"https:\/\/diarioparanaense.com\/index.php?rest_route=%2Fwp%2Fv2%2Fcategories&post=3759"},{"taxonomy":"post_tag","embeddable":true,"href":"https:\/\/diarioparanaense.com\/index.php?rest_route=%2Fwp%2Fv2%2Ftags&post=3759"}],"curies":[{"name":"wp","href":"https:\/\/api.w.org\/{rel}","templated":true}]}}