{"id":3756,"date":"2024-11-27T13:46:43","date_gmt":"2024-11-27T16:46:43","guid":{"rendered":"https:\/\/diarioparanaense.com\/?p=3756"},"modified":"2024-11-27T13:46:44","modified_gmt":"2024-11-27T16:46:44","slug":"ainda-da-para-passar-o-final-de-ano-sem-mau-halito","status":"publish","type":"post","link":"https:\/\/diarioparanaense.com\/?p=3756","title":{"rendered":"Ainda d\u00e1 para passar o final de ano sem mau h\u00e1lito"},"content":{"rendered":"\n<p class=\"has-medium-font-size\">Os malef\u00edcios da halitose v\u00e3o al\u00e9m da boca<\/p>\n\n\n\n<p>Com a chegada do fim de ano, muitos j\u00e1 est\u00e3o se preparando para as festividades de Natal e Ano Novo, momentos marcados pela reuni\u00e3o com amigos e familiares. No entanto, um problema que pode passar despercebido, mas ter grandes impactos em momentos de grande intera\u00e7\u00e3o social, \u00e9 a halitose, tamb\u00e9m conhecida como mau h\u00e1lito. Segundo a Dra. Cl\u00e1udia Gobor, especialista em halitose, ainda h\u00e1 tempo para buscar tratamento e garantir um final de ano sem constrangimentos.<\/p>\n\n\n\n<p>\u201cO mau h\u00e1lito pode interferir nas rela\u00e7\u00f5es pessoais e causar afastamento social, especialmente em eventos onde a proximidade \u00e9 inevit\u00e1vel, como as festas de fim de ano,\u201d explica Dra. Gobor. A halitose pode ser um sinal de problemas bucais, como gengivite ou ac\u00famulo de saburra lingual, e pode afetar n\u00e3o s\u00f3 a sa\u00fade, mas tamb\u00e9m a autoestima de quem sofre com o problema. \u201cMuitas pessoas n\u00e3o percebem o pr\u00f3prio h\u00e1lito, e isso gera um desconforto em quem est\u00e1 ao redor, prejudicando a intera\u00e7\u00e3o social\u201d, acrescenta.<\/p>\n\n\n\n<p>Al\u00e9m do impacto pessoal, a halitose tamb\u00e9m pode ser vista de forma negativa no ambiente profissional, especialmente em situa\u00e7\u00f5es que exigem proximidade, como reuni\u00f5es ou confraterniza\u00e7\u00f5es corporativas. &#8220;Um h\u00e1lito desagrad\u00e1vel pode ser interpretado como falta de cuidado pessoal, prejudicando a imagem do profissional&#8221;, destaca a Dra. Gobor.<\/p>\n\n\n\n<p>A boa not\u00edcia \u00e9 que o tratamento para halitose est\u00e1 ao alcance de todos. &#8220;Com uma visita ao dentista capacitado, \u00e9 poss\u00edvel identificar a causa e iniciar um tratamento eficaz que pode incluir desde melhorias na higiene bucal at\u00e9 ajustes na dieta&#8221;, aconselha a especialista. Ela refor\u00e7a que, com o tratamento adequado, ainda h\u00e1 tempo de resolver o problema antes das celebra\u00e7\u00f5es de fim de ano.<\/p>\n\n\n\n<p>Portanto, n\u00e3o deixe que a halitose atrapalhe seus encontros de Natal e Ano Novo. Marque uma consulta com um profissional especialista, trate a causa do problema e aproveite as festas com confian\u00e7a e um h\u00e1lito fresco e saud\u00e1vel.<\/p>\n\n\n\n<p><strong>Servi\u00e7o: Bom h\u00e1lito Curitiba<br><\/strong>Dra. Cl\u00e1udia C. Gobor<br>Cirurgi\u00e3 Dentista especialista pelo MEC no tratamento da Halitose<br>Ex-Presidente e atual Diretora Executiva da Associa\u00e7\u00e3o Brasileira de Halitose<br><a href=\"https:\/\/www.bomhalitocuritiba.com.br\/\n\">https:\/\/www.bomhalitocuritiba.com.br\/<br><\/a>(41) 3022-3131 | (41) 99977-7087<br>@bomhalitocuritiba<\/p>\n","protected":false},"excerpt":{"rendered":"<p>Os malef\u00edcios da halitose v\u00e3o al\u00e9m da boca Com a chegada do fim de ano, muitos j\u00e1 est\u00e3o se preparando para as festividades de Natal e Ano Novo, momentos marcados pela reuni\u00e3o com amigos e familiares. No entanto, um problema que pode passar despercebido, mas ter grandes impactos em momentos de grande intera\u00e7\u00e3o social, \u00e9 [&hellip;]<\/p>\n","protected":false},"author":1,"featured_media":3768,"comment_status":"open","ping_status":"open","sticky":false,"template":"","format":"standard","meta":{"footnotes":""},"categories":[164],"tags":[],"class_list":["post-3756","post","type-post","status-publish","format-standard","has-post-thumbnail","hentry","category-saude-2"],"_links":{"self":[{"href":"https:\/\/diarioparanaense.com\/index.php?rest_route=\/wp\/v2\/posts\/3756","targetHints":{"allow":["GET"]}}],"collection":[{"href":"https:\/\/diarioparanaense.com\/index.php?rest_route=\/wp\/v2\/posts"}],"about":[{"href":"https:\/\/diarioparanaense.com\/index.php?rest_route=\/wp\/v2\/types\/post"}],"author":[{"embeddable":true,"href":"https:\/\/diarioparanaense.com\/index.php?rest_route=\/wp\/v2\/users\/1"}],"replies":[{"embeddable":true,"href":"https:\/\/diarioparanaense.com\/index.php?rest_route=%2Fwp%2Fv2%2Fcomments&post=3756"}],"version-history":[{"count":1,"href":"https:\/\/diarioparanaense.com\/index.php?rest_route=\/wp\/v2\/posts\/3756\/revisions"}],"predecessor-version":[{"id":3769,"href":"https:\/\/diarioparanaense.com\/index.php?rest_route=\/wp\/v2\/posts\/3756\/revisions\/3769"}],"wp:featuredmedia":[{"embeddable":true,"href":"https:\/\/diarioparanaense.com\/index.php?rest_route=\/wp\/v2\/media\/3768"}],"wp:attachment":[{"href":"https:\/\/diarioparanaense.com\/index.php?rest_route=%2Fwp%2Fv2%2Fmedia&parent=3756"}],"wp:term":[{"taxonomy":"category","embeddable":true,"href":"https:\/\/diarioparanaense.com\/index.php?rest_route=%2Fwp%2Fv2%2Fcategories&post=3756"},{"taxonomy":"post_tag","embeddable":true,"href":"https:\/\/diarioparanaense.com\/index.php?rest_route=%2Fwp%2Fv2%2Ftags&post=3756"}],"curies":[{"name":"wp","href":"https:\/\/api.w.org\/{rel}","templated":true}]}}