{"id":3753,"date":"2024-11-27T13:37:44","date_gmt":"2024-11-27T16:37:44","guid":{"rendered":"https:\/\/diarioparanaense.com\/?p=3753"},"modified":"2024-11-27T13:37:45","modified_gmt":"2024-11-27T16:37:45","slug":"paciente-encontra-na-musica-o-caminho-para-a-recuperacao-e-transforma-a-rotina-de-reabilitacao","status":"publish","type":"post","link":"https:\/\/diarioparanaense.com\/?p=3753","title":{"rendered":"Paciente encontra na m\u00fasica o caminho para a recupera\u00e7\u00e3o e transforma a rotina de reabilita\u00e7\u00e3o"},"content":{"rendered":"\n<p class=\"has-medium-font-size\">A experi\u00eancia no est\u00fadio proporciona est\u00edmulo sensorial e resgate emocional, refor\u00e7ando o papel da m\u00fasica na recupera\u00e7\u00e3o de pacientes em reabilita\u00e7\u00e3o<\/p>\n\n\n\n<p>Jo\u00e3o Paulo, jovem de 13 anos em reabilita\u00e7\u00e3o na YUNA, com diagn\u00f3stico de Mielite Transversa de Coluna, internado para redu\u00e7\u00e3o de complexidade e ganho de funcionalidade e independ\u00eancia, possui uma hist\u00f3ria muito intensa relacionada \u00e0 m\u00fasica, tocava guitarra e bateria, e participava com sua banda em apresenta\u00e7\u00f5es musicais.<\/p>\n\n\n\n<p>Com uma forte conex\u00e3o com instrumentos musicais, ele participou de uma experi\u00eancia \u00fanica ao visitar um est\u00fadio para acompanhar o processo de grava\u00e7\u00e3o musical, mixagem e remasteriza\u00e7\u00e3o.<\/p>\n\n\n\n<p>A visita ao est\u00fadio foi cuidadosamente planejada pela equipe multidisciplinar da institui\u00e7\u00e3o, composta pelo Dr. Andr\u00e9 Daniel Tavares, M\u00e9dico Cl\u00ednico geral e geriatra, e Diretor Cl\u00ednico da YUNA, Michelle Mantovanelli, Coordenadora da equipe multidisciplinar, Amanda Braga, Gerente de opera\u00e7\u00f5es e assist\u00eancia, e Rodrigo Rodrigues, Diretor de relacionamento com o mercado. Mais do que um passeio, a atividade teve como objetivo fortalecer os v\u00ednculos afetivos de Jo\u00e3o Paulo com suas mem\u00f3rias musicais e estimular seus sentidos de forma terap\u00eautica.<\/p>\n\n\n\n<p>Acompanhado por sua m\u00e3e, pela equipe de reabilita\u00e7\u00e3o e pelo produtor musical Junior Meira, Jo\u00e3o Paulo vivenciou em um ambiente de cria\u00e7\u00e3o e troca uma nova experi\u00eancia. A ideia de lev\u00e1-lo ao est\u00fadio surgiu para que ele iniciasse a retomada ao conv\u00edvio social com a sa\u00edda da institui\u00e7\u00e3o.<\/p>\n\n\n\n<p class=\"has-medium-font-size\">Uma abordagem terap\u00eautica transdisciplinar<\/p>\n\n\n\n<p>De acordo com a equipe m\u00e9dica, durante a experi\u00eancia, est\u00edmulos auditivos e t\u00e1teis foram intensificados ao m\u00e1ximo, permitindo que ele tivesse contato com os instrumentos e experimentasse o ambiente sonoro que tanto ama.<br>Al\u00e9m dos benef\u00edcios sensoriais, foi percept\u00edvel a redu\u00e7\u00e3o imediata na ansiedade e um fortalecimento dos v\u00ednculos terap\u00eauticos, gra\u00e7as ao est\u00edmulo emocional fornecido pela m\u00fasica. \u201cA m\u00fasica tem esse poder de conectar as pessoas. No est\u00fadio, Jo\u00e3o Paulo conseguiu sentir-se parte de algo significativo, cercado de pessoas que compartilham de sua paix\u00e3o, o que fez toda a diferen\u00e7a em seu tratamento\u201d, declarou o Dr. Andr\u00e9 Tavares.<br>Tamb\u00e9m foram apresentadas as possibilidades de acessibilidade dentro das limita\u00e7\u00f5es f\u00edsicas, a valoriza\u00e7\u00e3o do v\u00ednculo de mem\u00f3ria afetiva com a m\u00fasica e os instrumentos musicais, a ativa\u00e7\u00e3o dos est\u00edmulos proprioceptivos, auditivos e sonoros, e o refor\u00e7o do v\u00ednculo com a equipe assistencial e engajamento nas terapias.<\/p>\n\n\n\n<p class=\"has-medium-font-size\">Uma nova forma de inclus\u00e3o social e bem-estar<\/p>\n\n\n\n<p>Iniciativas como essa, que resgatam hobbies e interesses pessoais, s\u00e3o essenciais para uma reabilita\u00e7\u00e3o completa. Segundo Michelle Mantovanelli, \u201cessas atividades proporcionam ao paciente uma sensa\u00e7\u00e3o de pertencimento e individualidade, tornando o processo mais leve e significativo. A m\u00fasica n\u00e3o s\u00f3 ajuda a criar mem\u00f3rias afetivas positivas como \u00e9 um incentivo \u00e0 autonomia e ao conv\u00edvio social\u201d, completa.<br>Um dos objetivos da reabilita\u00e7\u00e3o \u00e9 a retomada do conv\u00edvio comunit\u00e1rio, seja de maneira independente, supervisionada, assistida ou adaptada. A\u00e7\u00f5es de inclus\u00e3o social dentro desse contexto faz o processo de reabilita\u00e7\u00e3o se tornar mais leve.<\/p>\n\n\n\n<p class=\"has-medium-font-size\">Paciente Jo\u00e3o Paulo e os impactos terap\u00eauticos da visita ao est\u00fadio<\/p>\n\n\n\n<p>A experi\u00eancia no est\u00fadio proporcionou um momento especial de aprendizado e aprecia\u00e7\u00e3o musical, com direito a uma \u201caula\u201d sobre instrumentos diversos e o processo de grava\u00e7\u00e3o. Entre ritmos e sonoridades que o encantaram, ele pode interagir diretamente com as etapas de produ\u00e7\u00e3o musical, o que tornou essa visita enriquecedora para seu processo de recupera\u00e7\u00e3o.<\/p>\n\n\n\n<p>Para pacientes em reabilita\u00e7\u00e3o, o conv\u00edvio social e o retorno \u00e0s atividades familiares s\u00e3o fundamentais para uma recupera\u00e7\u00e3o completa. \u201cA m\u00fasica, com seu poder de promover o bem-estar geral, \u00e9 capaz de trazer uma s\u00e9rie de benef\u00edcios terap\u00eauticos, ampliados pelo contexto afetivo envolvido. Ao ter contato com os instrumentos, Jo\u00e3o Paulo n\u00e3o apenas explorou os sentidos, como tamb\u00e9m se sentiu incentivado a buscar mais autonomia e autoconfian\u00e7a\u201d, esclarece a fisioterapeuta.<\/p>\n\n\n\n<p>Essa a\u00e7\u00e3o refor\u00e7a o compromisso da YUNA com uma abordagem que vai al\u00e9m dos cuidados f\u00edsicos, ao contemplar o paciente como um todo. Al\u00e9m disso, atividades que promovem a reintegra\u00e7\u00e3o social de forma adaptada e segura s\u00e3o essenciais para que o paciente recupere n\u00e3o apenas suas fun\u00e7\u00f5es f\u00edsicas, mas tamb\u00e9m sua autonomia e qualidade de vida.<\/p>\n\n\n\n<p>Sobre a YUNA<\/p>\n\n\n\n<p>A YUNA, especializada em transi\u00e7\u00e3o de cuidados, oferece suporte completo para pacientes de reabilita\u00e7\u00e3o, cuidados paliativos e continuados, atendimento individualizado e assist\u00eancia transdisciplinar. Mais informa\u00e7\u00f5es no telefone (11) 3087-3800 ou no site <a href=\"https:\/\/yuna.com.br\/\">https:\/\/yuna.com.br\/<\/a>.<\/p>\n","protected":false},"excerpt":{"rendered":"<p>A experi\u00eancia no est\u00fadio proporciona est\u00edmulo sensorial e resgate emocional, refor\u00e7ando o papel da m\u00fasica na recupera\u00e7\u00e3o de pacientes em reabilita\u00e7\u00e3o Jo\u00e3o Paulo, jovem de 13 anos em reabilita\u00e7\u00e3o na YUNA, com diagn\u00f3stico de Mielite Transversa de Coluna, internado para redu\u00e7\u00e3o de complexidade e ganho de funcionalidade e independ\u00eancia, possui uma hist\u00f3ria muito intensa relacionada [&hellip;]<\/p>\n","protected":false},"author":1,"featured_media":3754,"comment_status":"open","ping_status":"open","sticky":false,"template":"","format":"standard","meta":{"footnotes":""},"categories":[29],"tags":[],"class_list":["post-3753","post","type-post","status-publish","format-standard","has-post-thumbnail","hentry","category-artigos"],"_links":{"self":[{"href":"https:\/\/diarioparanaense.com\/index.php?rest_route=\/wp\/v2\/posts\/3753","targetHints":{"allow":["GET"]}}],"collection":[{"href":"https:\/\/diarioparanaense.com\/index.php?rest_route=\/wp\/v2\/posts"}],"about":[{"href":"https:\/\/diarioparanaense.com\/index.php?rest_route=\/wp\/v2\/types\/post"}],"author":[{"embeddable":true,"href":"https:\/\/diarioparanaense.com\/index.php?rest_route=\/wp\/v2\/users\/1"}],"replies":[{"embeddable":true,"href":"https:\/\/diarioparanaense.com\/index.php?rest_route=%2Fwp%2Fv2%2Fcomments&post=3753"}],"version-history":[{"count":1,"href":"https:\/\/diarioparanaense.com\/index.php?rest_route=\/wp\/v2\/posts\/3753\/revisions"}],"predecessor-version":[{"id":3755,"href":"https:\/\/diarioparanaense.com\/index.php?rest_route=\/wp\/v2\/posts\/3753\/revisions\/3755"}],"wp:featuredmedia":[{"embeddable":true,"href":"https:\/\/diarioparanaense.com\/index.php?rest_route=\/wp\/v2\/media\/3754"}],"wp:attachment":[{"href":"https:\/\/diarioparanaense.com\/index.php?rest_route=%2Fwp%2Fv2%2Fmedia&parent=3753"}],"wp:term":[{"taxonomy":"category","embeddable":true,"href":"https:\/\/diarioparanaense.com\/index.php?rest_route=%2Fwp%2Fv2%2Fcategories&post=3753"},{"taxonomy":"post_tag","embeddable":true,"href":"https:\/\/diarioparanaense.com\/index.php?rest_route=%2Fwp%2Fv2%2Ftags&post=3753"}],"curies":[{"name":"wp","href":"https:\/\/api.w.org\/{rel}","templated":true}]}}