{"id":3750,"date":"2024-11-27T13:34:36","date_gmt":"2024-11-27T16:34:36","guid":{"rendered":"https:\/\/diarioparanaense.com\/?p=3750"},"modified":"2024-11-27T13:34:36","modified_gmt":"2024-11-27T16:34:36","slug":"joao-pedrosa-conta-como-vida-de-professor-impacta-alunos-e-educadores-na-internet","status":"publish","type":"post","link":"https:\/\/diarioparanaense.com\/?p=3750","title":{"rendered":"Jo\u00e3o Pedrosa conta como \u201cVida de Professor\u201d impacta alunos e educadores na internet"},"content":{"rendered":"\n<p class=\"has-medium-font-size\">No epis\u00f3dio dessa semana, o professor e influenciador Jo\u00e3o Pedrosa entrevista o professor F\u00e1bio que aborda as quest\u00f5es que transformam adversidades em oportunidades na sala de aula<\/p>\n\n\n\n<p>A s\u00e9rie Vida de Professor, criada pelo influenciador e educador Jo\u00e3o Pedrosa, est\u00e1 mudando a forma como a Educa\u00e7\u00e3o \u00e9 vista e debatida na internet. O epis\u00f3dio desta semana, j\u00e1 dispon\u00edvel em seu Instagram (@joaolpedrosa), apresenta a hist\u00f3ria inspiradora do professor F\u00e1bio Augusto do Amaral, da Universidade Federal de Uberl\u00e2ndia, em Minas Gerais. Ele revela que a doc\u00eancia entrou em sua vida por acaso, mas, mesmo diante de desafios, acredita no poder do professor em engajar os alunos e despertar o interesse pela educa\u00e7\u00e3o.<\/p>\n\n\n\n<p>\u201cAquela forma tradicional de ensinar, \u00e9 muito dif\u00edcil chamar a aten\u00e7\u00e3o dos alunos hoje. Porque as informa\u00e7\u00f5es est\u00e3o de todos os lados. A sala de aula deixou de ser atraente. Ningu\u00e9m consegue mais ficar prestando aten\u00e7\u00e3o por uma ou duas horas. \u00c9 um caminho que a gente tem que aprender o tempo inteiro\u201d, conta F\u00e1bio.<\/p>\n\n\n\n<p>Em seu projeto, Jo\u00e3o ressalta que o objetivo \u00e9 criar um espa\u00e7o de troca, onde educadores se sintam valorizados e alunos compreendam a import\u00e2ncia do aprendizado. Al\u00e9m de humanizar o ensino e mostrar que a educa\u00e7\u00e3o \u00e9 um processo de colabora\u00e7\u00e3o.<\/p>\n\n\n\n<p>\u201cAtrav\u00e9s de hist\u00f3rias como a do professor F\u00e1bio, a s\u00e9rie inspira estudantes a valorizarem a Educa\u00e7\u00e3o e entenderem os desafios enfrentados pelos docentes, que possuem uma vida igual a deles no dia a dia. A abordagem acess\u00edvel e envolvente ajuda a tornar o aprendizado mais pr\u00f3ximo da realidade dos alunos, despertando maior interesse e empatia. E somando para que a profiss\u00e3o seja ainda mais valorizada\u201d, explica Jo\u00e3o Pedrosa.<\/p>\n\n\n\n<p>Quando se fala sobre rede de apoio, para os professores que Jo\u00e3o Pedrosa se encontra no dia a dia, \u201cVida de Professor\u201d tem servido como um espa\u00e7o de acolhimento e motiva\u00e7\u00e3o, mostrando que, mesmo em meio a dificuldades, \u00e9 poss\u00edvel fazer a diferen\u00e7a na vida dos estudantes.<\/p>\n\n\n\n<p>\u201cRecebo mensagens de educadores dizendo que se sentem menos sozinhos depois de assistir aos epis\u00f3dios. Isso me motiva a continuar criando conte\u00fados que representem a realidade de quem est\u00e1 em sala de aula,\u201d refor\u00e7a Jo\u00e3o Pedrosa.<\/p>\n\n\n\n<p>O epis\u00f3dio da semana \u00e9 mais um exemplo de como a s\u00e9rie tem o potencial de transformar a vis\u00e3o sobre o papel do professor, conectando educadores e alunos e refor\u00e7ando a import\u00e2ncia da Educa\u00e7\u00e3o como ferramenta de mudan\u00e7a social.<\/p>\n\n\n\n<p><\/p>\n","protected":false},"excerpt":{"rendered":"<p>No epis\u00f3dio dessa semana, o professor e influenciador Jo\u00e3o Pedrosa entrevista o professor F\u00e1bio que aborda as quest\u00f5es que transformam adversidades em oportunidades na sala de aula A s\u00e9rie Vida de Professor, criada pelo influenciador e educador Jo\u00e3o Pedrosa, est\u00e1 mudando a forma como a Educa\u00e7\u00e3o \u00e9 vista e debatida na internet. O epis\u00f3dio desta [&hellip;]<\/p>\n","protected":false},"author":1,"featured_media":3751,"comment_status":"open","ping_status":"open","sticky":false,"template":"","format":"standard","meta":{"footnotes":""},"categories":[148],"tags":[],"class_list":["post-3750","post","type-post","status-publish","format-standard","has-post-thumbnail","hentry","category-educacao"],"_links":{"self":[{"href":"https:\/\/diarioparanaense.com\/index.php?rest_route=\/wp\/v2\/posts\/3750","targetHints":{"allow":["GET"]}}],"collection":[{"href":"https:\/\/diarioparanaense.com\/index.php?rest_route=\/wp\/v2\/posts"}],"about":[{"href":"https:\/\/diarioparanaense.com\/index.php?rest_route=\/wp\/v2\/types\/post"}],"author":[{"embeddable":true,"href":"https:\/\/diarioparanaense.com\/index.php?rest_route=\/wp\/v2\/users\/1"}],"replies":[{"embeddable":true,"href":"https:\/\/diarioparanaense.com\/index.php?rest_route=%2Fwp%2Fv2%2Fcomments&post=3750"}],"version-history":[{"count":1,"href":"https:\/\/diarioparanaense.com\/index.php?rest_route=\/wp\/v2\/posts\/3750\/revisions"}],"predecessor-version":[{"id":3752,"href":"https:\/\/diarioparanaense.com\/index.php?rest_route=\/wp\/v2\/posts\/3750\/revisions\/3752"}],"wp:featuredmedia":[{"embeddable":true,"href":"https:\/\/diarioparanaense.com\/index.php?rest_route=\/wp\/v2\/media\/3751"}],"wp:attachment":[{"href":"https:\/\/diarioparanaense.com\/index.php?rest_route=%2Fwp%2Fv2%2Fmedia&parent=3750"}],"wp:term":[{"taxonomy":"category","embeddable":true,"href":"https:\/\/diarioparanaense.com\/index.php?rest_route=%2Fwp%2Fv2%2Fcategories&post=3750"},{"taxonomy":"post_tag","embeddable":true,"href":"https:\/\/diarioparanaense.com\/index.php?rest_route=%2Fwp%2Fv2%2Ftags&post=3750"}],"curies":[{"name":"wp","href":"https:\/\/api.w.org\/{rel}","templated":true}]}}