{"id":3730,"date":"2024-11-19T14:45:59","date_gmt":"2024-11-19T17:45:59","guid":{"rendered":"https:\/\/diarioparanaense.com\/?p=3730"},"modified":"2024-11-19T14:55:11","modified_gmt":"2024-11-19T17:55:11","slug":"dia-da-consciencia-negra-uma-celebracao-das-vivencias-e-da-forca-das-mulheres-negras","status":"publish","type":"post","link":"https:\/\/diarioparanaense.com\/?p=3730","title":{"rendered":"Dia da Consci\u00eancia Negra: uma celebra\u00e7\u00e3o das viv\u00eancias e da for\u00e7a das mulheres negras"},"content":{"rendered":"\n<p class=\"has-medium-font-size\">Por: Talita Watanabe*<\/p>\n\n\n\n<p>O Dia da Consci\u00eancia Negra, celebrado em 20 de novembro, \u00e9 mais do que uma data no calend\u00e1rio. \u00c9 um marco para refletir sobre a hist\u00f3ria, os desafios e as conquistas do povo negro no Brasil. A escolha do dia n\u00e3o \u00e9 aleat\u00f3ria; homenageia Zumbi dos Palmares, l\u00edder do maior quilombo das Am\u00e9ricas, um s\u00edmbolo de resist\u00eancia e luta por liberdade.<\/p>\n\n\n\n<p>Nesse contexto, as viv\u00eancias das mulheres negras merecem um destaque especial. Elas s\u00e3o as guardi\u00e3s de saberes ancestrais, l\u00edderes em suas comunidades e protagonistas de movimentos que transformam a sociedade. No entanto, enfrentam o peso do racismo e do machismo, que as coloca, muitas vezes, em situa\u00e7\u00f5es de vulnerabilidade social e econ\u00f4mica.<\/p>\n\n\n\n<p>A data n\u00e3o \u00e9 apenas uma oportunidade para lembrar o passado de opress\u00e3o, mas tamb\u00e9m para discutir o presente e planejar o futuro. Para as mulheres negras, o Dia da Consci\u00eancia Negra \u00e9 um chamado ao reconhecimento de sua for\u00e7a e resili\u00eancia. \u00c9 o momento de afirmar que empoderamento feminino negro n\u00e3o \u00e9 apenas um conceito, mas uma realidade transformadora que precisa ser amplamente apoiada e celebrada.<\/p>\n\n\n\n<p>Ser uma mulher negra no Brasil significa carregar a ancestralidade africana na pele e no cora\u00e7\u00e3o. Significa lutar por espa\u00e7o em uma sociedade que ainda se nega a oferecer igualdade de oportunidades. No entanto, tamb\u00e9m significa ser s\u00edmbolo de for\u00e7a e criatividade. Seja na academia, na pol\u00edtica, no mercado de trabalho ou na arte, mulheres negras t\u00eam desafiado os estere\u00f3tipos e reivindicado seu lugar de direito.<\/p>\n\n\n\n<p>O Dia da Consci\u00eancia Negra nos convida a agir, a enxergar as desigualdades estruturais e a celebrar o protagonismo negro. Ele refor\u00e7a que a luta por igualdade racial tamb\u00e9m \u00e9 uma luta pela valoriza\u00e7\u00e3o das mulheres negras. Porque quando elas vencem, toda a sociedade avan\u00e7a.<\/p>\n\n\n\n<p>Talita Watanabe \u00e9 empreendedora e atualmente assume\u00a0a\u00a0empresa\u00a04us<\/p>\n","protected":false},"excerpt":{"rendered":"<p>Por: Talita Watanabe* O Dia da Consci\u00eancia Negra, celebrado em 20 de novembro, \u00e9 mais do que uma data no calend\u00e1rio. \u00c9 um marco para refletir sobre a hist\u00f3ria, os desafios e as conquistas do povo negro no Brasil. A escolha do dia n\u00e3o \u00e9 aleat\u00f3ria; homenageia Zumbi dos Palmares, l\u00edder do maior quilombo das [&hellip;]<\/p>\n","protected":false},"author":1,"featured_media":3731,"comment_status":"open","ping_status":"open","sticky":false,"template":"","format":"standard","meta":{"footnotes":""},"categories":[29],"tags":[],"class_list":["post-3730","post","type-post","status-publish","format-standard","has-post-thumbnail","hentry","category-artigos"],"_links":{"self":[{"href":"https:\/\/diarioparanaense.com\/index.php?rest_route=\/wp\/v2\/posts\/3730","targetHints":{"allow":["GET"]}}],"collection":[{"href":"https:\/\/diarioparanaense.com\/index.php?rest_route=\/wp\/v2\/posts"}],"about":[{"href":"https:\/\/diarioparanaense.com\/index.php?rest_route=\/wp\/v2\/types\/post"}],"author":[{"embeddable":true,"href":"https:\/\/diarioparanaense.com\/index.php?rest_route=\/wp\/v2\/users\/1"}],"replies":[{"embeddable":true,"href":"https:\/\/diarioparanaense.com\/index.php?rest_route=%2Fwp%2Fv2%2Fcomments&post=3730"}],"version-history":[{"count":2,"href":"https:\/\/diarioparanaense.com\/index.php?rest_route=\/wp\/v2\/posts\/3730\/revisions"}],"predecessor-version":[{"id":3733,"href":"https:\/\/diarioparanaense.com\/index.php?rest_route=\/wp\/v2\/posts\/3730\/revisions\/3733"}],"wp:featuredmedia":[{"embeddable":true,"href":"https:\/\/diarioparanaense.com\/index.php?rest_route=\/wp\/v2\/media\/3731"}],"wp:attachment":[{"href":"https:\/\/diarioparanaense.com\/index.php?rest_route=%2Fwp%2Fv2%2Fmedia&parent=3730"}],"wp:term":[{"taxonomy":"category","embeddable":true,"href":"https:\/\/diarioparanaense.com\/index.php?rest_route=%2Fwp%2Fv2%2Fcategories&post=3730"},{"taxonomy":"post_tag","embeddable":true,"href":"https:\/\/diarioparanaense.com\/index.php?rest_route=%2Fwp%2Fv2%2Ftags&post=3730"}],"curies":[{"name":"wp","href":"https:\/\/api.w.org\/{rel}","templated":true}]}}