{"id":3727,"date":"2024-11-19T14:31:46","date_gmt":"2024-11-19T17:31:46","guid":{"rendered":"https:\/\/diarioparanaense.com\/?p=3727"},"modified":"2024-11-19T14:31:46","modified_gmt":"2024-11-19T17:31:46","slug":"baba-thales-destaca-a-importancia-do-dia-da-consciencia-negra-na-luta-contra-o-racismo","status":"publish","type":"post","link":"https:\/\/diarioparanaense.com\/?p=3727","title":{"rendered":"Baba Thales destaca a import\u00e2ncia do Dia da Consci\u00eancia Negra na luta contra o racismo"},"content":{"rendered":"\n<p>Data \u00e9 um marco para o reconhecimento da hist\u00f3ria, da cultura negra e do papel das religi\u00f5es de matriz africana no combate \u00e0s desigualdades<\/p>\n\n\n\n<p>O Dia da Consci\u00eancia Negra, celebrado em 20 de novembro, \u00e9 mais do que uma homenagem ao l\u00edder Zumbi dos Palmares. \u00c9 uma oportunidade para refletir sobre o legado do povo negro no Brasil e renovar os compromissos na luta contra o racismo. Para Baba Thales, l\u00edder religioso e defensor das causas raciais, a data tamb\u00e9m \u00e9 um espa\u00e7o de valoriza\u00e7\u00e3o das religi\u00f5es de matriz africana, que t\u00eam papel central na preserva\u00e7\u00e3o da cultura e na resist\u00eancia \u00e0s opress\u00f5es hist\u00f3ricas.<\/p>\n\n\n\n<p>\u201cA Consci\u00eancia Negra \u00e9 um grito de resist\u00eancia e de mem\u00f3ria. \u00c9 o momento de lembrar que a luta pela igualdade racial \u00e9 cont\u00ednua e exige o reconhecimento de nossa hist\u00f3ria, nossas dores e conquistas. E, principalmente, \u00e9 um convite para que toda a sociedade se envolva no combate ao racismo estrutural\u201d, afirma Baba Thales.<\/p>\n\n\n\n<p>O Brasil, com sua hist\u00f3ria marcada pela escravid\u00e3o e pelo apagamento cultural, carrega profundas desigualdades raciais que ainda se manifestam em todos os setores. Nesse contexto, o Dia da Consci\u00eancia Negra se torna um marco para reconhecer a contribui\u00e7\u00e3o negra na forma\u00e7\u00e3o do pa\u00eds, tanto em sua riqueza cultural quanto nos valores de luta por liberdade e justi\u00e7a.<\/p>\n\n\n\n<p>Baba Thales destaca o papel das religi\u00f5es de matriz africana, como o Candombl\u00e9 e a Umbanda, na preserva\u00e7\u00e3o da identidade e no fortalecimento das causas raciais. \u201cNossas religi\u00f5es sempre foram um ref\u00fagio de acolhimento, espiritualidade e luta. A persegui\u00e7\u00e3o que enfrentamos \u00e9 uma prova de como o racismo opera, mas tamb\u00e9m de como resistimos. Celebrar a Consci\u00eancia Negra \u00e9 tamb\u00e9m celebrar a for\u00e7a e a beleza das nossas tradi\u00e7\u00f5es.\u201d<\/p>\n\n\n\n<p>Mais do que uma data, o Dia da Consci\u00eancia Negra \u00e9 um momento de mobiliza\u00e7\u00e3o para o enfrentamento das desigualdades. Ele nos lembra que a constru\u00e7\u00e3o de uma sociedade mais justa passa pela valoriza\u00e7\u00e3o da hist\u00f3ria e das lutas do povo negro e pelo combate ao preconceito em todas&nbsp;as&nbsp;suas&nbsp;formas.<\/p>\n","protected":false},"excerpt":{"rendered":"<p>Data \u00e9 um marco para o reconhecimento da hist\u00f3ria, da cultura negra e do papel das religi\u00f5es de matriz africana no combate \u00e0s desigualdades O Dia da Consci\u00eancia Negra, celebrado em 20 de novembro, \u00e9 mais do que uma homenagem ao l\u00edder Zumbi dos Palmares. \u00c9 uma oportunidade para refletir sobre o legado do povo [&hellip;]<\/p>\n","protected":false},"author":1,"featured_media":3728,"comment_status":"open","ping_status":"open","sticky":false,"template":"","format":"standard","meta":{"footnotes":""},"categories":[29],"tags":[],"class_list":["post-3727","post","type-post","status-publish","format-standard","has-post-thumbnail","hentry","category-artigos"],"_links":{"self":[{"href":"https:\/\/diarioparanaense.com\/index.php?rest_route=\/wp\/v2\/posts\/3727","targetHints":{"allow":["GET"]}}],"collection":[{"href":"https:\/\/diarioparanaense.com\/index.php?rest_route=\/wp\/v2\/posts"}],"about":[{"href":"https:\/\/diarioparanaense.com\/index.php?rest_route=\/wp\/v2\/types\/post"}],"author":[{"embeddable":true,"href":"https:\/\/diarioparanaense.com\/index.php?rest_route=\/wp\/v2\/users\/1"}],"replies":[{"embeddable":true,"href":"https:\/\/diarioparanaense.com\/index.php?rest_route=%2Fwp%2Fv2%2Fcomments&post=3727"}],"version-history":[{"count":1,"href":"https:\/\/diarioparanaense.com\/index.php?rest_route=\/wp\/v2\/posts\/3727\/revisions"}],"predecessor-version":[{"id":3729,"href":"https:\/\/diarioparanaense.com\/index.php?rest_route=\/wp\/v2\/posts\/3727\/revisions\/3729"}],"wp:featuredmedia":[{"embeddable":true,"href":"https:\/\/diarioparanaense.com\/index.php?rest_route=\/wp\/v2\/media\/3728"}],"wp:attachment":[{"href":"https:\/\/diarioparanaense.com\/index.php?rest_route=%2Fwp%2Fv2%2Fmedia&parent=3727"}],"wp:term":[{"taxonomy":"category","embeddable":true,"href":"https:\/\/diarioparanaense.com\/index.php?rest_route=%2Fwp%2Fv2%2Fcategories&post=3727"},{"taxonomy":"post_tag","embeddable":true,"href":"https:\/\/diarioparanaense.com\/index.php?rest_route=%2Fwp%2Fv2%2Ftags&post=3727"}],"curies":[{"name":"wp","href":"https:\/\/api.w.org\/{rel}","templated":true}]}}