{"id":3721,"date":"2024-11-19T11:59:03","date_gmt":"2024-11-19T14:59:03","guid":{"rendered":"https:\/\/diarioparanaense.com\/?p=3721"},"modified":"2024-11-19T11:59:04","modified_gmt":"2024-11-19T14:59:04","slug":"intencao-de-compra-dos-brasileiros-durante-a-black-friday-chega-a-85","status":"publish","type":"post","link":"https:\/\/diarioparanaense.com\/?p=3721","title":{"rendered":"Inten\u00e7\u00e3o de compra dos brasileiros durante a Black Friday chega a 85%"},"content":{"rendered":"\n<p class=\"has-medium-font-size\">Tradi\u00e7\u00e3o global no com\u00e9rcio, a Black Friday em 2024 ser\u00e1 no dia 29 de novembro, mas as lojas j\u00e1 prepararam oportunidades antecipadas para os consumidores<\/p>\n\n\n\n<p>O m\u00eas de novembro costuma ser muito esperado pelos consumidores e pelas lojas por conta dos descontos da Black Friday. Diante disso, o com\u00e9rcio costuma promover promo\u00e7\u00f5es e oportunidades durante todo o m\u00eas. De acordo com a pesquisa sobre a Black Friday 2024\u201d, promovida pelo Mercado Livre e Mercado Pago, 85% dos participantes pretendem comprar na Black Friday deste ano, 5 pontos percentuais a mais comparado ao mesmo per\u00edodo de 2023. A pesquisa tamb\u00e9m revela que 70% dos entrevistados pretendem comprar antes da data oficial, 29 de novembro.<\/p>\n\n\n\n<p><strong>Confira algumas a\u00e7\u00f5es e descontos exclusivos desse per\u00edodo:<\/strong><\/p>\n\n\n\n<p><strong>Apolar Franquias<br><\/strong>Para os que est\u00e3o em busca de boas oportunidades no setor imobili\u00e1rio, o Grupo Apolar, franqueadora imobili\u00e1ria com mais de 90 franquias no Paran\u00e1, Santa Catarina, S\u00e3o Paulo e Paraguai, est\u00e1 com ofertas com at\u00e9 20% de desconto em im\u00f3veis selecionados at\u00e9 o dia 30 de novembro.<\/p>\n\n\n\n<p>O grupo realiza a Black November desde 2015 e o diferencial deste ano \u00e9 que, pela primeira vez, as promo\u00e7\u00f5es ter\u00e3o dura\u00e7\u00e3o de 30 dias. \u201cH\u00e1 quase dez anos realizamos essa a\u00e7\u00e3o na Apolar e percebemos que os clientes est\u00e3o cada vez mais preparados para aproveitarem as oportunidades no setor imobili\u00e1rio, que est\u00e1 ainda mais valorizado. Por isso, optamos por oferecer ofertas exclusivas durante todo o per\u00edodo de novembro\u201d, explica Mayra Mino, coordenadora de Marketing da Apolar Franquias.<\/p>\n\n\n\n<p>No dia 22 de novembro, sexta-feira, haver\u00e1 uma a\u00e7\u00e3o de rua como parte da campanha da Black November: Apolar Day. A franqueadora se une \u00e0s lojas da capital paranaense e regi\u00e3o metropolitana, e seguir\u00e1 para as proximidades de quatro grandes shoppings de Curitiba, sendo eles: Shopping Mueller, Shopping Jockey Plaza, Shopping Palladium e Shopping Curitiba. As cidades do litoral, interior do Paran\u00e1 e Santa Catarina estar\u00e3o realizando o Apolar Day diretamente nas suas respectivas regi\u00f5es.<\/p>\n\n\n\n<p>Para os investidores que desejam entrar no mercado de franquia imobili\u00e1ria, o desconto ser\u00e1 de 30% na taxa inicial de franquia, que tem o custo de US$ 20 mil (cerca de R$ 103 mil).<\/p>\n\n\n\n<p>Todas as ofertas estar\u00e3o dispon\u00edveis em todas as lojas da rede e no site at\u00e9 o dia 30 de novembro. Confira todas as ofertas no site.<\/p>\n\n\n\n<p><strong>Vapza Alimentos<br><\/strong>Se engana quem pensa que o setor de alimentos n\u00e3o oferece oportunidades no per\u00edodo de descontos mais esperado pelos brasileiros. A Vapza Alimentos, ind\u00fastria pioneira em alimentos embalados a v\u00e1cuo e cozidos no vapor no Brasil, est\u00e1 com ofertas de at\u00e9 25% nos kits com 12 dos produtos mais consumidos da marca, como o frango desfiado, mandioquinha, carne bovina desfiada, feijoada, entre outros. Al\u00e9m disso, as linhas \u201cS\u00f3 Aquecer\u201d, que podem ser consumidos logo ap\u00f3s o aquecimento; e os \u201cOrg\u00e2nicos\u201d, produtos de origem 100% org\u00e2nica est\u00e3o com a promo\u00e7\u00e3o de \u201cleve 4 e pague 3\u201d.<\/p>\n\n\n\n<p>\u201cA Black November da Vapza \u00e9 uma oportunidade para nossos consumidores acessarem produtos pr\u00e1ticos e saud\u00e1veis com descontos especiais. Gra\u00e7as \u00e0 tecnologia utilizada em nossa produ\u00e7\u00e3o, preservamos as caracter\u00edsticas naturais dos alimentos, incluindo textura, sabor e cor, sem a necessidade de conservantes ou refrigera\u00e7\u00e3o\u201d, destaca Enrico Milani, CEO da Vapza.<\/p>\n\n\n\n<p>Al\u00e9m das linhas \u201cS\u00f3 Aquecer\u201d e \u201cOrg\u00e2nicos\u201d, o portf\u00f3lio da Vapza inclui \u201cD\u00ea Seu Toque\u201d, com produtos prontos para finaliza\u00e7\u00e3o com tempero a gosto, todas ideais para uma alimenta\u00e7\u00e3o pr\u00e1tica e saborosa.<\/p>\n\n\n\n<p><strong>Papap\u00e1<\/strong><br>Para as fam\u00edlias que buscam op\u00e7\u00f5es saud\u00e1veis e nutritivas para beb\u00eas, a Papap\u00e1, especializada em alimenta\u00e7\u00e3o infantil, lan\u00e7a sua promo\u00e7\u00e3o de Black Friday com at\u00e9 15% de desconto em seus produtos do e-commerce. A oferta \u00e9 v\u00e1lida de 28 de novembro a 2 de dezembro e inclui uma linha diversificada voltada para as diferentes necessidades alimentares dos pequenos.<\/p>\n\n\n\n<p>Entre os produtos est\u00e3o: as Papinhas de Frutas Org\u00e2nicas, a PapaPasta \u2013 massas em tamanho ideal para beb\u00eas, a Linha La Chef com refei\u00e7\u00f5es prontas, o Petit Cereal, cereal infantil sem a\u00e7\u00facar, os Palitinhos de Vegetais, snacks assados e sem gl\u00faten, e os Biscoitinhos Para a Fase da Denti\u00e7\u00e3o, perfeitos para os pequenos na fase dos primeiros dentinhos. O Biscotti, sem a\u00e7\u00facar, e as Papinhas com Carne.<\/p>\n\n\n\n<p>Todos os produtos da Papap\u00e1 s\u00e3o desenvolvidos sem a\u00e7\u00facar, sal, conservantes, corantes ou aromas artificiais, seguindo o conceito Clean Label e com ingredientes naturais que atendem \u00e0s necessidades nutricionais dos beb\u00eas durante a introdu\u00e7\u00e3o alimentar. A promo\u00e7\u00e3o \u00e9 uma \u00f3tima oportunidade para adquirir esses itens, que facilitam a rotina dos pais e garantem uma alimenta\u00e7\u00e3o saud\u00e1vel, segura e de qualidade para os pequenos. Acesse o site e garanta&nbsp;as&nbsp;ofertas.<\/p>\n","protected":false},"excerpt":{"rendered":"<p>Tradi\u00e7\u00e3o global no com\u00e9rcio, a Black Friday em 2024 ser\u00e1 no dia 29 de novembro, mas as lojas j\u00e1 prepararam oportunidades antecipadas para os consumidores O m\u00eas de novembro costuma ser muito esperado pelos consumidores e pelas lojas por conta dos descontos da Black Friday. Diante disso, o com\u00e9rcio costuma promover promo\u00e7\u00f5es e oportunidades durante [&hellip;]<\/p>\n","protected":false},"author":1,"featured_media":3722,"comment_status":"open","ping_status":"open","sticky":false,"template":"","format":"standard","meta":{"footnotes":""},"categories":[324],"tags":[],"class_list":["post-3721","post","type-post","status-publish","format-standard","has-post-thumbnail","hentry","category-negocios"],"_links":{"self":[{"href":"https:\/\/diarioparanaense.com\/index.php?rest_route=\/wp\/v2\/posts\/3721","targetHints":{"allow":["GET"]}}],"collection":[{"href":"https:\/\/diarioparanaense.com\/index.php?rest_route=\/wp\/v2\/posts"}],"about":[{"href":"https:\/\/diarioparanaense.com\/index.php?rest_route=\/wp\/v2\/types\/post"}],"author":[{"embeddable":true,"href":"https:\/\/diarioparanaense.com\/index.php?rest_route=\/wp\/v2\/users\/1"}],"replies":[{"embeddable":true,"href":"https:\/\/diarioparanaense.com\/index.php?rest_route=%2Fwp%2Fv2%2Fcomments&post=3721"}],"version-history":[{"count":1,"href":"https:\/\/diarioparanaense.com\/index.php?rest_route=\/wp\/v2\/posts\/3721\/revisions"}],"predecessor-version":[{"id":3723,"href":"https:\/\/diarioparanaense.com\/index.php?rest_route=\/wp\/v2\/posts\/3721\/revisions\/3723"}],"wp:featuredmedia":[{"embeddable":true,"href":"https:\/\/diarioparanaense.com\/index.php?rest_route=\/wp\/v2\/media\/3722"}],"wp:attachment":[{"href":"https:\/\/diarioparanaense.com\/index.php?rest_route=%2Fwp%2Fv2%2Fmedia&parent=3721"}],"wp:term":[{"taxonomy":"category","embeddable":true,"href":"https:\/\/diarioparanaense.com\/index.php?rest_route=%2Fwp%2Fv2%2Fcategories&post=3721"},{"taxonomy":"post_tag","embeddable":true,"href":"https:\/\/diarioparanaense.com\/index.php?rest_route=%2Fwp%2Fv2%2Ftags&post=3721"}],"curies":[{"name":"wp","href":"https:\/\/api.w.org\/{rel}","templated":true}]}}