{"id":3718,"date":"2024-11-19T11:10:52","date_gmt":"2024-11-19T14:10:52","guid":{"rendered":"https:\/\/diarioparanaense.com\/?p=3718"},"modified":"2024-11-19T11:10:53","modified_gmt":"2024-11-19T14:10:53","slug":"premiado-musical-a-cor-purpura-chega-a-curitiba-para-apresentacoes-exclusivas-no-teatro-positivo","status":"publish","type":"post","link":"https:\/\/diarioparanaense.com\/?p=3718","title":{"rendered":"Premiado musical \u201cA Cor P\u00farpura\u201d chega a Curitiba para apresenta\u00e7\u00f5es exclusivas no Teatro Positivo"},"content":{"rendered":"\n<p class=\"has-medium-font-size\"><em>Destacando temas de resili\u00eancia, supera\u00e7\u00e3o, autodescoberta e empoderamento feminino, o premiado musical que \u00e9 sucesso no Brasil h\u00e1 cinco anos, chega \u00e0 Curitiba pela segunda vez.<\/em><\/p>\n\n\n\n<p><strong>\u201cA Cor P\u00farpura, o musical\u201d<\/strong>, apresentado pelo <strong>Minist\u00e9rio da Cultura e pela Bradesco Seguros<\/strong>, volta aos palcos trazendo consigo a profundidade emocional e a poderosa narrativa que conquistou plateias ao redor do mundo. Com texto de Marsha Norman e m\u00fasicas de Brenda Russell, Allee Willis e Stephen Bray, a superprodu\u00e7\u00e3o, baseada no romance hom\u00f4nimo de Alice Walker, que tamb\u00e9m foi adaptado para o cinema em 1985 por Steven Spielberg, \u00e9 produzida pela <strong>Estamos Aqui Produ\u00e7\u00f5es<\/strong>, tem vers\u00e3o brasileira de <strong>Artur Xex\u00e9o<\/strong>, e dire\u00e7\u00e3o de <strong>Tadeu Aguiar<\/strong>. O espet\u00e1culo, que esteve em Curitiba em 2022, retorna ap\u00f3s dois anos para tr\u00eas apresenta\u00e7\u00f5es exclusivas no <strong>Teatro Positivo<\/strong>, nos dias <strong>20 e 21 de novembro<\/strong>.<\/p>\n\n\n\n<p>Acumulando elogios de p\u00fablico e cr\u00edtica desde sua grande estreia em setembro de 2019, al\u00e9m de somar mais de 100 pr\u00eamios, indica\u00e7\u00f5es e honrarias, tornando-se o musical mais reconhecido do pa\u00eds, &#8220;A Cor P\u00farpura&#8221; retorna aos palcos ap\u00f3s bem-sucedidas temporadas anteriores &#8211; quatro no Rio de Janeiro e quatro em S\u00e3o Paulo e com algumas novidades no elenco. Estrelado por <strong>Suzana Santana <\/strong>no papel de Celie, <strong>Lola Borges<\/strong> como Nettie,<strong> Flavia Santana <\/strong>como Shug e <strong>Wladimir Pinheiro<\/strong> como Mister, eles se unem a outros personagens complexos e cativantes vividos por <strong>Leandro Vieira, Erika Affonso, Samuel Conz\u00e9, Maju Tatagiba, Claudia Noemi, Hannah Lima, Vall Coutinho, Andr\u00e9 Sigom, Cesar Rocafi, Renato Caetano, Leonardo de Ara\u00fajo, Rodrigo Fernando e Chelle<\/strong>.<\/p>\n\n\n\n<p>Reunindo vozes e talentos que prometem tocar antigos e novos cora\u00e7\u00f5es, inspirando profundas reflex\u00f5es, a produ\u00e7\u00e3o se destaca n\u00e3o apenas pela hist\u00f3ria comovente, ao narrar a trajet\u00f3ria de Celie, uma mulher negra que enfrenta adversidades e desafios no sul dos Estados Unidos durante a primeira metade do s\u00e9culo XX, mas tamb\u00e9m pela trilha sonora exuberante que mistura gospel, jazz, ragtime e blues, capturando a ess\u00eancia da \u00e9poca e da jornada da personagem. A narrativa aborda quest\u00f5es sociais atemporais como desigualdade, racismo, machismo e viol\u00eancia contra a mulher.<\/p>\n\n\n\n<p>Com produ\u00e7\u00e3o geral de <strong>Eduardo Bakr<\/strong>, o espet\u00e1culo, que teve a dire\u00e7\u00e3o musical assinada por Tony Lucchesi na primeira temporada, conta desde 2022, com a batuta de <strong>Thalyson Rodrigues<\/strong>. As coreografias s\u00e3o de <strong>Sueli Guerra<\/strong>, a cenografia de<strong> Nat\u00e1lia Lana<\/strong>, os figurinos de <strong>Ney Madeira<\/strong> e <strong>Dani Vidal<\/strong>, o desenho de luz de <strong>Rog\u00e9rio Wiltgen<\/strong> e o desenho de som de <strong>Gabriel D\u2019Angelo<\/strong>.<\/p>\n\n\n\n<p>Em cartaz h\u00e1 cinco anos, a longevidade do espet\u00e1culo \u00e9 um testemunho de seu impacto duradouro e da relev\u00e2ncia de suas mensagens. Cada apresenta\u00e7\u00e3o promove uma celebra\u00e7\u00e3o da for\u00e7a humana e da capacidade de supera\u00e7\u00e3o diante das adversidades, provando que &#8220;A Cor P\u00farpura&#8221; continua a ser uma pe\u00e7a fundamental no teatro musical contempor\u00e2neo, inspirando novas gera\u00e7\u00f5es e relembrando a todos a import\u00e2ncia da luta por amor e dignidade.<\/p>\n\n\n\n<p><strong>SOBRE A OBRA<\/strong><\/p>\n\n\n\n<p>\u201cA Cor P\u00farpura\u201d \u00e9 uma obra marcante, originalmente um romance escrito por Alice Walker, publicado em 1982, que conta a hist\u00f3ria de Celie, uma jovem afro-americana que enfrenta abusos e racismo no sul dos Estados Unidos no in\u00edcio do s\u00e9culo 20. O livro foi premiado com o Pulitzer de Fic\u00e7\u00e3o e adaptado para o cinema pela primeira vez em 1985, em um filme dirigido por Steven Spielberg, estrelado por Whoopi Goldberg, Oprah Winfrey e Danny Glover. Essa vers\u00e3o foi amplamente aclamada e recebeu 11 indica\u00e7\u00f5es ao Oscar.<\/p>\n\n\n\n<p>Em 2005, a hist\u00f3ria ganhou vida nos palcos da Broadway como um musical, com m\u00fasicas de Brenda Russell, Allee Willis e Stephen Bray. O espet\u00e1culo foi um sucesso, sendo indicado a 11 pr\u00eamios Tony. Em 2015, uma nova montagem do musical foi lan\u00e7ada, dessa vez com Cynthia Erivo como Celie, recebendo aclama\u00e7\u00e3o cr\u00edtica e pr\u00eamios, incluindo o Tony de Melhor Revival de um Musical.<\/p>\n\n\n\n<p>Em 2023, a obra voltou aos cinemas em um novo filme musical, dirigido por Blitz Bazawule e produzido por Oprah Winfrey e Steven Spielberg. O filme trouxe uma nova perspectiva para o p\u00fablico ao adaptar o musical da Broadway, destacando a for\u00e7a da jornada de Celie, interpretada por Fantasia Barrino, atrav\u00e9s de suas m\u00fasicas e performances emocionantes.<\/p>\n\n\n\n<p><strong>Ficha T\u00e9cnica:&nbsp;<\/strong><\/p>\n\n\n\n<p>Texto: <strong>Marsha Norman<\/strong><\/p>\n\n\n\n<p>M\u00fasicas: <strong>Brenda Russell, Allee Willis e Stephen Bray<\/strong><\/p>\n\n\n\n<p>Vers\u00e3o Brasileira:&nbsp; <strong>Artur Xex\u00e9o<\/strong><\/p>\n\n\n\n<p>Dire\u00e7\u00e3o Geral: <strong>Tadeu Aguiar<\/strong><\/p>\n\n\n\n<p>Dire\u00e7\u00e3o Musical da primeira temporada: Tony Lucchesi&nbsp;<\/p>\n\n\n\n<p>Dire\u00e7\u00e3o Musical temporada 2022, 2023 e 2024&nbsp; &#8211; <strong>Thalyson Rodrigues<\/strong><\/p>\n\n\n\n<p>Elenco: <strong>Suzana Santana, Wladimir Pinheiro, Flavia Santana, Erika Affonso, Leandro Vieira, Samuel Conz\u00e9, Maju Tatagiba, Lola Borges, Claudia Noemi, Hannah Lima, Vall Coutinho, Andr\u00e9 Sigom, Cesar Rocafi, Renato Caetano , Leonardo de Ara\u00fajo, Rodrigo Fernando e Chelle&nbsp;<\/strong><\/p>\n\n\n\n<p>Assist\u00eancia de dire\u00e7\u00e3o: <strong>Fl\u00e1via Rinaldi<\/strong><\/p>\n\n\n\n<p>Produ\u00e7\u00e3o de elenco: <strong>Marcela Altberg<\/strong><\/p>\n\n\n\n<p>Cen\u00e1rio: <strong>Nat\u00e1lia Lana<\/strong><\/p>\n\n\n\n<p>Figurino: <strong>Ney Madeira e Dani Vidal<\/strong><\/p>\n\n\n\n<p>Desenho de luz: <strong>Rog\u00e9rio Wiltgen<\/strong><\/p>\n\n\n\n<p>Desenho de som: <strong>Gabriel D\u2019Angelo<\/strong>&nbsp;<\/p>\n\n\n\n<p>Coreografia: <strong>Sueli Guerra<\/strong><\/p>\n\n\n\n<p>Assist\u00eancia de cenografia: <strong>Gisele Batalha<\/strong><\/p>\n\n\n\n<p>Assist\u00eancia de Coreografia: <strong>Ol\u00edvia Vivone<\/strong><\/p>\n\n\n\n<p>M\u00eddias sociais: <strong>Rafael Nogueira<\/strong><\/p>\n\n\n\n<p>Designer gr\u00e1fico: <strong>Alexandre Furtado<\/strong><\/p>\n\n\n\n<p>Produ\u00e7\u00e3o executiva: <strong>Edgard Jord\u00e3o<\/strong><\/p>\n\n\n\n<p>Coordena\u00e7\u00e3o de produ\u00e7\u00e3o: <strong>Norma Thir\u00e9<\/strong><\/p>\n\n\n\n<p>Produ\u00e7\u00e3o Geral: <strong>Eduardo Bakr<\/strong><\/p>\n\n\n\n<p>Assessoria de Imprensa: <strong>GPress Comunica\u00e7\u00e3o <\/strong><em>por <\/em><strong>Grazy Pisacane<\/strong><\/p>\n\n\n\n<p><strong>SERVI\u00c7O:&nbsp;<\/strong><\/p>\n\n\n\n<p><strong>CURITIBA<\/strong><\/p>\n\n\n\n<p><strong>Local: <\/strong>Teatro Positivo, Curitiba<br>Pedro Viriato Parigot de Souza 5300 Curitiba PR<\/p>\n\n\n\n<p><strong>Apresenta\u00e7\u00f5es:<\/strong> 20 e 21 de novembro<br>Quarta \u00e0s 16h e 20h | Quinta \u00e0s 20h<br><strong>Valores:<\/strong> R$20&nbsp; a R$250 <em>&#8211; Consultar setores e condi\u00e7\u00f5es.<\/em><em><br><\/em><strong>Vendas:<\/strong> <a href=\"https:\/\/www.diskingressos.com.br\/evento\/8127\/20-11-2024\/pr\/curitiba\/a-cor-purpura-o-musical\">https:\/\/www.diskingressos.com.br\/evento\/8127\/20-11-2024\/pr\/curitiba\/a-cor-purpura-o-musical<\/a><\/p>\n\n\n\n<p><strong>Classifica\u00e7\u00e3o et\u00e1ria: <\/strong>12 anos<\/p>\n\n\n\n<p><strong>Dura\u00e7\u00e3o do espet\u00e1culo:<\/strong> 165 minutos<\/p>\n\n\n\n<p><strong>Sobre o Circuito Cultural Bradesco Seguros<\/strong><\/p>\n\n\n\n<p>Manter uma pol\u00edtica de incentivo \u00e0 cultura faz parte do compromisso do Grupo Bradesco Seguros considerando a cultura como ativo para o desenvolvimento dos capitais do conhecimento e do conv\u00edvio social. Nesse sentido, o Circuito Cultural Bradesco Seguros se orgulha de ter patrocinado e apoiado, nos \u00faltimos anos, em diversas regi\u00f5es do Brasil, projetos nas \u00e1reas de m\u00fasica, dan\u00e7a, artes pl\u00e1sticas, teatro, literatura e exposi\u00e7\u00f5es, al\u00e9m de outras manifesta\u00e7\u00f5es art\u00edsticas.&nbsp;<\/p>\n\n\n\n<p>Dentre as atra\u00e7\u00f5es incentivadas destacam-se os musicais \u201cBibi \u2013 Uma vida em musical\u201d, \u201cBem Sertanejo\u201d, \u201cLes Mis\u00e9rables\u201d, \u201c70 \u2013 D\u00e9cada do Divino Maravilhoso\u201d, \u201cCinderella\u201d, \u201cO Fantasma da \u00d3pera\u201d, \u201cA Cor P\u00farpura\u201d e \u201cConserto para Dois\u201d, al\u00e9m da \u201cS\u00e9rie Dell&#8217;Arte Concertos Internacionais\u201d e a exposi\u00e7\u00e3o \u201cMickey 90 Anos\u201d.<\/p>\n","protected":false},"excerpt":{"rendered":"<p>Destacando temas de resili\u00eancia, supera\u00e7\u00e3o, autodescoberta e empoderamento feminino, o premiado musical que \u00e9 sucesso no Brasil h\u00e1 cinco anos, chega \u00e0 Curitiba pela segunda vez. \u201cA Cor P\u00farpura, o musical\u201d, apresentado pelo Minist\u00e9rio da Cultura e pela Bradesco Seguros, volta aos palcos trazendo consigo a profundidade emocional e a poderosa narrativa que conquistou plateias [&hellip;]<\/p>\n","protected":false},"author":1,"featured_media":3719,"comment_status":"open","ping_status":"open","sticky":false,"template":"","format":"standard","meta":{"footnotes":""},"categories":[431,186],"tags":[],"class_list":["post-3718","post","type-post","status-publish","format-standard","has-post-thumbnail","hentry","category-cultura","category-eventos"],"_links":{"self":[{"href":"https:\/\/diarioparanaense.com\/index.php?rest_route=\/wp\/v2\/posts\/3718","targetHints":{"allow":["GET"]}}],"collection":[{"href":"https:\/\/diarioparanaense.com\/index.php?rest_route=\/wp\/v2\/posts"}],"about":[{"href":"https:\/\/diarioparanaense.com\/index.php?rest_route=\/wp\/v2\/types\/post"}],"author":[{"embeddable":true,"href":"https:\/\/diarioparanaense.com\/index.php?rest_route=\/wp\/v2\/users\/1"}],"replies":[{"embeddable":true,"href":"https:\/\/diarioparanaense.com\/index.php?rest_route=%2Fwp%2Fv2%2Fcomments&post=3718"}],"version-history":[{"count":1,"href":"https:\/\/diarioparanaense.com\/index.php?rest_route=\/wp\/v2\/posts\/3718\/revisions"}],"predecessor-version":[{"id":3720,"href":"https:\/\/diarioparanaense.com\/index.php?rest_route=\/wp\/v2\/posts\/3718\/revisions\/3720"}],"wp:featuredmedia":[{"embeddable":true,"href":"https:\/\/diarioparanaense.com\/index.php?rest_route=\/wp\/v2\/media\/3719"}],"wp:attachment":[{"href":"https:\/\/diarioparanaense.com\/index.php?rest_route=%2Fwp%2Fv2%2Fmedia&parent=3718"}],"wp:term":[{"taxonomy":"category","embeddable":true,"href":"https:\/\/diarioparanaense.com\/index.php?rest_route=%2Fwp%2Fv2%2Fcategories&post=3718"},{"taxonomy":"post_tag","embeddable":true,"href":"https:\/\/diarioparanaense.com\/index.php?rest_route=%2Fwp%2Fv2%2Ftags&post=3718"}],"curies":[{"name":"wp","href":"https:\/\/api.w.org\/{rel}","templated":true}]}}