{"id":3715,"date":"2024-11-19T10:47:32","date_gmt":"2024-11-19T13:47:32","guid":{"rendered":"https:\/\/diarioparanaense.com\/?p=3715"},"modified":"2024-11-19T10:47:33","modified_gmt":"2024-11-19T13:47:33","slug":"calendario-de-advento-traz-chocolate-e-tarefas-divertidas-para-voce-realizar-ate-o-natal","status":"publish","type":"post","link":"https:\/\/diarioparanaense.com\/?p=3715","title":{"rendered":"Calend\u00e1rio de Advento traz chocolate e tarefas divertidas para voc\u00ea realizar at\u00e9 o Natal"},"content":{"rendered":"\n<p class=\"has-medium-font-size\">Tradi\u00e7\u00e3o alem\u00e3 inspira o presente, que ajuda o Projeto Dorcas a arrecadar fundos<\/p>\n\n\n\n<p>\u201cDar uma flor ao vizinho. Brincar de ca\u00e7a ao tesouro. Fazer um jantar \u00e0 luz de velas. Mandar um zap para um amigo com quem n\u00e3o fala faz tempo\u201d. Essas s\u00e3o algumas das tarefas que voc\u00ea ter\u00e1 at\u00e9 o Natal, de acordo com o Calend\u00e1rio de Advento do Projeto Dorcas. Nos 24 dias que antecedem a festa crist\u00e3, voc\u00ea abre uma janelinha toda manh\u00e3 e se depara com uma dica de como viver melhor esse per\u00edodo. Sem falar no chocolatinho que vem em cada data.<\/p>\n\n\n\n<p>A brincadeira tem origem na tradi\u00e7\u00e3o alem\u00e3 e todo ano ajuda o Projeto Dorcas a arrecadar fundos. Em 2024, as janelinhas que fazem a contagem regressiva at\u00e9 24 de dezembro. \u201cAl\u00e9m de diminuir a ansiedade das crian\u00e7as pela chegada do Natal, o calend\u00e1rio nos ensina a valorizar esse momento e ainda sugere boas a\u00e7\u00f5es\u201d, conta a diretora do Dorcas, Darcle Cunha.<\/p>\n\n\n\n<p>A tradi\u00e7\u00e3o \u00e9 original da Alemanha, mas se difundiu e conquista cada vez mais simpatizantes no Brasil. No Projeto Dorcas, cerca de 300 crian\u00e7as e adolescentes de Almirante Tamandar\u00e9, com idades entre 4 e 21 anos, s\u00e3o beneficiadas pela renda arrecadada com as vendas do calend\u00e1rio.<\/p>\n\n\n\n<p>O produto \u00e9 vendido como forma de difundir o esp\u00edrito do Natal entre as fam\u00edlias e tamb\u00e9m para ajudar a financiar o trabalho do Dorcas. O projeto recebe as crian\u00e7as de segunda a s\u00e1bado, durante o contraturno escolar, servindo quatro refei\u00e7\u00f5es di\u00e1rias, h\u00e1 28 anos.<\/p>\n\n\n\n<p>Dentro de cada janelinha, a crian\u00e7a encontra uma tarefa a ser cumprida no dia: fazer bolachas de Natal, assistir a um filme em fam\u00edlia, fazer uma boa a\u00e7\u00e3o e tudo o mais que pertence ao esp\u00edrito do Natal &#8211; mas que podemos cultivar o ano inteiro.<\/p>\n\n\n\n<p class=\"has-medium-font-size\">Saiba mais sobre o Advento<\/p>\n\n\n\n<p>No ano lit\u00fargico de muitas igrejas, o Advento \u00e9 o tempo de prepara\u00e7\u00e3o para o Natal. As quatro semanas que antecedem a data em que se celebra o nascimento de Jesus s\u00e3o oportunidades para aprofundar reflex\u00f5es, renovar esperan\u00e7as e abrir o cora\u00e7\u00e3o para acolher o Salvador.<\/p>\n\n\n\n<p><strong>Onde comprar<br><\/strong>CALEND\u00c1RIOS DE ADVENTO DO DORCAS<\/p>\n\n\n\n<p>\ud83c\udf81 <strong>COMPRE E GANHE!<\/strong><br>01 Calend\u00e1rio de Advento com Chocolate + Brinde Especial Dorcas.<\/p>\n\n\n\n<p>\ud83d\udcb5 <strong>Valor<\/strong>: R$ 50,00<\/p>\n\n\n\n<p><strong>\ud83d\udc49\ud83c\udffb FORMAS DE PAGAMENTO:<br><\/strong>\u2713 Banco Ita\u00fa (341)<br>AECRI | Associa\u00e7\u00e3o Evang\u00e9lica Cristo Redentor<br>Ag\u00eancia: 3721<br>Conta Corrente: 90.000-3<\/p>\n\n\n\n<p>\u2713 PIX: CNPJ 07.983.650\/0001-43<\/p>\n","protected":false},"excerpt":{"rendered":"<p>Tradi\u00e7\u00e3o alem\u00e3 inspira o presente, que ajuda o Projeto Dorcas a arrecadar fundos \u201cDar uma flor ao vizinho. Brincar de ca\u00e7a ao tesouro. Fazer um jantar \u00e0 luz de velas. Mandar um zap para um amigo com quem n\u00e3o fala faz tempo\u201d. Essas s\u00e3o algumas das tarefas que voc\u00ea ter\u00e1 at\u00e9 o Natal, de acordo [&hellip;]<\/p>\n","protected":false},"author":1,"featured_media":3716,"comment_status":"open","ping_status":"open","sticky":false,"template":"","format":"standard","meta":{"footnotes":""},"categories":[424,425,426,430],"tags":[],"class_list":["post-3715","post","type-post","status-publish","format-standard","has-post-thumbnail","hentry","category-curitiba","category-parana","category-servicos","category-sociedade"],"_links":{"self":[{"href":"https:\/\/diarioparanaense.com\/index.php?rest_route=\/wp\/v2\/posts\/3715","targetHints":{"allow":["GET"]}}],"collection":[{"href":"https:\/\/diarioparanaense.com\/index.php?rest_route=\/wp\/v2\/posts"}],"about":[{"href":"https:\/\/diarioparanaense.com\/index.php?rest_route=\/wp\/v2\/types\/post"}],"author":[{"embeddable":true,"href":"https:\/\/diarioparanaense.com\/index.php?rest_route=\/wp\/v2\/users\/1"}],"replies":[{"embeddable":true,"href":"https:\/\/diarioparanaense.com\/index.php?rest_route=%2Fwp%2Fv2%2Fcomments&post=3715"}],"version-history":[{"count":1,"href":"https:\/\/diarioparanaense.com\/index.php?rest_route=\/wp\/v2\/posts\/3715\/revisions"}],"predecessor-version":[{"id":3717,"href":"https:\/\/diarioparanaense.com\/index.php?rest_route=\/wp\/v2\/posts\/3715\/revisions\/3717"}],"wp:featuredmedia":[{"embeddable":true,"href":"https:\/\/diarioparanaense.com\/index.php?rest_route=\/wp\/v2\/media\/3716"}],"wp:attachment":[{"href":"https:\/\/diarioparanaense.com\/index.php?rest_route=%2Fwp%2Fv2%2Fmedia&parent=3715"}],"wp:term":[{"taxonomy":"category","embeddable":true,"href":"https:\/\/diarioparanaense.com\/index.php?rest_route=%2Fwp%2Fv2%2Fcategories&post=3715"},{"taxonomy":"post_tag","embeddable":true,"href":"https:\/\/diarioparanaense.com\/index.php?rest_route=%2Fwp%2Fv2%2Ftags&post=3715"}],"curies":[{"name":"wp","href":"https:\/\/api.w.org\/{rel}","templated":true}]}}