{"id":3707,"date":"2024-11-19T08:36:39","date_gmt":"2024-11-19T11:36:39","guid":{"rendered":"https:\/\/diarioparanaense.com\/?p=3707"},"modified":"2024-11-19T08:36:40","modified_gmt":"2024-11-19T11:36:40","slug":"massagem-contra-o-estresse-geracional","status":"publish","type":"post","link":"https:\/\/diarioparanaense.com\/?p=3707","title":{"rendered":"Massagem contra o estresse geracional"},"content":{"rendered":"\n<p class=\"has-medium-font-size\">Como a presen\u00e7a do contato f\u00edsico pode auxiliar em casos de depress\u00e3o e ansiedade de jovens nas novas gera\u00e7\u00f5es em per\u00edodos de grande estresse<\/p>\n\n\n\n<p>O final do ano \u00e9 um per\u00edodo que, para muitos, traz consigo uma carga emocional intensa. \u00c9 o momento de refletir sobre o que passou e projetar expectativas para o pr\u00f3ximo ciclo. Para a gera\u00e7\u00e3o mais jovem, apelidada por alguns como \u201cantissocial\u201d devido ao seu modo de vida digital e ao distanciamento f\u00edsico, essa \u00e9poca pode ser ainda mais desafiadora. Sentimentos de ansiedade, inseguranc\u0327a e depress\u00e3o costumam se acentuar, exigindo cuidados e estrat\u00e9gias de al\u00edvio. O massoterapeuta Fernando Fappi sugere a massagem como uma solu\u00e7\u00e3o natural e eficaz para amenizar esses sintomas, proporcionando n\u00e3o apenas relaxamento, mas tamb\u00e9m o contato humano necess\u00e1rio para o equil\u00edbrio emocional.<\/p>\n\n\n\n<p>Vivemos em uma era dominada pelas redes sociais, onde adolescentes e jovens adultos muitas vezes trocam intera\u00e7\u00f5es f\u00edsicas por conex\u00f5es digitais. Esse distanciamento priva essa faixa et\u00e1ria de est\u00edmulos f\u00edsicos importantes, como toques e abra\u00e7os, que t\u00eam o poder de liberar neurotransmissores essenciais para o bem-estar, como a dopamina e a serotonina. &#8220;O toque f\u00edsico est\u00e1 profundamente ligado ao nosso equil\u00edbrio mental. Quando os jovens perdem essa conex\u00e3o, os n\u00edveis de estresse e ansiedade podem disparar&#8221;, explica Fappi.<\/p>\n\n\n\n<p>A aus\u00eancia de intera\u00e7\u00e3o f\u00edsica somada \u00e0 press\u00e3o digital, que promove padr\u00f5es inating\u00edveis de felicidade e sucesso, tende a agravar quadros emocionais, especialmente durante as festas de fim de ano. Para Fernando, &#8220;nessa \u00e9poca, a compara\u00e7\u00e3o com os outros e a busca por uma imagem perfeita nas redes podem ser devastadoras para a autoestima dos jovens&#8221;. A massoterapia, portanto, aparece como um caminho para reduzir esses desconfortos.<\/p>\n\n\n\n<p><strong>Benef\u00edcios da Massagem para o Bem-Estar Emocional<\/strong><\/p>\n\n\n\n<p>Segundo Fappi, t\u00e9cnicas de massagem agem diretamente no sistema nervoso, ajudando a diminuir o cortisol, conhecido como o horm\u00f4nio do estresse, al\u00e9m de auxiliar na produ\u00e7\u00e3o de serotonina e noradrenalina, que s\u00e3o os horm\u00f4nios do prazer. &#8220;Incluir sess\u00f5es regulares na rotina pode reduzir os sintomas de ansiedade e depress\u00e3o, trazendo mais calma e seguran\u00e7a ao indiv\u00edduo ao reconect\u00e1-lo com seu pr\u00f3prio corpo&#8221;, comenta o especialista. Ele menciona a reflexologia como um exemplo eficaz, onde a estimula\u00e7\u00e3o de pontos estrat\u00e9gicos ajuda a eliminar toxinas e a aliviar as tens\u00f5es acumuladas.<\/p>\n\n\n\n<p>Outra t\u00e9cnica destacada pelo profissional \u00e9 a massagem com \u00f3leos essenciais. Elementos como a lavanda e a bergamota s\u00e3o conhecidos por seus efeitos calmantes e, quando combinados com o toque, criam um ambiente acolhedor e de profundo relaxamento<\/p>\n\n\n\n<p><strong>SERVI\u00c7O: Massoterapia<br>Fernando Fappi<br><\/strong>Massoterapeuta<br>(41) 98722-7593<br>@fappifernando<br>ffappi@hotmail.com<br>R Frei Henrique de Coimbra,\u00a01272\u00a0&#8211;\u00a0Hauer<\/p>\n","protected":false},"excerpt":{"rendered":"<p>Como a presen\u00e7a do contato f\u00edsico pode auxiliar em casos de depress\u00e3o e ansiedade de jovens nas novas gera\u00e7\u00f5es em per\u00edodos de grande estresse O final do ano \u00e9 um per\u00edodo que, para muitos, traz consigo uma carga emocional intensa. \u00c9 o momento de refletir sobre o que passou e projetar expectativas para o pr\u00f3ximo [&hellip;]<\/p>\n","protected":false},"author":1,"featured_media":3708,"comment_status":"open","ping_status":"open","sticky":false,"template":"","format":"standard","meta":{"footnotes":""},"categories":[29,164],"tags":[],"class_list":["post-3707","post","type-post","status-publish","format-standard","has-post-thumbnail","hentry","category-artigos","category-saude-2"],"_links":{"self":[{"href":"https:\/\/diarioparanaense.com\/index.php?rest_route=\/wp\/v2\/posts\/3707","targetHints":{"allow":["GET"]}}],"collection":[{"href":"https:\/\/diarioparanaense.com\/index.php?rest_route=\/wp\/v2\/posts"}],"about":[{"href":"https:\/\/diarioparanaense.com\/index.php?rest_route=\/wp\/v2\/types\/post"}],"author":[{"embeddable":true,"href":"https:\/\/diarioparanaense.com\/index.php?rest_route=\/wp\/v2\/users\/1"}],"replies":[{"embeddable":true,"href":"https:\/\/diarioparanaense.com\/index.php?rest_route=%2Fwp%2Fv2%2Fcomments&post=3707"}],"version-history":[{"count":1,"href":"https:\/\/diarioparanaense.com\/index.php?rest_route=\/wp\/v2\/posts\/3707\/revisions"}],"predecessor-version":[{"id":3709,"href":"https:\/\/diarioparanaense.com\/index.php?rest_route=\/wp\/v2\/posts\/3707\/revisions\/3709"}],"wp:featuredmedia":[{"embeddable":true,"href":"https:\/\/diarioparanaense.com\/index.php?rest_route=\/wp\/v2\/media\/3708"}],"wp:attachment":[{"href":"https:\/\/diarioparanaense.com\/index.php?rest_route=%2Fwp%2Fv2%2Fmedia&parent=3707"}],"wp:term":[{"taxonomy":"category","embeddable":true,"href":"https:\/\/diarioparanaense.com\/index.php?rest_route=%2Fwp%2Fv2%2Fcategories&post=3707"},{"taxonomy":"post_tag","embeddable":true,"href":"https:\/\/diarioparanaense.com\/index.php?rest_route=%2Fwp%2Fv2%2Ftags&post=3707"}],"curies":[{"name":"wp","href":"https:\/\/api.w.org\/{rel}","templated":true}]}}