{"id":3706,"date":"2024-11-19T08:38:02","date_gmt":"2024-11-19T11:38:02","guid":{"rendered":"https:\/\/diarioparanaense.com\/?p=3706"},"modified":"2024-11-19T08:38:03","modified_gmt":"2024-11-19T11:38:03","slug":"mulheres-que-transformam-e-inspiram","status":"publish","type":"post","link":"https:\/\/diarioparanaense.com\/?p=3706","title":{"rendered":"Mulheres que transformam e inspiram"},"content":{"rendered":"\n<p class=\"has-medium-font-size\">Andrezza Fusaro e o Poder do Empreendedorismo Feminino<\/p>\n\n\n\n<p>No instante exato em que toma uma x\u00edcara de caf\u00e9 na mesa de reuni\u00f5es, Andrezza Fusaro sorri. N\u00e3o \u00e9 apenas um sorriso, mas a express\u00e3o de quem j\u00e1 transformou desafios em imp\u00e9rios empresariais. Dentista por forma\u00e7\u00e3o, empreendedora por voca\u00e7\u00e3o, ela personifica a revolu\u00e7\u00e3o silenciosa das mulheres no mundo dos neg\u00f3cios.<\/p>\n\n\n\n<p>A trajet\u00f3ria de Andrezza Fusaro \u00e9 um cap\u00edtulo singular no empreendedorismo brasileiro. Dados do Sebrae confirmam sua excepcionalidade: as mulheres representam 34,2% dos empreendedores nacionais, com crescimento de 8,5% nos \u00faltimos dois anos. Ela n\u00e3o \u00e9 apenas uma estat\u00edstica, mas um caso emblem\u00e1tico de sucesso que desafia conven\u00e7\u00f5es tradicionais.<\/p>\n\n\n\n<p>Seu portf\u00f3lio empresarial \u00e9 um testemunho de versatilidade e vis\u00e3o estrat\u00e9gica. A Royal Face, l\u00edder nacional em harmoniza\u00e7\u00e3o facial, com mais de 270 cl\u00ednicas por todo Pa\u00eds e agora o Chef Verg\u00e9, uma marca gastron\u00f4mica tradicional de Curitiba, comp\u00f5em um imp\u00e9rio constru\u00eddo com determina\u00e7\u00e3o e intelig\u00eancia empresarial. &#8220;Cada neg\u00f3cio \u00e9 uma hist\u00f3ria. Meu objetivo \u00e9 transformar hist\u00f3rias em experi\u00eancias memor\u00e1veis&#8221;, declara a empres\u00e1ria.<\/p>\n\n\n\n<p>A aquisi\u00e7\u00e3o do Chef Verg\u00e9 marca um novo cap\u00edtulo em sua trajet\u00f3ria empreendedora. Com planos ambiciosos de expans\u00e3o nacional, Andrezza pretende levar a marca querida pelos curitibanos para todo o Brasil. A nova jornada iniciou recentemente pelo ParkShoppingBarig\u00fci, que j\u00e1 est\u00e1 a todo vapor. A estrat\u00e9gia n\u00e3o \u00e9 casual: segundo a Associa\u00e7\u00e3o Brasileira de Franchising (ABF), o setor de alimenta\u00e7\u00e3o lidera o ranking de crescimento em franquias, um mercado avaliado em mais de R$ 190 bilh\u00f5es em 2024.<\/p>\n\n\n\n<p>Mais do que n\u00fameros e conquistas empresariais, Andrezza se destaca pela capacidade de inovar com impacto social. O Carn\u00ea da Beleza com a Ucred \u00e9 um projeto pioneiro desenvolvido pela empres\u00e1ria que vai al\u00e9m do conceito tradicional de neg\u00f3cio. Trata-se de uma ferramenta de democratiza\u00e7\u00e3o do acesso a procedimentos est\u00e9ticos, quebrando barreiras sociais e econ\u00f4micas que historicamente limitaram o acesso de mulheres a determinados servi\u00e7os.<\/p>\n\n\n\n<p>Com isso, Andrezza comprova que lideran\u00e7a n\u00e3o tem g\u00eanero, tem prop\u00f3sito. Sua trajet\u00f3ria \u00e9 um manifesto vivo contra os limites impostos tradicionalmente ao empreendedorismo feminino.<\/p>\n\n\n\n<p>O perfil empresarial de Andrezza Fusaro \u00e9 um mosaico de realiza\u00e7\u00f5es. Ela reuniu sua expertise t\u00e9cnica em um ecossistema de neg\u00f3cios que ultrapassa fronteiras setoriais. \u00c0 frente da Royal Face e Chef Verg\u00e9, ela se consolida como refer\u00eancia nacional em empreendedorismo feminino.<\/p>\n\n\n\n<p>Andrezza Fusaro representa mais que uma empres\u00e1ria de sucesso. \u00c9 um s\u00edmbolo de resili\u00eancia, inova\u00e7\u00e3o e transforma\u00e7\u00e3o. Sua trajet\u00f3ria demonstra que o verdadeiro empreendedorismo transcende n\u00fameros: \u00e9 sobre impactar vidas, quebrar paradigmas e inspirar<\/p>\n\n\n\n<p>Servi\u00e7o<br>Andrezza Fusaro \u2013 Propriet\u00e1ria Chef Verg\u00e9<br>(11) 97757-1665<br>Redes Sociais: @chefverge<br><a href=\"http:\/\/www.chefverge.com.br\">www.chefverge.com.br<\/a><\/p>\n","protected":false},"excerpt":{"rendered":"<p>Andrezza Fusaro e o Poder do Empreendedorismo Feminino No instante exato em que toma uma x\u00edcara de caf\u00e9 na mesa de reuni\u00f5es, Andrezza Fusaro sorri. N\u00e3o \u00e9 apenas um sorriso, mas a express\u00e3o de quem j\u00e1 transformou desafios em imp\u00e9rios empresariais. Dentista por forma\u00e7\u00e3o, empreendedora por voca\u00e7\u00e3o, ela personifica a revolu\u00e7\u00e3o silenciosa das mulheres no [&hellip;]<\/p>\n","protected":false},"author":1,"featured_media":3710,"comment_status":"open","ping_status":"open","sticky":false,"template":"","format":"standard","meta":{"footnotes":""},"categories":[29,324],"tags":[],"class_list":["post-3706","post","type-post","status-publish","format-standard","has-post-thumbnail","hentry","category-artigos","category-negocios"],"_links":{"self":[{"href":"https:\/\/diarioparanaense.com\/index.php?rest_route=\/wp\/v2\/posts\/3706","targetHints":{"allow":["GET"]}}],"collection":[{"href":"https:\/\/diarioparanaense.com\/index.php?rest_route=\/wp\/v2\/posts"}],"about":[{"href":"https:\/\/diarioparanaense.com\/index.php?rest_route=\/wp\/v2\/types\/post"}],"author":[{"embeddable":true,"href":"https:\/\/diarioparanaense.com\/index.php?rest_route=\/wp\/v2\/users\/1"}],"replies":[{"embeddable":true,"href":"https:\/\/diarioparanaense.com\/index.php?rest_route=%2Fwp%2Fv2%2Fcomments&post=3706"}],"version-history":[{"count":1,"href":"https:\/\/diarioparanaense.com\/index.php?rest_route=\/wp\/v2\/posts\/3706\/revisions"}],"predecessor-version":[{"id":3711,"href":"https:\/\/diarioparanaense.com\/index.php?rest_route=\/wp\/v2\/posts\/3706\/revisions\/3711"}],"wp:featuredmedia":[{"embeddable":true,"href":"https:\/\/diarioparanaense.com\/index.php?rest_route=\/wp\/v2\/media\/3710"}],"wp:attachment":[{"href":"https:\/\/diarioparanaense.com\/index.php?rest_route=%2Fwp%2Fv2%2Fmedia&parent=3706"}],"wp:term":[{"taxonomy":"category","embeddable":true,"href":"https:\/\/diarioparanaense.com\/index.php?rest_route=%2Fwp%2Fv2%2Fcategories&post=3706"},{"taxonomy":"post_tag","embeddable":true,"href":"https:\/\/diarioparanaense.com\/index.php?rest_route=%2Fwp%2Fv2%2Ftags&post=3706"}],"curies":[{"name":"wp","href":"https:\/\/api.w.org\/{rel}","templated":true}]}}